{"id":2458,"date":"2023-11-13T17:18:48","date_gmt":"2023-11-13T20:18:48","guid":{"rendered":"https:\/\/mainhardt.com.br\/contabilidade\/?p=2458"},"modified":"2023-11-13T17:18:48","modified_gmt":"2023-11-13T20:18:48","slug":"acessos-aos-servicos-da-receita-federal-mudam-a-partir-de-novembro","status":"publish","type":"post","link":"https:\/\/mainhardt.com.br\/contabilidade\/acessos-aos-servicos-da-receita-federal-mudam-a-partir-de-novembro\/","title":{"rendered":"Acessos aos servi\u00e7os da Receita Federal mudam a partir de novembro"},"content":{"rendered":"\n<p>Mudan\u00e7as nos acessos acontecer\u00e3o em tr\u00eas etapas at\u00e9 o final de janeiro do pr\u00f3ximo ano.<\/p>\n\n\n\n<p>A Receita Federal anunciou no dia 31\/10\/2023, que vai aumentar a seguran\u00e7a de dados e informa\u00e7\u00f5es dos contribuintes a partir de 1\u00ba de novembro. Nesta data, o \u00f3rg\u00e3o vai come\u00e7ar a limitar o uso de c\u00f3digo de acesso e senha para servi\u00e7os digitais dispon\u00edveis no Centro de Atendimento Virtual (Portal e-Cac). Os servi\u00e7os passar\u00e3o a ser acessados exclusivamente pelo gov.br e ser\u00e1 necess\u00e1rio ter conta prata ou ouro para fazer o login.<\/p>\n\n\n\n<p>A medida atende \u00e0s determina\u00e7\u00f5es da Lei n\u00ba 14.063\/2020, que disp\u00f5e sobre aceita\u00e7\u00e3o e utiliza\u00e7\u00e3o de assinaturas eletr\u00f4nicas, estabelecendo requisitos que conferem mais efetividade e seguran\u00e7a nas intera\u00e7\u00f5es com servi\u00e7os p\u00fablicos.<\/p>\n\n\n\n<h2 class=\"wp-block-heading\"><strong>Contas prata e ouro<\/strong><\/h2>\n\n\n\n<p>Para conseguir uma Conta Prata, o cidad\u00e3o tem que fazer reconhecimento facial para confer\u00eancia de sua foto com a da Carteira Nacional de Habilita\u00e7\u00e3o (CNH). Tamb\u00e9m \u00e9 poss\u00edvel ter uma conta desse n\u00edvel a partir da valida\u00e7\u00e3o dos dados em um banco credenciado pela Plataforma gov.br.<\/p>\n\n\n\n<p>J\u00e1 a Conta Ouro \u00e9 aquela com n\u00edvel m\u00e1ximo de seguran\u00e7a, dando acesso a qualquer servi\u00e7o p\u00fablico digital e pode ser acessado com certificado digital ICP-Brasil. Tamb\u00e9m \u00e9 poss\u00edvel fazer o reconhecimento facial com base nos dados da Justi\u00e7a Eleitoral ou pelo QR Code da Carteira de Identidade Nacional (CIN).<\/p>\n\n\n\n<h2 class=\"wp-block-heading\"><strong>Restri\u00e7\u00e3o de servi\u00e7os<\/strong><\/h2>\n\n\n\n<p>A restri\u00e7\u00e3o implantada pela Receita ocorrer\u00e1 em tr\u00eas etapas at\u00e9 o final de janeiro de 2024. Em novembro, os servi\u00e7os abrangidos s\u00e3o os que constam da lista abaixo.<\/p>\n\n\n\n<p>Etapa 1 \u2013 Novembro de 2023<\/p>\n\n\n\n<ul class=\"wp-block-list\">\n<li>Acessar Carn\u00ea-Le\u00e3o;<\/li>\n\n\n\n<li>Acessar o Sero \u2013 Servi\u00e7o Eletr\u00f4nico para Aferi\u00e7\u00e3o de Obras;<\/li>\n\n\n\n<li>Acompanhamento de Requerimentos \u00e0 Procuradoria-Geral da Fazenda Nacional (PGFN);<\/li>\n\n\n\n<li>Agendamento de Atendimento Presencial<\/li>\n\n\n\n<li>Altera\u00e7\u00e3o de Dados Banc\u00e1rios para Restitui\u00e7\u00e3o;<\/li>\n\n\n\n<li>Autorizar Compartilhamento de Dados;<\/li>\n\n\n\n<li>Autorizar e Desativar D\u00e9bito Autom\u00e1tico;<\/li>\n\n\n\n<li>Cadastrar o Valor da Terra Nua (VTN) dos Munic\u00edpios;<\/li>\n\n\n\n<li>Cadastro de Dispositivos M\u00f3veis;<\/li>\n\n\n\n<li>Cadastro, Consulta e Cancelamento \u2013 Procura\u00e7\u00e3o;<\/li>\n\n\n\n<li>Comprovante de Inscri\u00e7\u00e3o no CPF;<\/li>\n\n\n\n<li>Consultar regularidade do profissional cont\u00e1bil;<\/li>\n\n\n\n<li>C\u00f3pia de Declara\u00e7\u00e3o;<\/li>\n\n\n\n<li>D\u00e9bitos Inscritos em D\u00edvida Ativa da Uni\u00e3o;<\/li>\n\n\n\n<li>e-assinaRFB \u2013 Validar e Assinar Documentos Digitais;<\/li>\n\n\n\n<li>Inscrever, Alterar, Consultar, Paralisar e Reativa\u00e7\u00e3o de obras;<\/li>\n\n\n\n<li>Inscri\u00e7\u00e3o, Altera\u00e7\u00e3o e Consulta de Atividade Econ\u00f4mica;<\/li>\n\n\n\n<li>Notifica\u00e7\u00f5es e Autos relativos \u00e0 Entrega de Declara\u00e7\u00e3o;<\/li>\n\n\n\n<li>Notifica\u00e7\u00f5es em Auditoria de Compensa\u00e7\u00e3o em GFIP;<\/li>\n\n\n\n<li>Obriga\u00e7\u00e3o Acess\u00f3ria \u2013 Formul\u00e1rios online e Arquivo de Dados;<\/li>\n\n\n\n<li>Op\u00e7\u00e3o de Impress\u00e3o da DIRPF Exclusivamente no e-CAC;<\/li>\n\n\n\n<li>Retifica\u00e7\u00e3o de Pagamento \u2013 Redarf.<\/li>\n<\/ul>\n\n\n\n<h2 class=\"wp-block-heading\"><strong>Outras etapas<\/strong><\/h2>\n\n\n\n<p>Em dezembro, ser\u00e3o inclu\u00eddos os seguintes servi\u00e7os:<\/p>\n\n\n\n<p>Altera\u00e7\u00e3o de Dados Cadastrais;<\/p>\n\n\n\n<ul class=\"wp-block-list\">\n<li>Consulta de Situa\u00e7\u00e3o Fiscal;<\/li>\n\n\n\n<li>Consulta de Processos Administrativos;<\/li>\n\n\n\n<li>Declara\u00e7\u00e3o de Imposto de Renda;<\/li>\n\n\n\n<li>Declara\u00e7\u00e3o de Substitui\u00e7\u00e3o Tribut\u00e1ria;<\/li>\n\n\n\n<li>Emiss\u00e3o de Guias de Recolhimento;<\/li>\n\n\n\n<li>Emiss\u00e3o de Recibos de Pagamento;<\/li>\n\n\n\n<li>Emiss\u00e3o de Relat\u00f3rios;<\/li>\n\n\n\n<li>Extrato de Contas;<\/li>\n\n\n\n<li>Imposto de Renda Retido na Fonte;<\/li>\n\n\n\n<li>Restitui\u00e7\u00e3o de Imposto de Renda;<\/li>\n\n\n\n<li>Sindic\u00e2ncias e Inspe\u00e7\u00f5es;<\/li>\n\n\n\n<li>Solicita\u00e7\u00e3o de Certid\u00f5es;<\/li>\n<\/ul>\n\n\n\n<p>Em janeiro de 2024, ser\u00e3o inclu\u00eddos os seguintes servi\u00e7os:<\/p>\n\n\n\n<ul class=\"wp-block-list\">\n<li>Autentica\u00e7\u00e3o de Documentos Eletr\u00f4nicos;<\/li>\n\n\n\n<li>Cancelamento de Declara\u00e7\u00e3o de Imposto de Renda;<\/li>\n\n\n\n<li>Consulta de Restitui\u00e7\u00e3o de Imposto de Renda;<\/li>\n\n\n\n<li>Parcelamento de D\u00e9bitos;<\/li>\n\n\n\n<li>Perd\u00e3o de D\u00e9bitos;<\/li>\n\n\n\n<li>Pedido de Isen\u00e7\u00e3o de Imposto de Renda;<\/li>\n\n\n\n<li>Restitui\u00e7\u00e3o de Imposto de Renda de Pessoa Jur\u00eddica;<\/li>\n\n\n\n<li>Sindic\u00e2ncias e Inspe\u00e7\u00f5es;<\/li>\n\n\n\n<li>Solicita\u00e7\u00e3o de Certid\u00f5es.<\/li>\n<\/ul>\n\n\n\n<p>Cidad\u00e3os que, por algum motivo, n\u00e3o puderem elevar o n\u00edvel de confiabilidade da conta poder\u00e3o solicitar o cadastramento de uma procura\u00e7\u00e3o digital para que um representante legal possa acessar os servi\u00e7os em seu nome.<\/p>\n\n\n\n<p>A medida \u00e9 um importante passo para aumentar a seguran\u00e7a dos dados dos contribuintes. A exig\u00eancia de contas prata ou ouro dificultar\u00e1 o acesso fraudulento a esses dados, que podem ser usados para fins il\u00edcitos, como a pr\u00e1tica de crimes financeiros ou a obten\u00e7\u00e3o de cr\u00e9ditos ou benef\u00edcios indevidos.<\/p>\n\n\n\n<p>Al\u00e9m disso, \u00e9 um avan\u00e7o na moderniza\u00e7\u00e3o dos servi\u00e7os p\u00fablicos digitais, pois exige que os contribuintes tenham uma conta no gov.br, que \u00e9 uma plataforma segura e confi\u00e1vel.<\/p>\n","protected":false},"excerpt":{"rendered":"<p>Mudan\u00e7as nos acessos acontecer\u00e3o em tr\u00eas etapas at\u00e9 o final de janeiro do pr\u00f3ximo ano. A Receita Federal anunciou no dia 31\/10\/2023, que vai aumentar a seguran\u00e7a de dados e informa\u00e7\u00f5es dos contribuintes a partir de 1\u00ba de novembro. Nesta data, o \u00f3rg\u00e3o vai come\u00e7ar a limitar o uso de c\u00f3digo de acesso e senha [&hellip;]<\/p>\n","protected":false},"author":4,"featured_media":2459,"comment_status":"open","ping_status":"open","sticky":false,"template":"","format":"standard","meta":{"footnotes":""},"categories":[1,42],"tags":[47,48,49],"class_list":["post-2458","post","type-post","status-publish","format-standard","has-post-thumbnail","hentry","category-noticias","category-blog","tag-receita-federal","tag-gov-br","tag-aceso-a-receita-federal"],"yoast_head":"<!-- This site is optimized with the Yoast SEO plugin v19.6.1 - https:\/\/yoast.com\/wordpress\/plugins\/seo\/ -->\n<title>Acessos aos servi\u00e7os da Receita Federal mudam a partir de novembro - Mainhardt Contabilidade<\/title>\n<meta name=\"robots\" content=\"index, follow, max-snippet:-1, max-image-preview:large, max-video-preview:-1\" \/>\n<link rel=\"canonical\" href=\"https:\/\/mainhardt.com.br\/contabilidade\/acessos-aos-servicos-da-receita-federal-mudam-a-partir-de-novembro\/\" \/>\n<meta property=\"og:locale\" content=\"pt_BR\" \/>\n<meta property=\"og:type\" content=\"article\" \/>\n<meta property=\"og:title\" content=\"Acessos aos servi\u00e7os da Receita Federal mudam a partir de novembro - Mainhardt Contabilidade\" \/>\n<meta property=\"og:description\" content=\"Mudan\u00e7as nos acessos acontecer\u00e3o em tr\u00eas etapas at\u00e9 o final de janeiro do pr\u00f3ximo ano. A Receita Federal anunciou no dia 31\/10\/2023, que vai aumentar a seguran\u00e7a de dados e informa\u00e7\u00f5es dos contribuintes a partir de 1\u00ba de novembro. Nesta data, o \u00f3rg\u00e3o vai come\u00e7ar a limitar o uso de c\u00f3digo de acesso e senha [&hellip;]\" \/>\n<meta property=\"og:url\" content=\"https:\/\/mainhardt.com.br\/contabilidade\/acessos-aos-servicos-da-receita-federal-mudam-a-partir-de-novembro\/\" \/>\n<meta property=\"og:site_name\" content=\"Mainhardt Contabilidade\" \/>\n<meta property=\"article:published_time\" content=\"2023-11-13T20:18:48+00:00\" \/>\n<meta property=\"og:image\" content=\"http:\/\/mainhardt.com.br\/contabilidade\/wp-content\/uploads\/2023\/11\/blog_receita.jpg\" \/>\n\t<meta property=\"og:image:width\" content=\"1080\" \/>\n\t<meta property=\"og:image:height\" content=\"1080\" \/>\n\t<meta property=\"og:image:type\" content=\"image\/jpeg\" \/>\n<meta name=\"author\" content=\"Mainhardt\" \/>\n<meta name=\"twitter:card\" content=\"summary_large_image\" \/>\n<meta name=\"twitter:label1\" content=\"Escrito por\" \/>\n\t<meta name=\"twitter:data1\" content=\"Mainhardt\" \/>\n\t<meta name=\"twitter:label2\" content=\"Est. tempo de leitura\" \/>\n\t<meta name=\"twitter:data2\" content=\"4 minutos\" \/>\n<script type=\"application\/ld+json\" class=\"yoast-schema-graph\">{\"@context\":\"https:\/\/schema.org\",\"@graph\":[{\"@type\":\"Article\",\"@id\":\"https:\/\/mainhardt.com.br\/contabilidade\/acessos-aos-servicos-da-receita-federal-mudam-a-partir-de-novembro\/#article\",\"isPartOf\":{\"@id\":\"https:\/\/mainhardt.com.br\/contabilidade\/acessos-aos-servicos-da-receita-federal-mudam-a-partir-de-novembro\/\"},\"author\":{\"name\":\"Mainhardt\",\"@id\":\"https:\/\/mainhardt.com.br\/contabilidade\/#\/schema\/person\/5adb86ff70668fe847c2e0cb754b35c1\"},\"headline\":\"Acessos aos servi\u00e7os da Receita Federal mudam a partir de novembro\",\"datePublished\":\"2023-11-13T20:18:48+00:00\",\"dateModified\":\"2023-11-13T20:18:48+00:00\",\"mainEntityOfPage\":{\"@id\":\"https:\/\/mainhardt.com.br\/contabilidade\/acessos-aos-servicos-da-receita-federal-mudam-a-partir-de-novembro\/\"},\"wordCount\":747,\"commentCount\":0,\"publisher\":{\"@id\":\"https:\/\/mainhardt.com.br\/contabilidade\/#organization\"},\"keywords\":[\"Receita Federal\",\"gov.br\",\"Aceso a receita federal\"],\"articleSection\":[\"Not\u00edcias\",\"Blog\"],\"inLanguage\":\"pt-BR\",\"potentialAction\":[{\"@type\":\"CommentAction\",\"name\":\"Comment\",\"target\":[\"https:\/\/mainhardt.com.br\/contabilidade\/acessos-aos-servicos-da-receita-federal-mudam-a-partir-de-novembro\/#respond\"]}]},{\"@type\":\"WebPage\",\"@id\":\"https:\/\/mainhardt.com.br\/contabilidade\/acessos-aos-servicos-da-receita-federal-mudam-a-partir-de-novembro\/\",\"url\":\"https:\/\/mainhardt.com.br\/contabilidade\/acessos-aos-servicos-da-receita-federal-mudam-a-partir-de-novembro\/\",\"name\":\"Acessos aos servi\u00e7os da Receita Federal mudam a partir de novembro - Mainhardt Contabilidade\",\"isPartOf\":{\"@id\":\"https:\/\/mainhardt.com.br\/contabilidade\/#website\"},\"datePublished\":\"2023-11-13T20:18:48+00:00\",\"dateModified\":\"2023-11-13T20:18:48+00:00\",\"breadcrumb\":{\"@id\":\"https:\/\/mainhardt.com.br\/contabilidade\/acessos-aos-servicos-da-receita-federal-mudam-a-partir-de-novembro\/#breadcrumb\"},\"inLanguage\":\"pt-BR\",\"potentialAction\":[{\"@type\":\"ReadAction\",\"target\":[\"https:\/\/mainhardt.com.br\/contabilidade\/acessos-aos-servicos-da-receita-federal-mudam-a-partir-de-novembro\/\"]}]},{\"@type\":\"BreadcrumbList\",\"@id\":\"https:\/\/mainhardt.com.br\/contabilidade\/acessos-aos-servicos-da-receita-federal-mudam-a-partir-de-novembro\/#breadcrumb\",\"itemListElement\":[{\"@type\":\"ListItem\",\"position\":1,\"name\":\"In\u00edcio\",\"item\":\"https:\/\/mainhardt.com.br\/contabilidade\/\"},{\"@type\":\"ListItem\",\"position\":2,\"name\":\"Acessos aos servi\u00e7os da Receita Federal mudam a partir de novembro\"}]},{\"@type\":\"WebSite\",\"@id\":\"https:\/\/mainhardt.com.br\/contabilidade\/#website\",\"url\":\"https:\/\/mainhardt.com.br\/contabilidade\/\",\"name\":\"Mainhardt Contabilidade\",\"description\":\"Contabilidade em Santa Catarina\",\"publisher\":{\"@id\":\"https:\/\/mainhardt.com.br\/contabilidade\/#organization\"},\"potentialAction\":[{\"@type\":\"SearchAction\",\"target\":{\"@type\":\"EntryPoint\",\"urlTemplate\":\"https:\/\/mainhardt.com.br\/contabilidade\/?s={search_term_string}\"},\"query-input\":\"required name=search_term_string\"}],\"inLanguage\":\"pt-BR\"},{\"@type\":\"Organization\",\"@id\":\"https:\/\/mainhardt.com.br\/contabilidade\/#organization\",\"name\":\"Mainhardt Contabilidade\",\"url\":\"https:\/\/mainhardt.com.br\/contabilidade\/\",\"sameAs\":[],\"logo\":{\"@type\":\"ImageObject\",\"inLanguage\":\"pt-BR\",\"@id\":\"https:\/\/mainhardt.com.br\/contabilidade\/#\/schema\/logo\/image\/\",\"url\":\"https:\/\/mainhardt.com.br\/contabilidade\/wp-content\/uploads\/2022\/08\/Novo-Projeto-10.png\",\"contentUrl\":\"https:\/\/mainhardt.com.br\/contabilidade\/wp-content\/uploads\/2022\/08\/Novo-Projeto-10.png\",\"width\":170,\"height\":60,\"caption\":\"Mainhardt Contabilidade\"},\"image\":{\"@id\":\"https:\/\/mainhardt.com.br\/contabilidade\/#\/schema\/logo\/image\/\"}},{\"@type\":\"Person\",\"@id\":\"https:\/\/mainhardt.com.br\/contabilidade\/#\/schema\/person\/5adb86ff70668fe847c2e0cb754b35c1\",\"name\":\"Mainhardt\",\"image\":{\"@type\":\"ImageObject\",\"inLanguage\":\"pt-BR\",\"@id\":\"https:\/\/mainhardt.com.br\/contabilidade\/#\/schema\/person\/image\/\",\"url\":\"https:\/\/secure.gravatar.com\/avatar\/b5b5c6cabc18ed3906cf18c60e5aa253aaeba8af55a8c8b92af3925fd5c36d94?s=96&d=mm&r=g\",\"contentUrl\":\"https:\/\/secure.gravatar.com\/avatar\/b5b5c6cabc18ed3906cf18c60e5aa253aaeba8af55a8c8b92af3925fd5c36d94?s=96&d=mm&r=g\",\"caption\":\"Mainhardt\"},\"url\":\"https:\/\/mainhardt.com.br\/contabilidade\/author\/mainhardt\/\"}]}<\/script>\n<!-- \/ Yoast SEO plugin. -->","yoast_head_json":{"title":"Acessos aos servi\u00e7os da Receita Federal mudam a partir de novembro - Mainhardt Contabilidade","robots":{"index":"index","follow":"follow","max-snippet":"max-snippet:-1","max-image-preview":"max-image-preview:large","max-video-preview":"max-video-preview:-1"},"canonical":"https:\/\/mainhardt.com.br\/contabilidade\/acessos-aos-servicos-da-receita-federal-mudam-a-partir-de-novembro\/","og_locale":"pt_BR","og_type":"article","og_title":"Acessos aos servi\u00e7os da Receita Federal mudam a partir de novembro - Mainhardt Contabilidade","og_description":"Mudan\u00e7as nos acessos acontecer\u00e3o em tr\u00eas etapas at\u00e9 o final de janeiro do pr\u00f3ximo ano. A Receita Federal anunciou no dia 31\/10\/2023, que vai aumentar a seguran\u00e7a de dados e informa\u00e7\u00f5es dos contribuintes a partir de 1\u00ba de novembro. Nesta data, o \u00f3rg\u00e3o vai come\u00e7ar a limitar o uso de c\u00f3digo de acesso e senha [&hellip;]","og_url":"https:\/\/mainhardt.com.br\/contabilidade\/acessos-aos-servicos-da-receita-federal-mudam-a-partir-de-novembro\/","og_site_name":"Mainhardt Contabilidade","article_published_time":"2023-11-13T20:18:48+00:00","og_image":[{"width":1080,"height":1080,"url":"http:\/\/mainhardt.com.br\/contabilidade\/wp-content\/uploads\/2023\/11\/blog_receita.jpg","type":"image\/jpeg"}],"author":"Mainhardt","twitter_card":"summary_large_image","twitter_misc":{"Escrito por":"Mainhardt","Est. tempo de leitura":"4 minutos"},"schema":{"@context":"https:\/\/schema.org","@graph":[{"@type":"Article","@id":"https:\/\/mainhardt.com.br\/contabilidade\/acessos-aos-servicos-da-receita-federal-mudam-a-partir-de-novembro\/#article","isPartOf":{"@id":"https:\/\/mainhardt.com.br\/contabilidade\/acessos-aos-servicos-da-receita-federal-mudam-a-partir-de-novembro\/"},"author":{"name":"Mainhardt","@id":"https:\/\/mainhardt.com.br\/contabilidade\/#\/schema\/person\/5adb86ff70668fe847c2e0cb754b35c1"},"headline":"Acessos aos servi\u00e7os da Receita Federal mudam a partir de novembro","datePublished":"2023-11-13T20:18:48+00:00","dateModified":"2023-11-13T20:18:48+00:00","mainEntityOfPage":{"@id":"https:\/\/mainhardt.com.br\/contabilidade\/acessos-aos-servicos-da-receita-federal-mudam-a-partir-de-novembro\/"},"wordCount":747,"commentCount":0,"publisher":{"@id":"https:\/\/mainhardt.com.br\/contabilidade\/#organization"},"keywords":["Receita Federal","gov.br","Aceso a receita federal"],"articleSection":["Not\u00edcias","Blog"],"inLanguage":"pt-BR","potentialAction":[{"@type":"CommentAction","name":"Comment","target":["https:\/\/mainhardt.com.br\/contabilidade\/acessos-aos-servicos-da-receita-federal-mudam-a-partir-de-novembro\/#respond"]}]},{"@type":"WebPage","@id":"https:\/\/mainhardt.com.br\/contabilidade\/acessos-aos-servicos-da-receita-federal-mudam-a-partir-de-novembro\/","url":"https:\/\/mainhardt.com.br\/contabilidade\/acessos-aos-servicos-da-receita-federal-mudam-a-partir-de-novembro\/","name":"Acessos aos servi\u00e7os da Receita Federal mudam a partir de novembro - Mainhardt Contabilidade","isPartOf":{"@id":"https:\/\/mainhardt.com.br\/contabilidade\/#website"},"datePublished":"2023-11-13T20:18:48+00:00","dateModified":"2023-11-13T20:18:48+00:00","breadcrumb":{"@id":"https:\/\/mainhardt.com.br\/contabilidade\/acessos-aos-servicos-da-receita-federal-mudam-a-partir-de-novembro\/#breadcrumb"},"inLanguage":"pt-BR","potentialAction":[{"@type":"ReadAction","target":["https:\/\/mainhardt.com.br\/contabilidade\/acessos-aos-servicos-da-receita-federal-mudam-a-partir-de-novembro\/"]}]},{"@type":"BreadcrumbList","@id":"https:\/\/mainhardt.com.br\/contabilidade\/acessos-aos-servicos-da-receita-federal-mudam-a-partir-de-novembro\/#breadcrumb","itemListElement":[{"@type":"ListItem","position":1,"name":"In\u00edcio","item":"https:\/\/mainhardt.com.br\/contabilidade\/"},{"@type":"ListItem","position":2,"name":"Acessos aos servi\u00e7os da Receita Federal mudam a partir de novembro"}]},{"@type":"WebSite","@id":"https:\/\/mainhardt.com.br\/contabilidade\/#website","url":"https:\/\/mainhardt.com.br\/contabilidade\/","name":"Mainhardt Contabilidade","description":"Contabilidade em Santa Catarina","publisher":{"@id":"https:\/\/mainhardt.com.br\/contabilidade\/#organization"},"potentialAction":[{"@type":"SearchAction","target":{"@type":"EntryPoint","urlTemplate":"https:\/\/mainhardt.com.br\/contabilidade\/?s={search_term_string}"},"query-input":"required name=search_term_string"}],"inLanguage":"pt-BR"},{"@type":"Organization","@id":"https:\/\/mainhardt.com.br\/contabilidade\/#organization","name":"Mainhardt Contabilidade","url":"https:\/\/mainhardt.com.br\/contabilidade\/","sameAs":[],"logo":{"@type":"ImageObject","inLanguage":"pt-BR","@id":"https:\/\/mainhardt.com.br\/contabilidade\/#\/schema\/logo\/image\/","url":"https:\/\/mainhardt.com.br\/contabilidade\/wp-content\/uploads\/2022\/08\/Novo-Projeto-10.png","contentUrl":"https:\/\/mainhardt.com.br\/contabilidade\/wp-content\/uploads\/2022\/08\/Novo-Projeto-10.png","width":170,"height":60,"caption":"Mainhardt Contabilidade"},"image":{"@id":"https:\/\/mainhardt.com.br\/contabilidade\/#\/schema\/logo\/image\/"}},{"@type":"Person","@id":"https:\/\/mainhardt.com.br\/contabilidade\/#\/schema\/person\/5adb86ff70668fe847c2e0cb754b35c1","name":"Mainhardt","image":{"@type":"ImageObject","inLanguage":"pt-BR","@id":"https:\/\/mainhardt.com.br\/contabilidade\/#\/schema\/person\/image\/","url":"https:\/\/secure.gravatar.com\/avatar\/b5b5c6cabc18ed3906cf18c60e5aa253aaeba8af55a8c8b92af3925fd5c36d94?s=96&d=mm&r=g","contentUrl":"https:\/\/secure.gravatar.com\/avatar\/b5b5c6cabc18ed3906cf18c60e5aa253aaeba8af55a8c8b92af3925fd5c36d94?s=96&d=mm&r=g","caption":"Mainhardt"},"url":"https:\/\/mainhardt.com.br\/contabilidade\/author\/mainhardt\/"}]}},"_links":{"self":[{"href":"https:\/\/mainhardt.com.br\/contabilidade\/wp-json\/wp\/v2\/posts\/2458","targetHints":{"allow":["GET"]}}],"collection":[{"href":"https:\/\/mainhardt.com.br\/contabilidade\/wp-json\/wp\/v2\/posts"}],"about":[{"href":"https:\/\/mainhardt.com.br\/contabilidade\/wp-json\/wp\/v2\/types\/post"}],"author":[{"embeddable":true,"href":"https:\/\/mainhardt.com.br\/contabilidade\/wp-json\/wp\/v2\/users\/4"}],"replies":[{"embeddable":true,"href":"https:\/\/mainhardt.com.br\/contabilidade\/wp-json\/wp\/v2\/comments?post=2458"}],"version-history":[{"count":1,"href":"https:\/\/mainhardt.com.br\/contabilidade\/wp-json\/wp\/v2\/posts\/2458\/revisions"}],"predecessor-version":[{"id":2460,"href":"https:\/\/mainhardt.com.br\/contabilidade\/wp-json\/wp\/v2\/posts\/2458\/revisions\/2460"}],"wp:featuredmedia":[{"embeddable":true,"href":"https:\/\/mainhardt.com.br\/contabilidade\/wp-json\/wp\/v2\/media\/2459"}],"wp:attachment":[{"href":"https:\/\/mainhardt.com.br\/contabilidade\/wp-json\/wp\/v2\/media?parent=2458"}],"wp:term":[{"taxonomy":"category","embeddable":true,"href":"https:\/\/mainhardt.com.br\/contabilidade\/wp-json\/wp\/v2\/categories?post=2458"},{"taxonomy":"post_tag","embeddable":true,"href":"https:\/\/mainhardt.com.br\/contabilidade\/wp-json\/wp\/v2\/tags?post=2458"}],"curies":[{"name":"wp","href":"https:\/\/api.w.org\/{rel}","templated":true}]}}