{"id":2462,"date":"2023-11-20T08:00:00","date_gmt":"2023-11-20T11:00:00","guid":{"rendered":"https:\/\/mainhardt.com.br\/contabilidade\/?p=2462"},"modified":"2023-11-14T11:11:24","modified_gmt":"2023-11-14T14:11:24","slug":"a-ifrs-e-uma-padronizacao-contabil-de-alcance-global-a-partir-de-2024-seu-uso-sera-voluntario","status":"publish","type":"post","link":"https:\/\/mainhardt.com.br\/contabilidade\/a-ifrs-e-uma-padronizacao-contabil-de-alcance-global-a-partir-de-2024-seu-uso-sera-voluntario\/","title":{"rendered":"A IFRS \u00e9 uma padroniza\u00e7\u00e3o cont\u00e1bil de alcance global. A partir de 2024 seu uso ser\u00e1 volunt\u00e1rio"},"content":{"rendered":"\n<p>A sigla diz respeito a International Financial Reporting Standards (Normas Internacionais de Informa\u00e7\u00e3o Financeira), um conjunto de normas cont\u00e1beis globais que ajuda as empresas a produzir demonstra\u00e7\u00f5es financeiras que podem ser comparadas al\u00e9m das fronteiras.<\/p>\n\n\n\n<p>O IFRS tamb\u00e9m \u00e9 projetado para facilitar a compreens\u00e3o e compara\u00e7\u00e3o do desempenho financeiro de uma empresa por parte dos investidores. Este padr\u00e3o facilita que empresas possam apresentar seus n\u00fameros em um \u00e2mbito intercontinental, facilitando a leitura dos dados por profissionais de outros pa\u00edses.<\/p>\n\n\n\n<p>Um ponto de aten\u00e7\u00e3o \u00e9 que, \u00e0s vezes, as normas cont\u00e1beis IFRS s\u00e3o confundidas com as Normas Internacionais de Contabilidade (IAS), que s\u00e3o as normas mais antigas que o IFRS substituiu em 2001.<\/p>\n\n\n\n<p>Adotado em mais de 120 pa\u00edses, o IFRS tamb\u00e9m \u00e9 utilizado no Brasil. Este padr\u00e3o de escritura\u00e7\u00e3o cont\u00e1bil \u00e9 fundamental para empresas que desejam crescer e manter uma boa imagem perante acionistas e investidores.<\/p>\n\n\n\n<h2 class=\"wp-block-heading\">IFRS obrigat\u00f3ria a partir de 2026<\/h2>\n\n\n\n<p>O Minist\u00e9rio da Fazenda do Brasil e a Comiss\u00e3o de Valores Mobili\u00e1rios (CVM) divulgaram que as IFRS ser\u00e3o incorporadas \u00e0 legisla\u00e7\u00e3o brasileira.&nbsp;<\/p>\n\n\n\n<p>A nova regra contar\u00e1 com um cronograma de transi\u00e7\u00e3o, que passar\u00e1 de volunt\u00e1rio a&nbsp; obrigat\u00f3rio a partir de 1\u00ba de janeiro de 2026, conforme a Resolu\u00e7\u00e3o CVM n\u00ba 193\/2023.<\/p>\n\n\n\n<p>As autoridades p\u00fablicas destacaram que a ado\u00e7\u00e3o das normas poder\u00e1 fortalecer os mercados de capitais brasileiros, aumentando a transpar\u00eancia em rela\u00e7\u00e3o aos aspectos de sustentabilidade, como riscos e oportunidades, al\u00e9m de facilitar a atra\u00e7\u00e3o de investimentos globais pelas empresas.&nbsp;<\/p>\n\n\n\n<p>O Brasil j\u00e1 requer o uso das normas cont\u00e1beis IFRS desde 2010.<\/p>\n\n\n\n<h2 class=\"wp-block-heading\">Desafios cont\u00e1beis<\/h2>\n\n\n\n<p>No entanto, ao adotar o IFRS, os profissionais de contabilidade enfrentam alguns desafios significativos. A revis\u00e3o e atualiza\u00e7\u00e3o peri\u00f3dica das normas, que ocorre anualmente, busca corrigir lacunas e garantir relat\u00f3rios cont\u00e1beis cada vez mais transparentes, especialmente ap\u00f3s esc\u00e2ndalos envolvendo grandes empresas.&nbsp;<\/p>\n\n\n\n<p>O IFRS surgiu como um processo de unifica\u00e7\u00e3o das normas cont\u00e1beis para facilitar a compreens\u00e3o e garantir a transpar\u00eancia nas informa\u00e7\u00f5es financeiras. O desafio est\u00e1 nas diverg\u00eancias de interpreta\u00e7\u00e3o, uma vez que a natureza subjetiva de algumas normas pode levar a diferentes pr\u00e1ticas cont\u00e1beis entre as empresas, dificultando a compara\u00e7\u00e3o das informa\u00e7\u00f5es financeiras.<\/p>\n\n\n\n<p>O cumprimento das Normas Brasileiras de Contabilidade e a ado\u00e7\u00e3o do IFRS s\u00e3o essenciais para impulsionar a transpar\u00eancia e a confiabilidade das informa\u00e7\u00f5es financeiras das empresas.&nbsp;<\/p>\n\n\n\n<p>Apesar dos desafios, o alinhamento com os padr\u00f5es cont\u00e1beis globais oferece benef\u00edcios significativos, como a facilita\u00e7\u00e3o da compara\u00e7\u00e3o internacional e a promo\u00e7\u00e3o da confian\u00e7a entre investidores.<\/p>\n\n\n\n<p>\u00c9 fundamental que os profissionais cont\u00e1beis estejam preparados para enfrentar os desafios e aproveitar as oportunidades de um mercado em constante evolu\u00e7\u00e3o.<\/p>\n","protected":false},"excerpt":{"rendered":"<p>A sigla diz respeito a International Financial Reporting Standards (Normas Internacionais de Informa\u00e7\u00e3o Financeira), um conjunto de normas cont\u00e1beis globais que ajuda as empresas a produzir demonstra\u00e7\u00f5es financeiras que podem ser comparadas al\u00e9m das fronteiras. O IFRS tamb\u00e9m \u00e9 projetado para facilitar a compreens\u00e3o e compara\u00e7\u00e3o do desempenho financeiro de uma empresa por parte dos [&hellip;]<\/p>\n","protected":false},"author":4,"featured_media":2463,"comment_status":"open","ping_status":"open","sticky":false,"template":"","format":"standard","meta":{"footnotes":""},"categories":[1],"tags":[],"class_list":["post-2462","post","type-post","status-publish","format-standard","has-post-thumbnail","hentry","category-noticias"],"yoast_head":"<!-- This site is optimized with the Yoast SEO plugin v19.6.1 - https:\/\/yoast.com\/wordpress\/plugins\/seo\/ -->\n<title>A IFRS \u00e9 uma padroniza\u00e7\u00e3o cont\u00e1bil de alcance global. A partir de 2024 seu uso ser\u00e1 volunt\u00e1rio - Mainhardt Contabilidade<\/title>\n<meta name=\"robots\" content=\"index, follow, max-snippet:-1, max-image-preview:large, max-video-preview:-1\" \/>\n<link rel=\"canonical\" href=\"https:\/\/mainhardt.com.br\/contabilidade\/a-ifrs-e-uma-padronizacao-contabil-de-alcance-global-a-partir-de-2024-seu-uso-sera-voluntario\/\" \/>\n<meta property=\"og:locale\" content=\"pt_BR\" \/>\n<meta property=\"og:type\" content=\"article\" \/>\n<meta property=\"og:title\" content=\"A IFRS \u00e9 uma padroniza\u00e7\u00e3o cont\u00e1bil de alcance global. A partir de 2024 seu uso ser\u00e1 volunt\u00e1rio - Mainhardt Contabilidade\" \/>\n<meta property=\"og:description\" content=\"A sigla diz respeito a International Financial Reporting Standards (Normas Internacionais de Informa\u00e7\u00e3o Financeira), um conjunto de normas cont\u00e1beis globais que ajuda as empresas a produzir demonstra\u00e7\u00f5es financeiras que podem ser comparadas al\u00e9m das fronteiras. O IFRS tamb\u00e9m \u00e9 projetado para facilitar a compreens\u00e3o e compara\u00e7\u00e3o do desempenho financeiro de uma empresa por parte dos [&hellip;]\" \/>\n<meta property=\"og:url\" content=\"https:\/\/mainhardt.com.br\/contabilidade\/a-ifrs-e-uma-padronizacao-contabil-de-alcance-global-a-partir-de-2024-seu-uso-sera-voluntario\/\" \/>\n<meta property=\"og:site_name\" content=\"Mainhardt Contabilidade\" \/>\n<meta property=\"article:published_time\" content=\"2023-11-20T11:00:00+00:00\" \/>\n<meta property=\"article:modified_time\" content=\"2023-11-14T14:11:24+00:00\" \/>\n<meta property=\"og:image\" content=\"https:\/\/mainhardt.com.br\/contabilidade\/wp-content\/uploads\/2023\/11\/ifrs.jpg\" \/>\n\t<meta property=\"og:image:width\" content=\"1080\" \/>\n\t<meta property=\"og:image:height\" content=\"1080\" \/>\n\t<meta property=\"og:image:type\" content=\"image\/jpeg\" \/>\n<meta name=\"author\" content=\"Mainhardt\" \/>\n<meta name=\"twitter:card\" content=\"summary_large_image\" \/>\n<meta name=\"twitter:label1\" content=\"Escrito por\" \/>\n\t<meta name=\"twitter:data1\" content=\"Mainhardt\" \/>\n\t<meta name=\"twitter:label2\" content=\"Est. tempo de leitura\" \/>\n\t<meta name=\"twitter:data2\" content=\"3 minutos\" \/>\n<script type=\"application\/ld+json\" class=\"yoast-schema-graph\">{\"@context\":\"https:\/\/schema.org\",\"@graph\":[{\"@type\":\"Article\",\"@id\":\"https:\/\/mainhardt.com.br\/contabilidade\/a-ifrs-e-uma-padronizacao-contabil-de-alcance-global-a-partir-de-2024-seu-uso-sera-voluntario\/#article\",\"isPartOf\":{\"@id\":\"https:\/\/mainhardt.com.br\/contabilidade\/a-ifrs-e-uma-padronizacao-contabil-de-alcance-global-a-partir-de-2024-seu-uso-sera-voluntario\/\"},\"author\":{\"name\":\"Mainhardt\",\"@id\":\"https:\/\/mainhardt.com.br\/contabilidade\/#\/schema\/person\/5adb86ff70668fe847c2e0cb754b35c1\"},\"headline\":\"A IFRS \u00e9 uma padroniza\u00e7\u00e3o cont\u00e1bil de alcance global. A partir de 2024 seu uso ser\u00e1 volunt\u00e1rio\",\"datePublished\":\"2023-11-20T11:00:00+00:00\",\"dateModified\":\"2023-11-14T14:11:24+00:00\",\"mainEntityOfPage\":{\"@id\":\"https:\/\/mainhardt.com.br\/contabilidade\/a-ifrs-e-uma-padronizacao-contabil-de-alcance-global-a-partir-de-2024-seu-uso-sera-voluntario\/\"},\"wordCount\":502,\"commentCount\":0,\"publisher\":{\"@id\":\"https:\/\/mainhardt.com.br\/contabilidade\/#organization\"},\"articleSection\":[\"Not\u00edcias\"],\"inLanguage\":\"pt-BR\",\"potentialAction\":[{\"@type\":\"CommentAction\",\"name\":\"Comment\",\"target\":[\"https:\/\/mainhardt.com.br\/contabilidade\/a-ifrs-e-uma-padronizacao-contabil-de-alcance-global-a-partir-de-2024-seu-uso-sera-voluntario\/#respond\"]}]},{\"@type\":\"WebPage\",\"@id\":\"https:\/\/mainhardt.com.br\/contabilidade\/a-ifrs-e-uma-padronizacao-contabil-de-alcance-global-a-partir-de-2024-seu-uso-sera-voluntario\/\",\"url\":\"https:\/\/mainhardt.com.br\/contabilidade\/a-ifrs-e-uma-padronizacao-contabil-de-alcance-global-a-partir-de-2024-seu-uso-sera-voluntario\/\",\"name\":\"A IFRS \u00e9 uma padroniza\u00e7\u00e3o cont\u00e1bil de alcance global. A partir de 2024 seu uso ser\u00e1 volunt\u00e1rio - Mainhardt Contabilidade\",\"isPartOf\":{\"@id\":\"https:\/\/mainhardt.com.br\/contabilidade\/#website\"},\"datePublished\":\"2023-11-20T11:00:00+00:00\",\"dateModified\":\"2023-11-14T14:11:24+00:00\",\"breadcrumb\":{\"@id\":\"https:\/\/mainhardt.com.br\/contabilidade\/a-ifrs-e-uma-padronizacao-contabil-de-alcance-global-a-partir-de-2024-seu-uso-sera-voluntario\/#breadcrumb\"},\"inLanguage\":\"pt-BR\",\"potentialAction\":[{\"@type\":\"ReadAction\",\"target\":[\"https:\/\/mainhardt.com.br\/contabilidade\/a-ifrs-e-uma-padronizacao-contabil-de-alcance-global-a-partir-de-2024-seu-uso-sera-voluntario\/\"]}]},{\"@type\":\"BreadcrumbList\",\"@id\":\"https:\/\/mainhardt.com.br\/contabilidade\/a-ifrs-e-uma-padronizacao-contabil-de-alcance-global-a-partir-de-2024-seu-uso-sera-voluntario\/#breadcrumb\",\"itemListElement\":[{\"@type\":\"ListItem\",\"position\":1,\"name\":\"In\u00edcio\",\"item\":\"https:\/\/mainhardt.com.br\/contabilidade\/\"},{\"@type\":\"ListItem\",\"position\":2,\"name\":\"A IFRS \u00e9 uma padroniza\u00e7\u00e3o cont\u00e1bil de alcance global. A partir de 2024 seu uso ser\u00e1 volunt\u00e1rio\"}]},{\"@type\":\"WebSite\",\"@id\":\"https:\/\/mainhardt.com.br\/contabilidade\/#website\",\"url\":\"https:\/\/mainhardt.com.br\/contabilidade\/\",\"name\":\"Mainhardt Contabilidade\",\"description\":\"Contabilidade em Santa Catarina\",\"publisher\":{\"@id\":\"https:\/\/mainhardt.com.br\/contabilidade\/#organization\"},\"potentialAction\":[{\"@type\":\"SearchAction\",\"target\":{\"@type\":\"EntryPoint\",\"urlTemplate\":\"https:\/\/mainhardt.com.br\/contabilidade\/?s={search_term_string}\"},\"query-input\":\"required name=search_term_string\"}],\"inLanguage\":\"pt-BR\"},{\"@type\":\"Organization\",\"@id\":\"https:\/\/mainhardt.com.br\/contabilidade\/#organization\",\"name\":\"Mainhardt Contabilidade\",\"url\":\"https:\/\/mainhardt.com.br\/contabilidade\/\",\"sameAs\":[],\"logo\":{\"@type\":\"ImageObject\",\"inLanguage\":\"pt-BR\",\"@id\":\"https:\/\/mainhardt.com.br\/contabilidade\/#\/schema\/logo\/image\/\",\"url\":\"https:\/\/mainhardt.com.br\/contabilidade\/wp-content\/uploads\/2022\/08\/Novo-Projeto-10.png\",\"contentUrl\":\"https:\/\/mainhardt.com.br\/contabilidade\/wp-content\/uploads\/2022\/08\/Novo-Projeto-10.png\",\"width\":170,\"height\":60,\"caption\":\"Mainhardt Contabilidade\"},\"image\":{\"@id\":\"https:\/\/mainhardt.com.br\/contabilidade\/#\/schema\/logo\/image\/\"}},{\"@type\":\"Person\",\"@id\":\"https:\/\/mainhardt.com.br\/contabilidade\/#\/schema\/person\/5adb86ff70668fe847c2e0cb754b35c1\",\"name\":\"Mainhardt\",\"image\":{\"@type\":\"ImageObject\",\"inLanguage\":\"pt-BR\",\"@id\":\"https:\/\/mainhardt.com.br\/contabilidade\/#\/schema\/person\/image\/\",\"url\":\"https:\/\/secure.gravatar.com\/avatar\/b5b5c6cabc18ed3906cf18c60e5aa253aaeba8af55a8c8b92af3925fd5c36d94?s=96&d=mm&r=g\",\"contentUrl\":\"https:\/\/secure.gravatar.com\/avatar\/b5b5c6cabc18ed3906cf18c60e5aa253aaeba8af55a8c8b92af3925fd5c36d94?s=96&d=mm&r=g\",\"caption\":\"Mainhardt\"},\"url\":\"https:\/\/mainhardt.com.br\/contabilidade\/author\/mainhardt\/\"}]}<\/script>\n<!-- \/ Yoast SEO plugin. -->","yoast_head_json":{"title":"A IFRS \u00e9 uma padroniza\u00e7\u00e3o cont\u00e1bil de alcance global. A partir de 2024 seu uso ser\u00e1 volunt\u00e1rio - Mainhardt Contabilidade","robots":{"index":"index","follow":"follow","max-snippet":"max-snippet:-1","max-image-preview":"max-image-preview:large","max-video-preview":"max-video-preview:-1"},"canonical":"https:\/\/mainhardt.com.br\/contabilidade\/a-ifrs-e-uma-padronizacao-contabil-de-alcance-global-a-partir-de-2024-seu-uso-sera-voluntario\/","og_locale":"pt_BR","og_type":"article","og_title":"A IFRS \u00e9 uma padroniza\u00e7\u00e3o cont\u00e1bil de alcance global. A partir de 2024 seu uso ser\u00e1 volunt\u00e1rio - Mainhardt Contabilidade","og_description":"A sigla diz respeito a International Financial Reporting Standards (Normas Internacionais de Informa\u00e7\u00e3o Financeira), um conjunto de normas cont\u00e1beis globais que ajuda as empresas a produzir demonstra\u00e7\u00f5es financeiras que podem ser comparadas al\u00e9m das fronteiras. O IFRS tamb\u00e9m \u00e9 projetado para facilitar a compreens\u00e3o e compara\u00e7\u00e3o do desempenho financeiro de uma empresa por parte dos [&hellip;]","og_url":"https:\/\/mainhardt.com.br\/contabilidade\/a-ifrs-e-uma-padronizacao-contabil-de-alcance-global-a-partir-de-2024-seu-uso-sera-voluntario\/","og_site_name":"Mainhardt Contabilidade","article_published_time":"2023-11-20T11:00:00+00:00","article_modified_time":"2023-11-14T14:11:24+00:00","og_image":[{"width":1080,"height":1080,"url":"https:\/\/mainhardt.com.br\/contabilidade\/wp-content\/uploads\/2023\/11\/ifrs.jpg","type":"image\/jpeg"}],"author":"Mainhardt","twitter_card":"summary_large_image","twitter_misc":{"Escrito por":"Mainhardt","Est. tempo de leitura":"3 minutos"},"schema":{"@context":"https:\/\/schema.org","@graph":[{"@type":"Article","@id":"https:\/\/mainhardt.com.br\/contabilidade\/a-ifrs-e-uma-padronizacao-contabil-de-alcance-global-a-partir-de-2024-seu-uso-sera-voluntario\/#article","isPartOf":{"@id":"https:\/\/mainhardt.com.br\/contabilidade\/a-ifrs-e-uma-padronizacao-contabil-de-alcance-global-a-partir-de-2024-seu-uso-sera-voluntario\/"},"author":{"name":"Mainhardt","@id":"https:\/\/mainhardt.com.br\/contabilidade\/#\/schema\/person\/5adb86ff70668fe847c2e0cb754b35c1"},"headline":"A IFRS \u00e9 uma padroniza\u00e7\u00e3o cont\u00e1bil de alcance global. A partir de 2024 seu uso ser\u00e1 volunt\u00e1rio","datePublished":"2023-11-20T11:00:00+00:00","dateModified":"2023-11-14T14:11:24+00:00","mainEntityOfPage":{"@id":"https:\/\/mainhardt.com.br\/contabilidade\/a-ifrs-e-uma-padronizacao-contabil-de-alcance-global-a-partir-de-2024-seu-uso-sera-voluntario\/"},"wordCount":502,"commentCount":0,"publisher":{"@id":"https:\/\/mainhardt.com.br\/contabilidade\/#organization"},"articleSection":["Not\u00edcias"],"inLanguage":"pt-BR","potentialAction":[{"@type":"CommentAction","name":"Comment","target":["https:\/\/mainhardt.com.br\/contabilidade\/a-ifrs-e-uma-padronizacao-contabil-de-alcance-global-a-partir-de-2024-seu-uso-sera-voluntario\/#respond"]}]},{"@type":"WebPage","@id":"https:\/\/mainhardt.com.br\/contabilidade\/a-ifrs-e-uma-padronizacao-contabil-de-alcance-global-a-partir-de-2024-seu-uso-sera-voluntario\/","url":"https:\/\/mainhardt.com.br\/contabilidade\/a-ifrs-e-uma-padronizacao-contabil-de-alcance-global-a-partir-de-2024-seu-uso-sera-voluntario\/","name":"A IFRS \u00e9 uma padroniza\u00e7\u00e3o cont\u00e1bil de alcance global. A partir de 2024 seu uso ser\u00e1 volunt\u00e1rio - Mainhardt Contabilidade","isPartOf":{"@id":"https:\/\/mainhardt.com.br\/contabilidade\/#website"},"datePublished":"2023-11-20T11:00:00+00:00","dateModified":"2023-11-14T14:11:24+00:00","breadcrumb":{"@id":"https:\/\/mainhardt.com.br\/contabilidade\/a-ifrs-e-uma-padronizacao-contabil-de-alcance-global-a-partir-de-2024-seu-uso-sera-voluntario\/#breadcrumb"},"inLanguage":"pt-BR","potentialAction":[{"@type":"ReadAction","target":["https:\/\/mainhardt.com.br\/contabilidade\/a-ifrs-e-uma-padronizacao-contabil-de-alcance-global-a-partir-de-2024-seu-uso-sera-voluntario\/"]}]},{"@type":"BreadcrumbList","@id":"https:\/\/mainhardt.com.br\/contabilidade\/a-ifrs-e-uma-padronizacao-contabil-de-alcance-global-a-partir-de-2024-seu-uso-sera-voluntario\/#breadcrumb","itemListElement":[{"@type":"ListItem","position":1,"name":"In\u00edcio","item":"https:\/\/mainhardt.com.br\/contabilidade\/"},{"@type":"ListItem","position":2,"name":"A IFRS \u00e9 uma padroniza\u00e7\u00e3o cont\u00e1bil de alcance global. A partir de 2024 seu uso ser\u00e1 volunt\u00e1rio"}]},{"@type":"WebSite","@id":"https:\/\/mainhardt.com.br\/contabilidade\/#website","url":"https:\/\/mainhardt.com.br\/contabilidade\/","name":"Mainhardt Contabilidade","description":"Contabilidade em Santa Catarina","publisher":{"@id":"https:\/\/mainhardt.com.br\/contabilidade\/#organization"},"potentialAction":[{"@type":"SearchAction","target":{"@type":"EntryPoint","urlTemplate":"https:\/\/mainhardt.com.br\/contabilidade\/?s={search_term_string}"},"query-input":"required name=search_term_string"}],"inLanguage":"pt-BR"},{"@type":"Organization","@id":"https:\/\/mainhardt.com.br\/contabilidade\/#organization","name":"Mainhardt Contabilidade","url":"https:\/\/mainhardt.com.br\/contabilidade\/","sameAs":[],"logo":{"@type":"ImageObject","inLanguage":"pt-BR","@id":"https:\/\/mainhardt.com.br\/contabilidade\/#\/schema\/logo\/image\/","url":"https:\/\/mainhardt.com.br\/contabilidade\/wp-content\/uploads\/2022\/08\/Novo-Projeto-10.png","contentUrl":"https:\/\/mainhardt.com.br\/contabilidade\/wp-content\/uploads\/2022\/08\/Novo-Projeto-10.png","width":170,"height":60,"caption":"Mainhardt Contabilidade"},"image":{"@id":"https:\/\/mainhardt.com.br\/contabilidade\/#\/schema\/logo\/image\/"}},{"@type":"Person","@id":"https:\/\/mainhardt.com.br\/contabilidade\/#\/schema\/person\/5adb86ff70668fe847c2e0cb754b35c1","name":"Mainhardt","image":{"@type":"ImageObject","inLanguage":"pt-BR","@id":"https:\/\/mainhardt.com.br\/contabilidade\/#\/schema\/person\/image\/","url":"https:\/\/secure.gravatar.com\/avatar\/b5b5c6cabc18ed3906cf18c60e5aa253aaeba8af55a8c8b92af3925fd5c36d94?s=96&d=mm&r=g","contentUrl":"https:\/\/secure.gravatar.com\/avatar\/b5b5c6cabc18ed3906cf18c60e5aa253aaeba8af55a8c8b92af3925fd5c36d94?s=96&d=mm&r=g","caption":"Mainhardt"},"url":"https:\/\/mainhardt.com.br\/contabilidade\/author\/mainhardt\/"}]}},"_links":{"self":[{"href":"https:\/\/mainhardt.com.br\/contabilidade\/wp-json\/wp\/v2\/posts\/2462","targetHints":{"allow":["GET"]}}],"collection":[{"href":"https:\/\/mainhardt.com.br\/contabilidade\/wp-json\/wp\/v2\/posts"}],"about":[{"href":"https:\/\/mainhardt.com.br\/contabilidade\/wp-json\/wp\/v2\/types\/post"}],"author":[{"embeddable":true,"href":"https:\/\/mainhardt.com.br\/contabilidade\/wp-json\/wp\/v2\/users\/4"}],"replies":[{"embeddable":true,"href":"https:\/\/mainhardt.com.br\/contabilidade\/wp-json\/wp\/v2\/comments?post=2462"}],"version-history":[{"count":1,"href":"https:\/\/mainhardt.com.br\/contabilidade\/wp-json\/wp\/v2\/posts\/2462\/revisions"}],"predecessor-version":[{"id":2464,"href":"https:\/\/mainhardt.com.br\/contabilidade\/wp-json\/wp\/v2\/posts\/2462\/revisions\/2464"}],"wp:featuredmedia":[{"embeddable":true,"href":"https:\/\/mainhardt.com.br\/contabilidade\/wp-json\/wp\/v2\/media\/2463"}],"wp:attachment":[{"href":"https:\/\/mainhardt.com.br\/contabilidade\/wp-json\/wp\/v2\/media?parent=2462"}],"wp:term":[{"taxonomy":"category","embeddable":true,"href":"https:\/\/mainhardt.com.br\/contabilidade\/wp-json\/wp\/v2\/categories?post=2462"},{"taxonomy":"post_tag","embeddable":true,"href":"https:\/\/mainhardt.com.br\/contabilidade\/wp-json\/wp\/v2\/tags?post=2462"}],"curies":[{"name":"wp","href":"https:\/\/api.w.org\/{rel}","templated":true}]}}