{"id":2487,"date":"2024-04-17T09:55:20","date_gmt":"2024-04-17T12:55:20","guid":{"rendered":"https:\/\/mainhardt.com.br\/contabilidade\/?p=2487"},"modified":"2024-04-17T09:55:20","modified_gmt":"2024-04-17T12:55:20","slug":"quais-sao-os-principais-pontos-da-reforma-tributaria","status":"publish","type":"post","link":"https:\/\/mainhardt.com.br\/contabilidade\/quais-sao-os-principais-pontos-da-reforma-tributaria\/","title":{"rendered":"Quais s\u00e3o os principais pontos da Reforma Tribut\u00e1ria?"},"content":{"rendered":"\n<h3 class=\"wp-block-heading\">Unifica\u00e7\u00e3o dos tributos<\/h3>\n\n\n\n<p>Voc\u00ea j\u00e1 viu que o ISS, o ICMS, o IPI, o PIS e a COFINS v\u00e3o ser extintos e substitu\u00eddos por 3 novos tributos: o IBS, a CBS e o IS.<\/p>\n\n\n\n<p>Essa \u00e9 uma das mudan\u00e7as importantes da Reforma, com o objetivo de reduzir o n\u00famero de tributos e simplificar sua arrecada\u00e7\u00e3o.<\/p>\n\n\n\n<p>Isso gera uma normatiza\u00e7\u00e3o centralizada e unificada, o que enfraquece a guerra fiscal.<\/p>\n\n\n\n<p>Voc\u00ea j\u00e1 sabe do que se trata o IBS e a CBS, agora vem ver sobre o IS!<\/p>\n\n\n\n<h3 class=\"wp-block-heading\">Imposto Seletivo (IS)<\/h3>\n\n\n\n<p>Como voc\u00ea j\u00e1 sabe, o IS \u00e9 um dos novos tributos que a Reforma implementou pra substituir o ISS, ICMS, IPI, PIS e COFINS.<\/p>\n\n\n\n<p>Como o pr\u00f3prio nome j\u00e1 diz, esse imposto vai incidir de forma seletiva sobre determinados produtos e servi\u00e7os considerados prejudiciais \u00e0 sa\u00fade ou ao meio ambiente.<\/p>\n\n\n\n<p>O prop\u00f3sito do IS \u00e9 <strong>desestimular o consumo desses produtos e servi\u00e7os<\/strong>.<\/p>\n\n\n\n<h3 class=\"wp-block-heading\">Fim da cumulatividade<\/h3>\n\n\n\n<p>Um ponto de grande relev\u00e2ncia que a Reforma trouxe \u00e9 o fim da cumulatividade dos impostos.<\/p>\n\n\n\n<p>Se voc\u00ea \u00e9 da \u00e1rea tribut\u00e1ria, conhece o princ\u00edpio da n\u00e3o cumulatividade, que busca evitar o efeito cascata dos tributos.<\/p>\n\n\n\n<p>Pra garantir essa n\u00e3o cumulatividade, \u00e9 necess\u00e1rio que os contribuintes tenham direito de compensar os tributos que j\u00e1 foram pagos em etapas anteriores.<\/p>\n\n\n\n<p>Infelizmente, at\u00e9 hoje, muitas vezes n\u00e3o \u00e9 isso o que acontece: os tributos s\u00e3o calculados com o valor cheio e sem a possibilidade de compensa\u00e7\u00e3o.<\/p>\n\n\n\n<p>Com a Reforma, o novo IBS e CBS v\u00e3o permitir ao contribuinte creditar os valores cobrados nas opera\u00e7\u00f5es em que ele foi o adquirente.<\/p>\n\n\n\n<p>Essa mudan\u00e7a vai impactar em especial a comercializa\u00e7\u00e3o de bens que t\u00eam uma cadeia produtiva mais longa, ao reduzir o \u00f4nus tribut\u00e1rio por meio da compensa\u00e7\u00e3o.<\/p>\n\n\n\n<p>Sobre a presta\u00e7\u00e3o de servi\u00e7os, j\u00e1 tem algumas discuss\u00f5es sobre o que vai ou n\u00e3o ser creditado pra reduzir a base de c\u00e1lculo.<\/p>\n\n\n\n<p>Isso vai depender da Lei Complementar que regulamentar o imposto, mas o esperado \u00e9 que seja poss\u00edvel fazer a compensa\u00e7\u00e3o de tudo o que for pago pra presta\u00e7\u00e3o de um servi\u00e7o.<\/p>\n\n\n\n<h3 class=\"wp-block-heading\">Al\u00edquota \u00fanica<\/h3>\n\n\n\n<p>Hoje, o Brasil conta com uma infinidade de al\u00edquotas, exce\u00e7\u00f5es e incentivos, j\u00e1 que cada munic\u00edpio e estado possui suas regras pr\u00f3prias.<\/p>\n\n\n\n<p>A Reforma pretende estabelecer uma al\u00edquota \u00fanica do IVA Dual pra todo o Brasil, o que vai gerar uma uniformidade e enfraquecimento da guerra fiscal.<\/p>\n\n\n\n<p>Essa nova al\u00edquota ainda n\u00e3o foi estabelecida e vai depender da aprova\u00e7\u00e3o de uma Lei posterior.<\/p>\n\n\n\n<h3 class=\"wp-block-heading\">Cobran\u00e7a reduzida<\/h3>\n\n\n\n<p>Al\u00e9m da cesta b\u00e1sica, que vai ter uma isen\u00e7\u00e3o do IBS e CBS, outros produtos e servi\u00e7os de alguns setores v\u00e3o contar com uma al\u00edquota reduzida destes tributos.<\/p>\n\n\n\n<p>J\u00e1 ficou estabelecido que essa cobran\u00e7a reduzida vai ser em 60%. Ou seja, 40% da al\u00edquota \u00fanica.<\/p>\n\n\n\n<p>E pra quais produtos e servi\u00e7os vai ser essa cobran\u00e7a reduzida?<\/p>\n\n\n\n<p>A escolha dos <strong>setores beneficiados<\/strong> se deu por <strong>dois motivos principais<\/strong>.<\/p>\n\n\n\n<p>O <strong>primeiro<\/strong> \u00e9 a essencialidade do setor, favorecendo aqueles que s\u00e3o considerados indispens\u00e1veis.<\/p>\n\n\n\n<p>O <strong>segundo<\/strong> \u00e9 a cadeia produtiva curta, que causa um aumento muito grande na tributa\u00e7\u00e3o, j\u00e1 que n\u00e3o se pode compensar quase nada.<\/p>\n\n\n\n<p>Com isso, os setores escolhidos foram esses aqui:<\/p>\n\n\n\n<ul class=\"wp-block-list\">\n<li>Educa\u00e7\u00e3o<\/li>\n\n\n\n<li>Sa\u00fade<\/li>\n\n\n\n<li>Transporte<\/li>\n\n\n\n<li>Agropecu\u00e1ria<\/li>\n\n\n\n<li>Cultura<\/li>\n<\/ul>\n\n\n\n<p>A principal pol\u00eamica foi no setor da agropecu\u00e1ria, pois diversas associa\u00e7\u00f5es defendiam a tributa\u00e7\u00e3o com o IS, em raz\u00e3o da nocividade ao meio ambiente.<\/p>\n\n\n\n<p>Al\u00e9m dessa redu\u00e7\u00e3o de 60% pra esses setores, a Reforma tamb\u00e9m garantiu a redu\u00e7\u00e3o de 30% para os profissionais liberais.<\/p>\n\n\n\n<p>Ent\u00e3o advogados, contadores, m\u00e9dicos, psic\u00f3logos, engenheiros, arquitetos s\u00e3o alguns dos beneficiados que dever\u00e3o recolher 70% da al\u00edquota \u00fanica.<\/p>\n\n\n\n<h3 class=\"wp-block-heading\">Sem diferen\u00e7a entre produto e servi\u00e7o<\/h3>\n\n\n\n<p>Outra grande mudan\u00e7a implementada pela PEC \u00e9 que, com esses novos tributos e a al\u00edquota \u00fanica, n\u00e3o vai existir mais a diferen\u00e7a entre produto e servi\u00e7o.<\/p>\n\n\n\n<p>A<strong> Reforma pretende extinguir essa diferencia\u00e7\u00e3o e adotar um tratamento ison\u00f4mico entre produtos e servi\u00e7os<\/strong>.<\/p>\n\n\n\n<h2 class=\"wp-block-heading\">Quando a Reforma Tribut\u00e1ria come\u00e7a a valer?<\/h2>\n\n\n\n<h3 class=\"wp-block-heading\">2026<\/h3>\n\n\n\n<p>Em 2026 come\u00e7a a unifica\u00e7\u00e3o dos impostos e, pra isso, uma al\u00edquota \u00fanica vai ser aplicada como teste.<\/p>\n\n\n\n<p>Para o IVA Federal, vai ser aplicada uma al\u00edquota de 0,9%, abatida dos atuais PIS e COFINS.<\/p>\n\n\n\n<p>J\u00e1 para o IVA Estadual, a al\u00edquota vai ser de 0,1%, abatida do ICMS e do ISS.<\/p>\n\n\n\n<h3 class=\"wp-block-heading\">2027<\/h3>\n\n\n\n<p>A transi\u00e7\u00e3o continua e, em 2027, entra em vigor por completo a nova CBS.<\/p>\n\n\n\n<p>Aqui o PIS e COFINS v\u00e3o ser extintos, e as al\u00edquotas de IPI, zeradas.<\/p>\n\n\n\n<p><strong>Exce\u00e7\u00e3o:<\/strong> As al\u00edquotas de IPI n\u00e3o v\u00e3o ser zeradas nos produtos que impactam a Zona Franca de Manaus.<\/p>\n\n\n\n<h3 class=\"wp-block-heading\">2028<\/h3>\n\n\n\n<p>2028 \u00e9 o \u00faltimo ano de vig\u00eancia dos atuais impostos estaduais e municipais.<\/p>\n\n\n\n<p>Eles v\u00e3o ser unificados no novo IBS.<\/p>\n\n\n\n<h3 class=\"wp-block-heading\">Entre 2029 e 2032<\/h3>\n\n\n\n<p>A partir de 2029, as al\u00edquotas de ICMS e ISS come\u00e7am a cair de forma gradativa at\u00e9 que, em 2033, o novo IBS vai estar implementado de forma permanente.<\/p>\n\n\n\n<p>As al\u00edquotas v\u00e3o ser reduzidas nas seguintes propor\u00e7\u00f5es em cada ano:<\/p>\n\n\n\n<ul class=\"wp-block-list\">\n<li>90% em 2029<\/li>\n\n\n\n<li>80% em 2030<\/li>\n\n\n\n<li>70% em 2031<\/li>\n\n\n\n<li>60% em 2032<\/li>\n<\/ul>\n\n\n\n<h3 class=\"wp-block-heading\">2033<\/h3>\n\n\n\n<p>Por fim, em 2033 acontece a vig\u00eancia do novo sistema de tributa\u00e7\u00e3o e a extin\u00e7\u00e3o dos tributos e da legisla\u00e7\u00e3o antiga.<\/p>\n\n\n\n<h3 class=\"wp-block-heading\">Entre 2029 e 2078<\/h3>\n\n\n\n<p>Durante 50 anos, vai acontecer a mudan\u00e7a gradual da cobran\u00e7a na origem (local de produ\u00e7\u00e3o) para o local de destino (local de consumo).<\/p>\n\n\n\n<p><\/p>\n","protected":false},"excerpt":{"rendered":"<p>Unifica\u00e7\u00e3o dos tributos Voc\u00ea j\u00e1 viu que o ISS, o ICMS, o IPI, o PIS e a COFINS v\u00e3o ser extintos e substitu\u00eddos por 3 novos tributos: o IBS, a CBS e o IS. Essa \u00e9 uma das mudan\u00e7as importantes da Reforma, com o objetivo de reduzir o n\u00famero de tributos e simplificar sua arrecada\u00e7\u00e3o. [&hellip;]<\/p>\n","protected":false},"author":4,"featured_media":2488,"comment_status":"open","ping_status":"open","sticky":false,"template":"","format":"standard","meta":{"footnotes":""},"categories":[42],"tags":[],"class_list":["post-2487","post","type-post","status-publish","format-standard","has-post-thumbnail","hentry","category-blog"],"yoast_head":"<!-- This site is optimized with the Yoast SEO plugin v19.6.1 - https:\/\/yoast.com\/wordpress\/plugins\/seo\/ -->\n<title>Quais s\u00e3o os principais pontos da Reforma Tribut\u00e1ria? - Mainhardt Contabilidade<\/title>\n<meta name=\"robots\" content=\"index, follow, max-snippet:-1, max-image-preview:large, max-video-preview:-1\" \/>\n<link rel=\"canonical\" href=\"https:\/\/mainhardt.com.br\/contabilidade\/quais-sao-os-principais-pontos-da-reforma-tributaria\/\" \/>\n<meta property=\"og:locale\" content=\"pt_BR\" \/>\n<meta property=\"og:type\" content=\"article\" \/>\n<meta property=\"og:title\" content=\"Quais s\u00e3o os principais pontos da Reforma Tribut\u00e1ria? - Mainhardt Contabilidade\" \/>\n<meta property=\"og:description\" content=\"Unifica\u00e7\u00e3o dos tributos Voc\u00ea j\u00e1 viu que o ISS, o ICMS, o IPI, o PIS e a COFINS v\u00e3o ser extintos e substitu\u00eddos por 3 novos tributos: o IBS, a CBS e o IS. Essa \u00e9 uma das mudan\u00e7as importantes da Reforma, com o objetivo de reduzir o n\u00famero de tributos e simplificar sua arrecada\u00e7\u00e3o. [&hellip;]\" \/>\n<meta property=\"og:url\" content=\"https:\/\/mainhardt.com.br\/contabilidade\/quais-sao-os-principais-pontos-da-reforma-tributaria\/\" \/>\n<meta property=\"og:site_name\" content=\"Mainhardt Contabilidade\" \/>\n<meta property=\"article:published_time\" content=\"2024-04-17T12:55:20+00:00\" \/>\n<meta property=\"og:image\" content=\"http:\/\/mainhardt.com.br\/contabilidade\/wp-content\/uploads\/2024\/04\/13592f505899e002ddc464d393aafc6d.jpg\" \/>\n\t<meta property=\"og:image:width\" content=\"1080\" \/>\n\t<meta property=\"og:image:height\" content=\"1080\" \/>\n\t<meta property=\"og:image:type\" content=\"image\/jpeg\" \/>\n<meta name=\"author\" content=\"Mainhardt\" \/>\n<meta name=\"twitter:card\" content=\"summary_large_image\" \/>\n<meta name=\"twitter:label1\" content=\"Escrito por\" \/>\n\t<meta name=\"twitter:data1\" content=\"Mainhardt\" \/>\n\t<meta name=\"twitter:label2\" content=\"Est. tempo de leitura\" \/>\n\t<meta name=\"twitter:data2\" content=\"5 minutos\" \/>\n<script type=\"application\/ld+json\" class=\"yoast-schema-graph\">{\"@context\":\"https:\/\/schema.org\",\"@graph\":[{\"@type\":\"Article\",\"@id\":\"https:\/\/mainhardt.com.br\/contabilidade\/quais-sao-os-principais-pontos-da-reforma-tributaria\/#article\",\"isPartOf\":{\"@id\":\"https:\/\/mainhardt.com.br\/contabilidade\/quais-sao-os-principais-pontos-da-reforma-tributaria\/\"},\"author\":{\"name\":\"Mainhardt\",\"@id\":\"https:\/\/mainhardt.com.br\/contabilidade\/#\/schema\/person\/5adb86ff70668fe847c2e0cb754b35c1\"},\"headline\":\"Quais s\u00e3o os principais pontos da Reforma Tribut\u00e1ria?\",\"datePublished\":\"2024-04-17T12:55:20+00:00\",\"dateModified\":\"2024-04-17T12:55:20+00:00\",\"mainEntityOfPage\":{\"@id\":\"https:\/\/mainhardt.com.br\/contabilidade\/quais-sao-os-principais-pontos-da-reforma-tributaria\/\"},\"wordCount\":950,\"commentCount\":0,\"publisher\":{\"@id\":\"https:\/\/mainhardt.com.br\/contabilidade\/#organization\"},\"articleSection\":[\"Blog\"],\"inLanguage\":\"pt-BR\",\"potentialAction\":[{\"@type\":\"CommentAction\",\"name\":\"Comment\",\"target\":[\"https:\/\/mainhardt.com.br\/contabilidade\/quais-sao-os-principais-pontos-da-reforma-tributaria\/#respond\"]}]},{\"@type\":\"WebPage\",\"@id\":\"https:\/\/mainhardt.com.br\/contabilidade\/quais-sao-os-principais-pontos-da-reforma-tributaria\/\",\"url\":\"https:\/\/mainhardt.com.br\/contabilidade\/quais-sao-os-principais-pontos-da-reforma-tributaria\/\",\"name\":\"Quais s\u00e3o os principais pontos da Reforma Tribut\u00e1ria? - Mainhardt Contabilidade\",\"isPartOf\":{\"@id\":\"https:\/\/mainhardt.com.br\/contabilidade\/#website\"},\"datePublished\":\"2024-04-17T12:55:20+00:00\",\"dateModified\":\"2024-04-17T12:55:20+00:00\",\"breadcrumb\":{\"@id\":\"https:\/\/mainhardt.com.br\/contabilidade\/quais-sao-os-principais-pontos-da-reforma-tributaria\/#breadcrumb\"},\"inLanguage\":\"pt-BR\",\"potentialAction\":[{\"@type\":\"ReadAction\",\"target\":[\"https:\/\/mainhardt.com.br\/contabilidade\/quais-sao-os-principais-pontos-da-reforma-tributaria\/\"]}]},{\"@type\":\"BreadcrumbList\",\"@id\":\"https:\/\/mainhardt.com.br\/contabilidade\/quais-sao-os-principais-pontos-da-reforma-tributaria\/#breadcrumb\",\"itemListElement\":[{\"@type\":\"ListItem\",\"position\":1,\"name\":\"In\u00edcio\",\"item\":\"https:\/\/mainhardt.com.br\/contabilidade\/\"},{\"@type\":\"ListItem\",\"position\":2,\"name\":\"Quais s\u00e3o os principais pontos da Reforma Tribut\u00e1ria?\"}]},{\"@type\":\"WebSite\",\"@id\":\"https:\/\/mainhardt.com.br\/contabilidade\/#website\",\"url\":\"https:\/\/mainhardt.com.br\/contabilidade\/\",\"name\":\"Mainhardt Contabilidade\",\"description\":\"Contabilidade em Santa Catarina\",\"publisher\":{\"@id\":\"https:\/\/mainhardt.com.br\/contabilidade\/#organization\"},\"potentialAction\":[{\"@type\":\"SearchAction\",\"target\":{\"@type\":\"EntryPoint\",\"urlTemplate\":\"https:\/\/mainhardt.com.br\/contabilidade\/?s={search_term_string}\"},\"query-input\":\"required name=search_term_string\"}],\"inLanguage\":\"pt-BR\"},{\"@type\":\"Organization\",\"@id\":\"https:\/\/mainhardt.com.br\/contabilidade\/#organization\",\"name\":\"Mainhardt Contabilidade\",\"url\":\"https:\/\/mainhardt.com.br\/contabilidade\/\",\"sameAs\":[],\"logo\":{\"@type\":\"ImageObject\",\"inLanguage\":\"pt-BR\",\"@id\":\"https:\/\/mainhardt.com.br\/contabilidade\/#\/schema\/logo\/image\/\",\"url\":\"https:\/\/mainhardt.com.br\/contabilidade\/wp-content\/uploads\/2022\/08\/Novo-Projeto-10.png\",\"contentUrl\":\"https:\/\/mainhardt.com.br\/contabilidade\/wp-content\/uploads\/2022\/08\/Novo-Projeto-10.png\",\"width\":170,\"height\":60,\"caption\":\"Mainhardt Contabilidade\"},\"image\":{\"@id\":\"https:\/\/mainhardt.com.br\/contabilidade\/#\/schema\/logo\/image\/\"}},{\"@type\":\"Person\",\"@id\":\"https:\/\/mainhardt.com.br\/contabilidade\/#\/schema\/person\/5adb86ff70668fe847c2e0cb754b35c1\",\"name\":\"Mainhardt\",\"image\":{\"@type\":\"ImageObject\",\"inLanguage\":\"pt-BR\",\"@id\":\"https:\/\/mainhardt.com.br\/contabilidade\/#\/schema\/person\/image\/\",\"url\":\"https:\/\/secure.gravatar.com\/avatar\/b5b5c6cabc18ed3906cf18c60e5aa253aaeba8af55a8c8b92af3925fd5c36d94?s=96&d=mm&r=g\",\"contentUrl\":\"https:\/\/secure.gravatar.com\/avatar\/b5b5c6cabc18ed3906cf18c60e5aa253aaeba8af55a8c8b92af3925fd5c36d94?s=96&d=mm&r=g\",\"caption\":\"Mainhardt\"},\"url\":\"https:\/\/mainhardt.com.br\/contabilidade\/author\/mainhardt\/\"}]}<\/script>\n<!-- \/ Yoast SEO plugin. -->","yoast_head_json":{"title":"Quais s\u00e3o os principais pontos da Reforma Tribut\u00e1ria? - Mainhardt Contabilidade","robots":{"index":"index","follow":"follow","max-snippet":"max-snippet:-1","max-image-preview":"max-image-preview:large","max-video-preview":"max-video-preview:-1"},"canonical":"https:\/\/mainhardt.com.br\/contabilidade\/quais-sao-os-principais-pontos-da-reforma-tributaria\/","og_locale":"pt_BR","og_type":"article","og_title":"Quais s\u00e3o os principais pontos da Reforma Tribut\u00e1ria? - Mainhardt Contabilidade","og_description":"Unifica\u00e7\u00e3o dos tributos Voc\u00ea j\u00e1 viu que o ISS, o ICMS, o IPI, o PIS e a COFINS v\u00e3o ser extintos e substitu\u00eddos por 3 novos tributos: o IBS, a CBS e o IS. Essa \u00e9 uma das mudan\u00e7as importantes da Reforma, com o objetivo de reduzir o n\u00famero de tributos e simplificar sua arrecada\u00e7\u00e3o. [&hellip;]","og_url":"https:\/\/mainhardt.com.br\/contabilidade\/quais-sao-os-principais-pontos-da-reforma-tributaria\/","og_site_name":"Mainhardt Contabilidade","article_published_time":"2024-04-17T12:55:20+00:00","og_image":[{"width":1080,"height":1080,"url":"http:\/\/mainhardt.com.br\/contabilidade\/wp-content\/uploads\/2024\/04\/13592f505899e002ddc464d393aafc6d.jpg","type":"image\/jpeg"}],"author":"Mainhardt","twitter_card":"summary_large_image","twitter_misc":{"Escrito por":"Mainhardt","Est. tempo de leitura":"5 minutos"},"schema":{"@context":"https:\/\/schema.org","@graph":[{"@type":"Article","@id":"https:\/\/mainhardt.com.br\/contabilidade\/quais-sao-os-principais-pontos-da-reforma-tributaria\/#article","isPartOf":{"@id":"https:\/\/mainhardt.com.br\/contabilidade\/quais-sao-os-principais-pontos-da-reforma-tributaria\/"},"author":{"name":"Mainhardt","@id":"https:\/\/mainhardt.com.br\/contabilidade\/#\/schema\/person\/5adb86ff70668fe847c2e0cb754b35c1"},"headline":"Quais s\u00e3o os principais pontos da Reforma Tribut\u00e1ria?","datePublished":"2024-04-17T12:55:20+00:00","dateModified":"2024-04-17T12:55:20+00:00","mainEntityOfPage":{"@id":"https:\/\/mainhardt.com.br\/contabilidade\/quais-sao-os-principais-pontos-da-reforma-tributaria\/"},"wordCount":950,"commentCount":0,"publisher":{"@id":"https:\/\/mainhardt.com.br\/contabilidade\/#organization"},"articleSection":["Blog"],"inLanguage":"pt-BR","potentialAction":[{"@type":"CommentAction","name":"Comment","target":["https:\/\/mainhardt.com.br\/contabilidade\/quais-sao-os-principais-pontos-da-reforma-tributaria\/#respond"]}]},{"@type":"WebPage","@id":"https:\/\/mainhardt.com.br\/contabilidade\/quais-sao-os-principais-pontos-da-reforma-tributaria\/","url":"https:\/\/mainhardt.com.br\/contabilidade\/quais-sao-os-principais-pontos-da-reforma-tributaria\/","name":"Quais s\u00e3o os principais pontos da Reforma Tribut\u00e1ria? - Mainhardt Contabilidade","isPartOf":{"@id":"https:\/\/mainhardt.com.br\/contabilidade\/#website"},"datePublished":"2024-04-17T12:55:20+00:00","dateModified":"2024-04-17T12:55:20+00:00","breadcrumb":{"@id":"https:\/\/mainhardt.com.br\/contabilidade\/quais-sao-os-principais-pontos-da-reforma-tributaria\/#breadcrumb"},"inLanguage":"pt-BR","potentialAction":[{"@type":"ReadAction","target":["https:\/\/mainhardt.com.br\/contabilidade\/quais-sao-os-principais-pontos-da-reforma-tributaria\/"]}]},{"@type":"BreadcrumbList","@id":"https:\/\/mainhardt.com.br\/contabilidade\/quais-sao-os-principais-pontos-da-reforma-tributaria\/#breadcrumb","itemListElement":[{"@type":"ListItem","position":1,"name":"In\u00edcio","item":"https:\/\/mainhardt.com.br\/contabilidade\/"},{"@type":"ListItem","position":2,"name":"Quais s\u00e3o os principais pontos da Reforma Tribut\u00e1ria?"}]},{"@type":"WebSite","@id":"https:\/\/mainhardt.com.br\/contabilidade\/#website","url":"https:\/\/mainhardt.com.br\/contabilidade\/","name":"Mainhardt Contabilidade","description":"Contabilidade em Santa Catarina","publisher":{"@id":"https:\/\/mainhardt.com.br\/contabilidade\/#organization"},"potentialAction":[{"@type":"SearchAction","target":{"@type":"EntryPoint","urlTemplate":"https:\/\/mainhardt.com.br\/contabilidade\/?s={search_term_string}"},"query-input":"required name=search_term_string"}],"inLanguage":"pt-BR"},{"@type":"Organization","@id":"https:\/\/mainhardt.com.br\/contabilidade\/#organization","name":"Mainhardt Contabilidade","url":"https:\/\/mainhardt.com.br\/contabilidade\/","sameAs":[],"logo":{"@type":"ImageObject","inLanguage":"pt-BR","@id":"https:\/\/mainhardt.com.br\/contabilidade\/#\/schema\/logo\/image\/","url":"https:\/\/mainhardt.com.br\/contabilidade\/wp-content\/uploads\/2022\/08\/Novo-Projeto-10.png","contentUrl":"https:\/\/mainhardt.com.br\/contabilidade\/wp-content\/uploads\/2022\/08\/Novo-Projeto-10.png","width":170,"height":60,"caption":"Mainhardt Contabilidade"},"image":{"@id":"https:\/\/mainhardt.com.br\/contabilidade\/#\/schema\/logo\/image\/"}},{"@type":"Person","@id":"https:\/\/mainhardt.com.br\/contabilidade\/#\/schema\/person\/5adb86ff70668fe847c2e0cb754b35c1","name":"Mainhardt","image":{"@type":"ImageObject","inLanguage":"pt-BR","@id":"https:\/\/mainhardt.com.br\/contabilidade\/#\/schema\/person\/image\/","url":"https:\/\/secure.gravatar.com\/avatar\/b5b5c6cabc18ed3906cf18c60e5aa253aaeba8af55a8c8b92af3925fd5c36d94?s=96&d=mm&r=g","contentUrl":"https:\/\/secure.gravatar.com\/avatar\/b5b5c6cabc18ed3906cf18c60e5aa253aaeba8af55a8c8b92af3925fd5c36d94?s=96&d=mm&r=g","caption":"Mainhardt"},"url":"https:\/\/mainhardt.com.br\/contabilidade\/author\/mainhardt\/"}]}},"_links":{"self":[{"href":"https:\/\/mainhardt.com.br\/contabilidade\/wp-json\/wp\/v2\/posts\/2487","targetHints":{"allow":["GET"]}}],"collection":[{"href":"https:\/\/mainhardt.com.br\/contabilidade\/wp-json\/wp\/v2\/posts"}],"about":[{"href":"https:\/\/mainhardt.com.br\/contabilidade\/wp-json\/wp\/v2\/types\/post"}],"author":[{"embeddable":true,"href":"https:\/\/mainhardt.com.br\/contabilidade\/wp-json\/wp\/v2\/users\/4"}],"replies":[{"embeddable":true,"href":"https:\/\/mainhardt.com.br\/contabilidade\/wp-json\/wp\/v2\/comments?post=2487"}],"version-history":[{"count":1,"href":"https:\/\/mainhardt.com.br\/contabilidade\/wp-json\/wp\/v2\/posts\/2487\/revisions"}],"predecessor-version":[{"id":2489,"href":"https:\/\/mainhardt.com.br\/contabilidade\/wp-json\/wp\/v2\/posts\/2487\/revisions\/2489"}],"wp:featuredmedia":[{"embeddable":true,"href":"https:\/\/mainhardt.com.br\/contabilidade\/wp-json\/wp\/v2\/media\/2488"}],"wp:attachment":[{"href":"https:\/\/mainhardt.com.br\/contabilidade\/wp-json\/wp\/v2\/media?parent=2487"}],"wp:term":[{"taxonomy":"category","embeddable":true,"href":"https:\/\/mainhardt.com.br\/contabilidade\/wp-json\/wp\/v2\/categories?post=2487"},{"taxonomy":"post_tag","embeddable":true,"href":"https:\/\/mainhardt.com.br\/contabilidade\/wp-json\/wp\/v2\/tags?post=2487"}],"curies":[{"name":"wp","href":"https:\/\/api.w.org\/{rel}","templated":true}]}}