{"id":2511,"date":"2024-06-20T11:38:21","date_gmt":"2024-06-20T14:38:21","guid":{"rendered":"https:\/\/mainhardt.com.br\/contabilidade\/?p=2511"},"modified":"2024-06-20T11:40:32","modified_gmt":"2024-06-20T14:40:32","slug":"dirbi-receita-federal-anuncia-nova-obrigacao-para-empresas-declararem-beneficios-fiscais","status":"publish","type":"post","link":"https:\/\/mainhardt.com.br\/contabilidade\/dirbi-receita-federal-anuncia-nova-obrigacao-para-empresas-declararem-beneficios-fiscais\/","title":{"rendered":"DIRBI: Receita Federal anuncia nova obriga\u00e7\u00e3o para empresas declararem benef\u00edcios fiscais"},"content":{"rendered":"\n<p>Prezado Cliente,<\/p>\n\n\n\n<p>Em 04\/06\/2024, foi publicado no DOU a Medida Provis\u00f3ria n\u00b0 1.227\/2024 informando que a pessoa jur\u00eddica que usufruir de benef\u00edcio fiscal dever\u00e1 informar \u00e0 Secretaria Especial da Receita Federal do Brasil, por meio de declara\u00e7\u00e3o eletr\u00f4nica, em formato simplificado os incentivos, as ren\u00fancias, os benef\u00edcios ou as imunidades de natureza tribut\u00e1ria de que usufruir e o valor do cr\u00e9dito tribut\u00e1rio correspondente.&nbsp;<\/p>\n\n\n\n<p>Diante do exposto, foi publicado no DOU de 18\/06\/2024 a Instru\u00e7\u00e3o Normativa RFB n\u00b0 2.198, de 17 de junho de 2024 para dar vida a declara\u00e7\u00e3o mencionada na MP 1227, denominada de Dirbi &#8211; Declara\u00e7\u00e3o de Incentivos, Ren\u00fancias, Benef\u00edcios e Imunidades de Natureza Tribut\u00e1ria.<\/p>\n\n\n\n<p>1. Quem \u00e9 obrigado a apresentar a Dirbi?<\/p>\n\n\n\n<p>S\u00e3o obrigados a apresentar a Dirbi mensalmente:<\/p>\n\n\n\n<p>a) pessoas jur\u00eddicas de direito privado em geral, inclusive as equiparadas, as imunes e as isentas;&nbsp;&nbsp;<\/p>\n\n\n\n<p>b) os cons\u00f3rcios que realizam neg\u00f3cios jur\u00eddicos em nome pr\u00f3prio, inclusive na contrata\u00e7\u00e3o de pessoas jur\u00eddicas e f\u00edsicas, com ou sem v\u00ednculo empregat\u00edcio;<\/p>\n\n\n\n<p>c) \u00c0s pessoas jur\u00eddicas enquadradas no Simples Nacional sujeitas ao pagamento da CPRB, hip\u00f3tese em que dever\u00e3o informar na Dirbi os valores relativos \u00e0 diferen\u00e7a entre a CPRB devida e o montante que seria devido caso a declarante n\u00e3o optasse pela CPRB (dever\u00e3o apresentar a Dirbi somente em rela\u00e7\u00e3o aos meses em que houver valores de CPRB a declarar); e&nbsp;<\/p>\n\n\n\n<p>d) \u00c0s pessoas jur\u00eddicas exclu\u00eddas do Simples Nacional, relativamente \u00e0s Dirbi dos per\u00edodos posteriores \u00e0 exclus\u00e3o.&nbsp;<\/p>\n\n\n\n<p>Sendo que o item c e b n\u00e3o devem ser informados na Dirbi os valores apurados na forma do Simples Nacional.<\/p>\n\n\n\n<p>Lembrando: o enquadramento da pessoa jur\u00eddica no Simples Nacional n\u00e3o dispensa a apresenta\u00e7\u00e3o das Dirbi referentes aos per\u00edodos anteriores a sua inclus\u00e3o no regime.<\/p>\n\n\n\n<p>1.1 Sociedades em conta de participa\u00e7\u00e3o \u2013 SCP:<\/p>\n\n\n\n<p>As informa\u00e7\u00f5es relativas \u00e0s sociedades em conta de participa\u00e7\u00e3o &#8211; SCP devem ser apresentadas pelo s\u00f3cio ostensivo:<\/p>\n\n\n\n<p>\u2022 na Dirbi a que estiver obrigado, na hip\u00f3tese em que o s\u00f3cio ostensivo tamb\u00e9m esteja obrigado \u00e0 apresenta\u00e7\u00e3o; ou<\/p>\n\n\n\n<p>\u2022 em Dirbi pr\u00f3pria da SCP.<\/p>\n\n\n\n<p>2. Apresenta\u00e7\u00e3o da Dirbi:<\/p>\n\n\n\n<p>A apresenta\u00e7\u00e3o da Dirbi pelas pessoas jur\u00eddicas deve ser feita de forma centralizada, pelo estabelecimento matriz.<\/p>\n\n\n\n<p>Na aus\u00eancia de fatos a serem informados no per\u00edodo de apura\u00e7\u00e3o, as pessoas jur\u00eddicas a que se refere este artigo n\u00e3o dever\u00e3o apresentar a Dirbi relativa ao respectivo per\u00edodo.<\/p>\n\n\n\n<p>2.1. Como deve ser apresentado?<\/p>\n\n\n\n<p>Dever\u00e1 ser elaborada mediante a utiliza\u00e7\u00e3o de formul\u00e1rios pr\u00f3prios do e-CAC, sendo obrigat\u00f3ria a assinatura digital mediante utiliza\u00e7\u00e3o de certificado digital v\u00e1lido, inclusive para as microempresas e as empresas de pequeno porte e aos casos de extin\u00e7\u00e3o, incorpora\u00e7\u00e3o, fus\u00e3o e cis\u00e3o total ou parcial.<\/p>\n\n\n\n<p>Cabe ressaltar que at\u00e9 o momento n\u00e3o foi publicado o local exato no portal do e-Cac nem os formul\u00e1rios mencionados na legisla\u00e7\u00e3o.<\/p>\n\n\n\n<p>2.2. Conte\u00fado da Dirbi:<\/p>\n\n\n\n<p>Conter\u00e1 informa\u00e7\u00f5es relativas a valores do cr\u00e9dito tribut\u00e1rio referente a impostos e contribui\u00e7\u00f5es que deixaram de ser recolhidos em raz\u00e3o da concess\u00e3o dos incentivos, ren\u00fancias, benef\u00edcios e imunidades de natureza tribut\u00e1ria usufru\u00eddos pelas pessoas jur\u00eddicas constantes do Anexo \u00danico.<\/p>\n\n\n\n<p>As informa\u00e7\u00f5es relativas aos benef\u00edcios referentes ao IRPJ e \u00e0 CSLL dever\u00e3o ser prestadas:<\/p>\n\n\n\n<p>\u2022 No caso de per\u00edodo de apura\u00e7\u00e3o trimestral, na declara\u00e7\u00e3o referente ao m\u00eas de encerramento do per\u00edodo de apura\u00e7\u00e3o; e<\/p>\n\n\n\n<p>\u2022 No caso de per\u00edodo de apura\u00e7\u00e3o anual, na declara\u00e7\u00e3o referente ao m\u00eas de dezembro.<\/p>\n\n\n\n<p>3. Quem est\u00e1 dispensado do envio?<\/p>\n\n\n\n<p>\u2022 A microempresa e a empresa de pequeno porte enquadradas no Simples Nacional, relativamente ao per\u00edodo abrangido pelo regime;<\/p>\n\n\n\n<p>\u2022 MEI;<\/p>\n\n\n\n<p>\u2022 A pessoa jur\u00eddica e demais entidades em in\u00edcio de atividade, relativamente ao per\u00edodo compreendido entre o m\u00eas em que forem registrados seus atos constitutivos e o m\u00eas anterior \u00e0quele em que for efetivada sua inscri\u00e7\u00e3o no CNPJ.<\/p>\n\n\n\n<p>4. Prazo para envio da declara\u00e7\u00e3o:<\/p>\n\n\n\n<p>A Dirbi deve ser apresentada at\u00e9 o vig\u00e9simo dia do segundo m\u00eas subsequente ao do per\u00edodo de apura\u00e7\u00e3o.<\/p>\n\n\n\n<p>Exemplo: Dirbi referente ao m\u00eas 07\/2024 deve ser apresentada at\u00e9 20\/09\/2024.<\/p>\n\n\n\n<p>Aplica-se, inclusive, aos casos de extin\u00e7\u00e3o, incorpora\u00e7\u00e3o, fus\u00e3o e cis\u00e3o total ou parcial.<\/p>\n\n\n\n<p>Como a entrega da Dirbi ser\u00e1 obrigat\u00f3ria em rela\u00e7\u00e3o aos benef\u00edcios fiscais usufru\u00eddos a partir do m\u00eas de janeiro de 2024, aos per\u00edodos de apura\u00e7\u00e3o de janeiro a maio de 2024, a apresenta\u00e7\u00e3o da Dirbi ocorrer\u00e1 at\u00e9 o dia 20 de julho de 2024.<\/p>\n\n\n\n<p>Ou seja, a primeira declara\u00e7\u00e3o deve ser entregue em 20\/07\/2024 com as informa\u00e7\u00f5es de 01 a 05\/2024.<\/p>\n\n\n\n<p>5. Retifica\u00e7\u00e3o:<\/p>\n\n\n\n<p>A Dirbi retificadora tem a mesma natureza da declara\u00e7\u00e3o originariamente apresentada e dever\u00e1 informar novos benef\u00edcios usufru\u00eddos, aumentar ou reduzir os valores j\u00e1 declarados ou efetuar qualquer altera\u00e7\u00e3o nas informa\u00e7\u00f5es anteriormente prestadas.<\/p>\n\n\n\n<p>O direito de o contribuinte retificar a Dirbi extingue-se em cinco anos contados do primeiro dia do exerc\u00edcio seguinte \u00e0quele ao qual se refere a declara\u00e7\u00e3o.<\/p>\n\n\n\n<p>Em caso de Dirbi retificadora que altere valores j\u00e1 informados em outras declara\u00e7\u00f5es ou demonstrativos, estes tamb\u00e9m dever\u00e3o ser retificados.<\/p>\n\n\n\n<p>6. Penalidades:&nbsp;<\/p>\n\n\n\n<p>A pessoa jur\u00eddica que deixar de apresentar a Dirbi no prazo estabelecido ou que apresent\u00e1-la em atraso estar\u00e1 sujeita \u00e0s seguintes penalidades alternativas, calculada por m\u00eas ou fra\u00e7\u00e3o, incidente sobre sua receita bruta, apurada no per\u00edodo, limitada a 30% (trinta por cento) do valor dos benef\u00edcios fiscais usufru\u00eddos:<\/p>\n\n\n\n<p>\u2022 0,5% sobre a receita bruta de at\u00e9 R$ 1.000.000,00;<\/p>\n\n\n\n<p>\u2022 1% sobre a receita bruta de R$ 1.000.000,01 at\u00e9 R$ 10.000.000,00; e<\/p>\n\n\n\n<p>\u2022 1,5% sobre a receita bruta acima de R$ 10.000.000,00.<\/p>\n\n\n\n<p>Ser\u00e1 considerado como termo inicial o dia seguinte ao t\u00e9rmino do prazo fixado para a entrega da Dirbi e como termo final a data da efetiva entrega ou, no caso de n\u00e3o apresenta\u00e7\u00e3o, a data da lavratura do auto de infra\u00e7\u00e3o ou da notifica\u00e7\u00e3o de lan\u00e7amento.<\/p>\n\n\n\n<p>Adicionando a multa de 3%, n\u00e3o inferior a R$ 500,00, sobre o valor omitido, inexato ou incorreto.<\/p>\n\n\n\n<p>A IN publicada em 18\/06\/2024, entrando em vigor em 1\u00b0 de julho de 2024 e retroagindo seus efeitos a 1\u00b0 de janeiro de 2024.<\/p>\n\n\n\n<figure class=\"wp-block-image\"><img decoding=\"async\" src=\"https:\/\/staticfiles.ekanban.com.br\/static\/field_tinymce\/b374aa53-2ec0-4846-a846-6dc23725245d.png\" alt=\"\"\/><\/figure>\n\n\n\n<figure class=\"wp-block-image\"><img decoding=\"async\" src=\"https:\/\/staticfiles.ekanban.com.br\/static\/field_tinymce\/4546c1ce-0fc2-4718-9925-eaf61c240a43.png\" alt=\"\"\/><\/figure>\n\n\n\n<figure class=\"wp-block-image\"><img decoding=\"async\" src=\"https:\/\/staticfiles.ekanban.com.br\/static\/field_tinymce\/490a648a-d797-4f9d-8655-d1b23f491c7b.png\" alt=\"\"\/><\/figure>\n\n\n\n<figure class=\"wp-block-image\"><img decoding=\"async\" src=\"https:\/\/staticfiles.ekanban.com.br\/static\/field_tinymce\/77440769-62c9-48a0-9f48-6cf03bae3b5c.png\" alt=\"\"\/><\/figure>\n\n\n\n<p>Estamos acompanhando e qualquer altera\u00e7\u00e3o, informaremos.<\/p>\n\n\n\n<p>Embasamento legal:<\/p>\n\n\n\n<figure class=\"wp-block-embed\"><div class=\"wp-block-embed__wrapper\">\nhttps:\/\/www.planalto.gov.br\/ccivil_03\/_ato2023-2026\/2024\/mpv\/mpv1227.htm#art2\n<\/div><\/figure>\n\n\n\n<p><a href=\"http:\/\/normas.receita.fazenda.gov.br\/sijut2consulta\/link.action?idAto=138735\">http:\/\/normas.receita.fazenda.gov.br\/sijut2consulta\/link.action?idAto=138735<\/a><\/p>\n","protected":false},"excerpt":{"rendered":"<p>Prezado Cliente, Em 04\/06\/2024, foi publicado no DOU a Medida Provis\u00f3ria n\u00b0 1.227\/2024 informando que a pessoa jur\u00eddica que usufruir de benef\u00edcio fiscal dever\u00e1 informar \u00e0 Secretaria Especial da Receita Federal do Brasil, por meio de declara\u00e7\u00e3o eletr\u00f4nica, em formato simplificado os incentivos, as ren\u00fancias, os benef\u00edcios ou as imunidades de natureza tribut\u00e1ria de que [&hellip;]<\/p>\n","protected":false},"author":4,"featured_media":2513,"comment_status":"open","ping_status":"open","sticky":false,"template":"","format":"standard","meta":{"footnotes":""},"categories":[1],"tags":[],"class_list":["post-2511","post","type-post","status-publish","format-standard","has-post-thumbnail","hentry","category-noticias"],"yoast_head":"<!-- This site is optimized with the Yoast SEO plugin v19.6.1 - https:\/\/yoast.com\/wordpress\/plugins\/seo\/ -->\n<title>DIRBI: Receita Federal anuncia nova obriga\u00e7\u00e3o para empresas declararem benef\u00edcios fiscais - Mainhardt Contabilidade<\/title>\n<meta name=\"robots\" content=\"index, follow, max-snippet:-1, max-image-preview:large, max-video-preview:-1\" \/>\n<link rel=\"canonical\" href=\"https:\/\/mainhardt.com.br\/contabilidade\/dirbi-receita-federal-anuncia-nova-obrigacao-para-empresas-declararem-beneficios-fiscais\/\" \/>\n<meta property=\"og:locale\" content=\"pt_BR\" \/>\n<meta property=\"og:type\" content=\"article\" \/>\n<meta property=\"og:title\" content=\"DIRBI: Receita Federal anuncia nova obriga\u00e7\u00e3o para empresas declararem benef\u00edcios fiscais - Mainhardt Contabilidade\" \/>\n<meta property=\"og:description\" content=\"Prezado Cliente, Em 04\/06\/2024, foi publicado no DOU a Medida Provis\u00f3ria n\u00b0 1.227\/2024 informando que a pessoa jur\u00eddica que usufruir de benef\u00edcio fiscal dever\u00e1 informar \u00e0 Secretaria Especial da Receita Federal do Brasil, por meio de declara\u00e7\u00e3o eletr\u00f4nica, em formato simplificado os incentivos, as ren\u00fancias, os benef\u00edcios ou as imunidades de natureza tribut\u00e1ria de que [&hellip;]\" \/>\n<meta property=\"og:url\" content=\"https:\/\/mainhardt.com.br\/contabilidade\/dirbi-receita-federal-anuncia-nova-obrigacao-para-empresas-declararem-beneficios-fiscais\/\" \/>\n<meta property=\"og:site_name\" content=\"Mainhardt Contabilidade\" \/>\n<meta property=\"article:published_time\" content=\"2024-06-20T14:38:21+00:00\" \/>\n<meta property=\"article:modified_time\" content=\"2024-06-20T14:40:32+00:00\" \/>\n<meta property=\"og:image\" content=\"http:\/\/mainhardt.com.br\/contabilidade\/wp-content\/uploads\/2024\/06\/2ed9908fc2b60e011d082c3ef59599e8.jpg\" \/>\n\t<meta property=\"og:image:width\" content=\"1080\" \/>\n\t<meta property=\"og:image:height\" content=\"1080\" \/>\n\t<meta property=\"og:image:type\" content=\"image\/jpeg\" \/>\n<meta name=\"author\" content=\"Mainhardt\" \/>\n<meta name=\"twitter:card\" content=\"summary_large_image\" \/>\n<meta name=\"twitter:label1\" content=\"Escrito por\" \/>\n\t<meta name=\"twitter:data1\" content=\"Mainhardt\" \/>\n\t<meta name=\"twitter:label2\" content=\"Est. tempo de leitura\" \/>\n\t<meta name=\"twitter:data2\" content=\"7 minutos\" \/>\n<script type=\"application\/ld+json\" class=\"yoast-schema-graph\">{\"@context\":\"https:\/\/schema.org\",\"@graph\":[{\"@type\":\"Article\",\"@id\":\"https:\/\/mainhardt.com.br\/contabilidade\/dirbi-receita-federal-anuncia-nova-obrigacao-para-empresas-declararem-beneficios-fiscais\/#article\",\"isPartOf\":{\"@id\":\"https:\/\/mainhardt.com.br\/contabilidade\/dirbi-receita-federal-anuncia-nova-obrigacao-para-empresas-declararem-beneficios-fiscais\/\"},\"author\":{\"name\":\"Mainhardt\",\"@id\":\"https:\/\/mainhardt.com.br\/contabilidade\/#\/schema\/person\/5adb86ff70668fe847c2e0cb754b35c1\"},\"headline\":\"DIRBI: Receita Federal anuncia nova obriga\u00e7\u00e3o para empresas declararem benef\u00edcios fiscais\",\"datePublished\":\"2024-06-20T14:38:21+00:00\",\"dateModified\":\"2024-06-20T14:40:32+00:00\",\"mainEntityOfPage\":{\"@id\":\"https:\/\/mainhardt.com.br\/contabilidade\/dirbi-receita-federal-anuncia-nova-obrigacao-para-empresas-declararem-beneficios-fiscais\/\"},\"wordCount\":1116,\"commentCount\":0,\"publisher\":{\"@id\":\"https:\/\/mainhardt.com.br\/contabilidade\/#organization\"},\"articleSection\":[\"Not\u00edcias\"],\"inLanguage\":\"pt-BR\",\"potentialAction\":[{\"@type\":\"CommentAction\",\"name\":\"Comment\",\"target\":[\"https:\/\/mainhardt.com.br\/contabilidade\/dirbi-receita-federal-anuncia-nova-obrigacao-para-empresas-declararem-beneficios-fiscais\/#respond\"]}]},{\"@type\":\"WebPage\",\"@id\":\"https:\/\/mainhardt.com.br\/contabilidade\/dirbi-receita-federal-anuncia-nova-obrigacao-para-empresas-declararem-beneficios-fiscais\/\",\"url\":\"https:\/\/mainhardt.com.br\/contabilidade\/dirbi-receita-federal-anuncia-nova-obrigacao-para-empresas-declararem-beneficios-fiscais\/\",\"name\":\"DIRBI: Receita Federal anuncia nova obriga\u00e7\u00e3o para empresas declararem benef\u00edcios fiscais - Mainhardt Contabilidade\",\"isPartOf\":{\"@id\":\"https:\/\/mainhardt.com.br\/contabilidade\/#website\"},\"datePublished\":\"2024-06-20T14:38:21+00:00\",\"dateModified\":\"2024-06-20T14:40:32+00:00\",\"breadcrumb\":{\"@id\":\"https:\/\/mainhardt.com.br\/contabilidade\/dirbi-receita-federal-anuncia-nova-obrigacao-para-empresas-declararem-beneficios-fiscais\/#breadcrumb\"},\"inLanguage\":\"pt-BR\",\"potentialAction\":[{\"@type\":\"ReadAction\",\"target\":[\"https:\/\/mainhardt.com.br\/contabilidade\/dirbi-receita-federal-anuncia-nova-obrigacao-para-empresas-declararem-beneficios-fiscais\/\"]}]},{\"@type\":\"BreadcrumbList\",\"@id\":\"https:\/\/mainhardt.com.br\/contabilidade\/dirbi-receita-federal-anuncia-nova-obrigacao-para-empresas-declararem-beneficios-fiscais\/#breadcrumb\",\"itemListElement\":[{\"@type\":\"ListItem\",\"position\":1,\"name\":\"In\u00edcio\",\"item\":\"https:\/\/mainhardt.com.br\/contabilidade\/\"},{\"@type\":\"ListItem\",\"position\":2,\"name\":\"DIRBI: Receita Federal anuncia nova obriga\u00e7\u00e3o para empresas declararem benef\u00edcios fiscais\"}]},{\"@type\":\"WebSite\",\"@id\":\"https:\/\/mainhardt.com.br\/contabilidade\/#website\",\"url\":\"https:\/\/mainhardt.com.br\/contabilidade\/\",\"name\":\"Mainhardt Contabilidade\",\"description\":\"Contabilidade em Santa Catarina\",\"publisher\":{\"@id\":\"https:\/\/mainhardt.com.br\/contabilidade\/#organization\"},\"potentialAction\":[{\"@type\":\"SearchAction\",\"target\":{\"@type\":\"EntryPoint\",\"urlTemplate\":\"https:\/\/mainhardt.com.br\/contabilidade\/?s={search_term_string}\"},\"query-input\":\"required name=search_term_string\"}],\"inLanguage\":\"pt-BR\"},{\"@type\":\"Organization\",\"@id\":\"https:\/\/mainhardt.com.br\/contabilidade\/#organization\",\"name\":\"Mainhardt Contabilidade\",\"url\":\"https:\/\/mainhardt.com.br\/contabilidade\/\",\"sameAs\":[],\"logo\":{\"@type\":\"ImageObject\",\"inLanguage\":\"pt-BR\",\"@id\":\"https:\/\/mainhardt.com.br\/contabilidade\/#\/schema\/logo\/image\/\",\"url\":\"https:\/\/mainhardt.com.br\/contabilidade\/wp-content\/uploads\/2022\/08\/Novo-Projeto-10.png\",\"contentUrl\":\"https:\/\/mainhardt.com.br\/contabilidade\/wp-content\/uploads\/2022\/08\/Novo-Projeto-10.png\",\"width\":170,\"height\":60,\"caption\":\"Mainhardt Contabilidade\"},\"image\":{\"@id\":\"https:\/\/mainhardt.com.br\/contabilidade\/#\/schema\/logo\/image\/\"}},{\"@type\":\"Person\",\"@id\":\"https:\/\/mainhardt.com.br\/contabilidade\/#\/schema\/person\/5adb86ff70668fe847c2e0cb754b35c1\",\"name\":\"Mainhardt\",\"image\":{\"@type\":\"ImageObject\",\"inLanguage\":\"pt-BR\",\"@id\":\"https:\/\/mainhardt.com.br\/contabilidade\/#\/schema\/person\/image\/\",\"url\":\"https:\/\/secure.gravatar.com\/avatar\/b5b5c6cabc18ed3906cf18c60e5aa253aaeba8af55a8c8b92af3925fd5c36d94?s=96&d=mm&r=g\",\"contentUrl\":\"https:\/\/secure.gravatar.com\/avatar\/b5b5c6cabc18ed3906cf18c60e5aa253aaeba8af55a8c8b92af3925fd5c36d94?s=96&d=mm&r=g\",\"caption\":\"Mainhardt\"},\"url\":\"https:\/\/mainhardt.com.br\/contabilidade\/author\/mainhardt\/\"}]}<\/script>\n<!-- \/ Yoast SEO plugin. -->","yoast_head_json":{"title":"DIRBI: Receita Federal anuncia nova obriga\u00e7\u00e3o para empresas declararem benef\u00edcios fiscais - Mainhardt Contabilidade","robots":{"index":"index","follow":"follow","max-snippet":"max-snippet:-1","max-image-preview":"max-image-preview:large","max-video-preview":"max-video-preview:-1"},"canonical":"https:\/\/mainhardt.com.br\/contabilidade\/dirbi-receita-federal-anuncia-nova-obrigacao-para-empresas-declararem-beneficios-fiscais\/","og_locale":"pt_BR","og_type":"article","og_title":"DIRBI: Receita Federal anuncia nova obriga\u00e7\u00e3o para empresas declararem benef\u00edcios fiscais - Mainhardt Contabilidade","og_description":"Prezado Cliente, Em 04\/06\/2024, foi publicado no DOU a Medida Provis\u00f3ria n\u00b0 1.227\/2024 informando que a pessoa jur\u00eddica que usufruir de benef\u00edcio fiscal dever\u00e1 informar \u00e0 Secretaria Especial da Receita Federal do Brasil, por meio de declara\u00e7\u00e3o eletr\u00f4nica, em formato simplificado os incentivos, as ren\u00fancias, os benef\u00edcios ou as imunidades de natureza tribut\u00e1ria de que [&hellip;]","og_url":"https:\/\/mainhardt.com.br\/contabilidade\/dirbi-receita-federal-anuncia-nova-obrigacao-para-empresas-declararem-beneficios-fiscais\/","og_site_name":"Mainhardt Contabilidade","article_published_time":"2024-06-20T14:38:21+00:00","article_modified_time":"2024-06-20T14:40:32+00:00","og_image":[{"width":1080,"height":1080,"url":"http:\/\/mainhardt.com.br\/contabilidade\/wp-content\/uploads\/2024\/06\/2ed9908fc2b60e011d082c3ef59599e8.jpg","type":"image\/jpeg"}],"author":"Mainhardt","twitter_card":"summary_large_image","twitter_misc":{"Escrito por":"Mainhardt","Est. tempo de leitura":"7 minutos"},"schema":{"@context":"https:\/\/schema.org","@graph":[{"@type":"Article","@id":"https:\/\/mainhardt.com.br\/contabilidade\/dirbi-receita-federal-anuncia-nova-obrigacao-para-empresas-declararem-beneficios-fiscais\/#article","isPartOf":{"@id":"https:\/\/mainhardt.com.br\/contabilidade\/dirbi-receita-federal-anuncia-nova-obrigacao-para-empresas-declararem-beneficios-fiscais\/"},"author":{"name":"Mainhardt","@id":"https:\/\/mainhardt.com.br\/contabilidade\/#\/schema\/person\/5adb86ff70668fe847c2e0cb754b35c1"},"headline":"DIRBI: Receita Federal anuncia nova obriga\u00e7\u00e3o para empresas declararem benef\u00edcios fiscais","datePublished":"2024-06-20T14:38:21+00:00","dateModified":"2024-06-20T14:40:32+00:00","mainEntityOfPage":{"@id":"https:\/\/mainhardt.com.br\/contabilidade\/dirbi-receita-federal-anuncia-nova-obrigacao-para-empresas-declararem-beneficios-fiscais\/"},"wordCount":1116,"commentCount":0,"publisher":{"@id":"https:\/\/mainhardt.com.br\/contabilidade\/#organization"},"articleSection":["Not\u00edcias"],"inLanguage":"pt-BR","potentialAction":[{"@type":"CommentAction","name":"Comment","target":["https:\/\/mainhardt.com.br\/contabilidade\/dirbi-receita-federal-anuncia-nova-obrigacao-para-empresas-declararem-beneficios-fiscais\/#respond"]}]},{"@type":"WebPage","@id":"https:\/\/mainhardt.com.br\/contabilidade\/dirbi-receita-federal-anuncia-nova-obrigacao-para-empresas-declararem-beneficios-fiscais\/","url":"https:\/\/mainhardt.com.br\/contabilidade\/dirbi-receita-federal-anuncia-nova-obrigacao-para-empresas-declararem-beneficios-fiscais\/","name":"DIRBI: Receita Federal anuncia nova obriga\u00e7\u00e3o para empresas declararem benef\u00edcios fiscais - Mainhardt Contabilidade","isPartOf":{"@id":"https:\/\/mainhardt.com.br\/contabilidade\/#website"},"datePublished":"2024-06-20T14:38:21+00:00","dateModified":"2024-06-20T14:40:32+00:00","breadcrumb":{"@id":"https:\/\/mainhardt.com.br\/contabilidade\/dirbi-receita-federal-anuncia-nova-obrigacao-para-empresas-declararem-beneficios-fiscais\/#breadcrumb"},"inLanguage":"pt-BR","potentialAction":[{"@type":"ReadAction","target":["https:\/\/mainhardt.com.br\/contabilidade\/dirbi-receita-federal-anuncia-nova-obrigacao-para-empresas-declararem-beneficios-fiscais\/"]}]},{"@type":"BreadcrumbList","@id":"https:\/\/mainhardt.com.br\/contabilidade\/dirbi-receita-federal-anuncia-nova-obrigacao-para-empresas-declararem-beneficios-fiscais\/#breadcrumb","itemListElement":[{"@type":"ListItem","position":1,"name":"In\u00edcio","item":"https:\/\/mainhardt.com.br\/contabilidade\/"},{"@type":"ListItem","position":2,"name":"DIRBI: Receita Federal anuncia nova obriga\u00e7\u00e3o para empresas declararem benef\u00edcios fiscais"}]},{"@type":"WebSite","@id":"https:\/\/mainhardt.com.br\/contabilidade\/#website","url":"https:\/\/mainhardt.com.br\/contabilidade\/","name":"Mainhardt Contabilidade","description":"Contabilidade em Santa Catarina","publisher":{"@id":"https:\/\/mainhardt.com.br\/contabilidade\/#organization"},"potentialAction":[{"@type":"SearchAction","target":{"@type":"EntryPoint","urlTemplate":"https:\/\/mainhardt.com.br\/contabilidade\/?s={search_term_string}"},"query-input":"required name=search_term_string"}],"inLanguage":"pt-BR"},{"@type":"Organization","@id":"https:\/\/mainhardt.com.br\/contabilidade\/#organization","name":"Mainhardt Contabilidade","url":"https:\/\/mainhardt.com.br\/contabilidade\/","sameAs":[],"logo":{"@type":"ImageObject","inLanguage":"pt-BR","@id":"https:\/\/mainhardt.com.br\/contabilidade\/#\/schema\/logo\/image\/","url":"https:\/\/mainhardt.com.br\/contabilidade\/wp-content\/uploads\/2022\/08\/Novo-Projeto-10.png","contentUrl":"https:\/\/mainhardt.com.br\/contabilidade\/wp-content\/uploads\/2022\/08\/Novo-Projeto-10.png","width":170,"height":60,"caption":"Mainhardt Contabilidade"},"image":{"@id":"https:\/\/mainhardt.com.br\/contabilidade\/#\/schema\/logo\/image\/"}},{"@type":"Person","@id":"https:\/\/mainhardt.com.br\/contabilidade\/#\/schema\/person\/5adb86ff70668fe847c2e0cb754b35c1","name":"Mainhardt","image":{"@type":"ImageObject","inLanguage":"pt-BR","@id":"https:\/\/mainhardt.com.br\/contabilidade\/#\/schema\/person\/image\/","url":"https:\/\/secure.gravatar.com\/avatar\/b5b5c6cabc18ed3906cf18c60e5aa253aaeba8af55a8c8b92af3925fd5c36d94?s=96&d=mm&r=g","contentUrl":"https:\/\/secure.gravatar.com\/avatar\/b5b5c6cabc18ed3906cf18c60e5aa253aaeba8af55a8c8b92af3925fd5c36d94?s=96&d=mm&r=g","caption":"Mainhardt"},"url":"https:\/\/mainhardt.com.br\/contabilidade\/author\/mainhardt\/"}]}},"_links":{"self":[{"href":"https:\/\/mainhardt.com.br\/contabilidade\/wp-json\/wp\/v2\/posts\/2511","targetHints":{"allow":["GET"]}}],"collection":[{"href":"https:\/\/mainhardt.com.br\/contabilidade\/wp-json\/wp\/v2\/posts"}],"about":[{"href":"https:\/\/mainhardt.com.br\/contabilidade\/wp-json\/wp\/v2\/types\/post"}],"author":[{"embeddable":true,"href":"https:\/\/mainhardt.com.br\/contabilidade\/wp-json\/wp\/v2\/users\/4"}],"replies":[{"embeddable":true,"href":"https:\/\/mainhardt.com.br\/contabilidade\/wp-json\/wp\/v2\/comments?post=2511"}],"version-history":[{"count":1,"href":"https:\/\/mainhardt.com.br\/contabilidade\/wp-json\/wp\/v2\/posts\/2511\/revisions"}],"predecessor-version":[{"id":2512,"href":"https:\/\/mainhardt.com.br\/contabilidade\/wp-json\/wp\/v2\/posts\/2511\/revisions\/2512"}],"wp:featuredmedia":[{"embeddable":true,"href":"https:\/\/mainhardt.com.br\/contabilidade\/wp-json\/wp\/v2\/media\/2513"}],"wp:attachment":[{"href":"https:\/\/mainhardt.com.br\/contabilidade\/wp-json\/wp\/v2\/media?parent=2511"}],"wp:term":[{"taxonomy":"category","embeddable":true,"href":"https:\/\/mainhardt.com.br\/contabilidade\/wp-json\/wp\/v2\/categories?post=2511"},{"taxonomy":"post_tag","embeddable":true,"href":"https:\/\/mainhardt.com.br\/contabilidade\/wp-json\/wp\/v2\/tags?post=2511"}],"curies":[{"name":"wp","href":"https:\/\/api.w.org\/{rel}","templated":true}]}}