{"id":2515,"date":"2024-07-17T11:26:05","date_gmt":"2024-07-17T14:26:05","guid":{"rendered":"https:\/\/mainhardt.com.br\/contabilidade\/?p=2515"},"modified":"2024-07-17T11:26:06","modified_gmt":"2024-07-17T14:26:06","slug":"governo-amplia-prazo-para-empresas-aderirem-a-lei-do-bem-e-reduzir-os-impostos","status":"publish","type":"post","link":"https:\/\/mainhardt.com.br\/contabilidade\/governo-amplia-prazo-para-empresas-aderirem-a-lei-do-bem-e-reduzir-os-impostos\/","title":{"rendered":"Governo amplia prazo para empresas aderirem a Lei do Bem e reduzir os impostos"},"content":{"rendered":"\n<p>Governo amplia prazo para empresas aderirem a Lei do Bem e reduzir os impostos<br>Minist\u00e9rio anuncia novo formul\u00e1rio eletr\u00f4nico para submiss\u00e3o de projeto \u00e0 Lei do Bem.<\/p>\n\n\n\n<p>O governo decidiu ampliar o prazo para as empresas fazerem a ades\u00e3o \u00e0 Lei do Bem. A nova data passou de 31 de julho para 30 de setembro.<\/p>\n\n\n\n<p>Para fazer a ades\u00e3o \u00e0 Lei do Bem, as empresas devem seguir alguns crit\u00e9rios:<\/p>\n\n\n\n<ul class=\"wp-block-list\">\n<li>Serem tributadas com base no lucro real;<\/li>\n\n\n\n<li>Terem registrado lucro no ano fiscal anterior;<\/li>\n\n\n\n<li>N\u00e3o estarem inadimplentes;<\/li>\n\n\n\n<li>N\u00e3o \u00e9 fundamental ter setores estruturados de pesquisa e desenvolvimento e projetos pontuais de inova\u00e7\u00e3o.<\/li>\n<\/ul>\n\n\n\n<p>O Minist\u00e9rio da Ci\u00eancia e Inova\u00e7\u00e3o (MCTI) lan\u00e7ou o novo formul\u00e1rio eletr\u00f4nico para submiss\u00e3o de projeto para a lei, o chamado FormP&amp;D que, agora, \u00e9 integrado \u00e0 plataforma gov.br e \u00e0 base de dados da Receita Federal.<\/p>\n\n\n\n<p>Com o lan\u00e7amento desse formul\u00e1rio eletr\u00f4nico, a navega\u00e7\u00e3o do usu\u00e1rio ficar\u00e1 ainda mais r\u00e1pida, intuitiva e interativa, podendo ser usada simultaneamente por representantes de uma mesma empresa.<\/p>\n\n\n\n<p>\u00c9 importante mencionar que as empresas que aderirem \u00e0 Lei do Bem podem ser beneficiadas pela redu\u00e7\u00e3o de 50% no Imposto sobre Produtos Industrializados (IPI) ao fazer a compra de maquin\u00e1rios e equipamentos para projetos de pesquisa e desenvolvimento.<\/p>\n\n\n\n<p>Outra vantagem na ades\u00e3o \u00e9 a redu\u00e7\u00e3o a zero da al\u00edquota de Imposto de Renda Retido na Fonte (IRRF) de remessas praticadas para o exterior destinadas ao registro e manuten\u00e7\u00e3o de marcas, cultivares e patentes. \u00c9 v\u00e1lido tamb\u00e9m salientar que os percentuais variam segundo cada caso.<\/p>\n\n\n\n<p>De acordo com balan\u00e7o apresentado pela ministra da Ci\u00eancia, Tecnologia e Inova\u00e7\u00e3o, Luciana Santos, a Lei do Bem alcan\u00e7ou n\u00fameros recordes no ano base de 2022, com 3.593 empresas participantes e totalizando R$ 35,7 bilh\u00f5es investidos em 13.789 projetos de P&amp;D.<\/p>\n","protected":false},"excerpt":{"rendered":"<p>O governo decidiu ampliar o prazo para as empresas fazerem a ades\u00e3o \u00e0 Lei do Bem. A nova data passou de 31 de julho para 30 de setembro.<\/p>\n","protected":false},"author":4,"featured_media":2516,"comment_status":"open","ping_status":"open","sticky":false,"template":"","format":"standard","meta":{"footnotes":""},"categories":[1],"tags":[],"class_list":["post-2515","post","type-post","status-publish","format-standard","has-post-thumbnail","hentry","category-noticias"],"yoast_head":"<!-- This site is optimized with the Yoast SEO plugin v19.6.1 - https:\/\/yoast.com\/wordpress\/plugins\/seo\/ -->\n<title>Governo amplia prazo para empresas aderirem a Lei do Bem e reduzir os impostos - Mainhardt Contabilidade<\/title>\n<meta name=\"robots\" content=\"index, follow, max-snippet:-1, max-image-preview:large, max-video-preview:-1\" \/>\n<link rel=\"canonical\" href=\"https:\/\/mainhardt.com.br\/contabilidade\/governo-amplia-prazo-para-empresas-aderirem-a-lei-do-bem-e-reduzir-os-impostos\/\" \/>\n<meta property=\"og:locale\" content=\"pt_BR\" \/>\n<meta property=\"og:type\" content=\"article\" \/>\n<meta property=\"og:title\" content=\"Governo amplia prazo para empresas aderirem a Lei do Bem e reduzir os impostos - Mainhardt Contabilidade\" \/>\n<meta property=\"og:description\" content=\"O governo decidiu ampliar o prazo para as empresas fazerem a ades\u00e3o \u00e0 Lei do Bem. A nova data passou de 31 de julho para 30 de setembro.\" \/>\n<meta property=\"og:url\" content=\"https:\/\/mainhardt.com.br\/contabilidade\/governo-amplia-prazo-para-empresas-aderirem-a-lei-do-bem-e-reduzir-os-impostos\/\" \/>\n<meta property=\"og:site_name\" content=\"Mainhardt Contabilidade\" \/>\n<meta property=\"article:published_time\" content=\"2024-07-17T14:26:05+00:00\" \/>\n<meta property=\"article:modified_time\" content=\"2024-07-17T14:26:06+00:00\" \/>\n<meta property=\"og:image\" content=\"http:\/\/mainhardt.com.br\/contabilidade\/wp-content\/uploads\/2024\/07\/governo.jpg\" \/>\n\t<meta property=\"og:image:width\" content=\"1080\" \/>\n\t<meta property=\"og:image:height\" content=\"1080\" \/>\n\t<meta property=\"og:image:type\" content=\"image\/jpeg\" \/>\n<meta name=\"author\" content=\"Mainhardt\" \/>\n<meta name=\"twitter:card\" content=\"summary_large_image\" \/>\n<meta name=\"twitter:label1\" content=\"Escrito por\" \/>\n\t<meta name=\"twitter:data1\" content=\"Mainhardt\" \/>\n\t<meta name=\"twitter:label2\" content=\"Est. tempo de leitura\" \/>\n\t<meta name=\"twitter:data2\" content=\"2 minutos\" \/>\n<script type=\"application\/ld+json\" class=\"yoast-schema-graph\">{\"@context\":\"https:\/\/schema.org\",\"@graph\":[{\"@type\":\"Article\",\"@id\":\"https:\/\/mainhardt.com.br\/contabilidade\/governo-amplia-prazo-para-empresas-aderirem-a-lei-do-bem-e-reduzir-os-impostos\/#article\",\"isPartOf\":{\"@id\":\"https:\/\/mainhardt.com.br\/contabilidade\/governo-amplia-prazo-para-empresas-aderirem-a-lei-do-bem-e-reduzir-os-impostos\/\"},\"author\":{\"name\":\"Mainhardt\",\"@id\":\"https:\/\/mainhardt.com.br\/contabilidade\/#\/schema\/person\/5adb86ff70668fe847c2e0cb754b35c1\"},\"headline\":\"Governo amplia prazo para empresas aderirem a Lei do Bem e reduzir os impostos\",\"datePublished\":\"2024-07-17T14:26:05+00:00\",\"dateModified\":\"2024-07-17T14:26:06+00:00\",\"mainEntityOfPage\":{\"@id\":\"https:\/\/mainhardt.com.br\/contabilidade\/governo-amplia-prazo-para-empresas-aderirem-a-lei-do-bem-e-reduzir-os-impostos\/\"},\"wordCount\":328,\"commentCount\":0,\"publisher\":{\"@id\":\"https:\/\/mainhardt.com.br\/contabilidade\/#organization\"},\"articleSection\":[\"Not\u00edcias\"],\"inLanguage\":\"pt-BR\",\"potentialAction\":[{\"@type\":\"CommentAction\",\"name\":\"Comment\",\"target\":[\"https:\/\/mainhardt.com.br\/contabilidade\/governo-amplia-prazo-para-empresas-aderirem-a-lei-do-bem-e-reduzir-os-impostos\/#respond\"]}]},{\"@type\":\"WebPage\",\"@id\":\"https:\/\/mainhardt.com.br\/contabilidade\/governo-amplia-prazo-para-empresas-aderirem-a-lei-do-bem-e-reduzir-os-impostos\/\",\"url\":\"https:\/\/mainhardt.com.br\/contabilidade\/governo-amplia-prazo-para-empresas-aderirem-a-lei-do-bem-e-reduzir-os-impostos\/\",\"name\":\"Governo amplia prazo para empresas aderirem a Lei do Bem e reduzir os impostos - Mainhardt Contabilidade\",\"isPartOf\":{\"@id\":\"https:\/\/mainhardt.com.br\/contabilidade\/#website\"},\"datePublished\":\"2024-07-17T14:26:05+00:00\",\"dateModified\":\"2024-07-17T14:26:06+00:00\",\"breadcrumb\":{\"@id\":\"https:\/\/mainhardt.com.br\/contabilidade\/governo-amplia-prazo-para-empresas-aderirem-a-lei-do-bem-e-reduzir-os-impostos\/#breadcrumb\"},\"inLanguage\":\"pt-BR\",\"potentialAction\":[{\"@type\":\"ReadAction\",\"target\":[\"https:\/\/mainhardt.com.br\/contabilidade\/governo-amplia-prazo-para-empresas-aderirem-a-lei-do-bem-e-reduzir-os-impostos\/\"]}]},{\"@type\":\"BreadcrumbList\",\"@id\":\"https:\/\/mainhardt.com.br\/contabilidade\/governo-amplia-prazo-para-empresas-aderirem-a-lei-do-bem-e-reduzir-os-impostos\/#breadcrumb\",\"itemListElement\":[{\"@type\":\"ListItem\",\"position\":1,\"name\":\"In\u00edcio\",\"item\":\"https:\/\/mainhardt.com.br\/contabilidade\/\"},{\"@type\":\"ListItem\",\"position\":2,\"name\":\"Governo amplia prazo para empresas aderirem a Lei do Bem e reduzir os impostos\"}]},{\"@type\":\"WebSite\",\"@id\":\"https:\/\/mainhardt.com.br\/contabilidade\/#website\",\"url\":\"https:\/\/mainhardt.com.br\/contabilidade\/\",\"name\":\"Mainhardt Contabilidade\",\"description\":\"Contabilidade em Santa Catarina\",\"publisher\":{\"@id\":\"https:\/\/mainhardt.com.br\/contabilidade\/#organization\"},\"potentialAction\":[{\"@type\":\"SearchAction\",\"target\":{\"@type\":\"EntryPoint\",\"urlTemplate\":\"https:\/\/mainhardt.com.br\/contabilidade\/?s={search_term_string}\"},\"query-input\":\"required name=search_term_string\"}],\"inLanguage\":\"pt-BR\"},{\"@type\":\"Organization\",\"@id\":\"https:\/\/mainhardt.com.br\/contabilidade\/#organization\",\"name\":\"Mainhardt Contabilidade\",\"url\":\"https:\/\/mainhardt.com.br\/contabilidade\/\",\"sameAs\":[],\"logo\":{\"@type\":\"ImageObject\",\"inLanguage\":\"pt-BR\",\"@id\":\"https:\/\/mainhardt.com.br\/contabilidade\/#\/schema\/logo\/image\/\",\"url\":\"https:\/\/mainhardt.com.br\/contabilidade\/wp-content\/uploads\/2022\/08\/Novo-Projeto-10.png\",\"contentUrl\":\"https:\/\/mainhardt.com.br\/contabilidade\/wp-content\/uploads\/2022\/08\/Novo-Projeto-10.png\",\"width\":170,\"height\":60,\"caption\":\"Mainhardt Contabilidade\"},\"image\":{\"@id\":\"https:\/\/mainhardt.com.br\/contabilidade\/#\/schema\/logo\/image\/\"}},{\"@type\":\"Person\",\"@id\":\"https:\/\/mainhardt.com.br\/contabilidade\/#\/schema\/person\/5adb86ff70668fe847c2e0cb754b35c1\",\"name\":\"Mainhardt\",\"image\":{\"@type\":\"ImageObject\",\"inLanguage\":\"pt-BR\",\"@id\":\"https:\/\/mainhardt.com.br\/contabilidade\/#\/schema\/person\/image\/\",\"url\":\"https:\/\/secure.gravatar.com\/avatar\/b5b5c6cabc18ed3906cf18c60e5aa253aaeba8af55a8c8b92af3925fd5c36d94?s=96&d=mm&r=g\",\"contentUrl\":\"https:\/\/secure.gravatar.com\/avatar\/b5b5c6cabc18ed3906cf18c60e5aa253aaeba8af55a8c8b92af3925fd5c36d94?s=96&d=mm&r=g\",\"caption\":\"Mainhardt\"},\"url\":\"https:\/\/mainhardt.com.br\/contabilidade\/author\/mainhardt\/\"}]}<\/script>\n<!-- \/ Yoast SEO plugin. -->","yoast_head_json":{"title":"Governo amplia prazo para empresas aderirem a Lei do Bem e reduzir os impostos - Mainhardt Contabilidade","robots":{"index":"index","follow":"follow","max-snippet":"max-snippet:-1","max-image-preview":"max-image-preview:large","max-video-preview":"max-video-preview:-1"},"canonical":"https:\/\/mainhardt.com.br\/contabilidade\/governo-amplia-prazo-para-empresas-aderirem-a-lei-do-bem-e-reduzir-os-impostos\/","og_locale":"pt_BR","og_type":"article","og_title":"Governo amplia prazo para empresas aderirem a Lei do Bem e reduzir os impostos - Mainhardt Contabilidade","og_description":"O governo decidiu ampliar o prazo para as empresas fazerem a ades\u00e3o \u00e0 Lei do Bem. A nova data passou de 31 de julho para 30 de setembro.","og_url":"https:\/\/mainhardt.com.br\/contabilidade\/governo-amplia-prazo-para-empresas-aderirem-a-lei-do-bem-e-reduzir-os-impostos\/","og_site_name":"Mainhardt Contabilidade","article_published_time":"2024-07-17T14:26:05+00:00","article_modified_time":"2024-07-17T14:26:06+00:00","og_image":[{"width":1080,"height":1080,"url":"http:\/\/mainhardt.com.br\/contabilidade\/wp-content\/uploads\/2024\/07\/governo.jpg","type":"image\/jpeg"}],"author":"Mainhardt","twitter_card":"summary_large_image","twitter_misc":{"Escrito por":"Mainhardt","Est. tempo de leitura":"2 minutos"},"schema":{"@context":"https:\/\/schema.org","@graph":[{"@type":"Article","@id":"https:\/\/mainhardt.com.br\/contabilidade\/governo-amplia-prazo-para-empresas-aderirem-a-lei-do-bem-e-reduzir-os-impostos\/#article","isPartOf":{"@id":"https:\/\/mainhardt.com.br\/contabilidade\/governo-amplia-prazo-para-empresas-aderirem-a-lei-do-bem-e-reduzir-os-impostos\/"},"author":{"name":"Mainhardt","@id":"https:\/\/mainhardt.com.br\/contabilidade\/#\/schema\/person\/5adb86ff70668fe847c2e0cb754b35c1"},"headline":"Governo amplia prazo para empresas aderirem a Lei do Bem e reduzir os impostos","datePublished":"2024-07-17T14:26:05+00:00","dateModified":"2024-07-17T14:26:06+00:00","mainEntityOfPage":{"@id":"https:\/\/mainhardt.com.br\/contabilidade\/governo-amplia-prazo-para-empresas-aderirem-a-lei-do-bem-e-reduzir-os-impostos\/"},"wordCount":328,"commentCount":0,"publisher":{"@id":"https:\/\/mainhardt.com.br\/contabilidade\/#organization"},"articleSection":["Not\u00edcias"],"inLanguage":"pt-BR","potentialAction":[{"@type":"CommentAction","name":"Comment","target":["https:\/\/mainhardt.com.br\/contabilidade\/governo-amplia-prazo-para-empresas-aderirem-a-lei-do-bem-e-reduzir-os-impostos\/#respond"]}]},{"@type":"WebPage","@id":"https:\/\/mainhardt.com.br\/contabilidade\/governo-amplia-prazo-para-empresas-aderirem-a-lei-do-bem-e-reduzir-os-impostos\/","url":"https:\/\/mainhardt.com.br\/contabilidade\/governo-amplia-prazo-para-empresas-aderirem-a-lei-do-bem-e-reduzir-os-impostos\/","name":"Governo amplia prazo para empresas aderirem a Lei do Bem e reduzir os impostos - Mainhardt Contabilidade","isPartOf":{"@id":"https:\/\/mainhardt.com.br\/contabilidade\/#website"},"datePublished":"2024-07-17T14:26:05+00:00","dateModified":"2024-07-17T14:26:06+00:00","breadcrumb":{"@id":"https:\/\/mainhardt.com.br\/contabilidade\/governo-amplia-prazo-para-empresas-aderirem-a-lei-do-bem-e-reduzir-os-impostos\/#breadcrumb"},"inLanguage":"pt-BR","potentialAction":[{"@type":"ReadAction","target":["https:\/\/mainhardt.com.br\/contabilidade\/governo-amplia-prazo-para-empresas-aderirem-a-lei-do-bem-e-reduzir-os-impostos\/"]}]},{"@type":"BreadcrumbList","@id":"https:\/\/mainhardt.com.br\/contabilidade\/governo-amplia-prazo-para-empresas-aderirem-a-lei-do-bem-e-reduzir-os-impostos\/#breadcrumb","itemListElement":[{"@type":"ListItem","position":1,"name":"In\u00edcio","item":"https:\/\/mainhardt.com.br\/contabilidade\/"},{"@type":"ListItem","position":2,"name":"Governo amplia prazo para empresas aderirem a Lei do Bem e reduzir os impostos"}]},{"@type":"WebSite","@id":"https:\/\/mainhardt.com.br\/contabilidade\/#website","url":"https:\/\/mainhardt.com.br\/contabilidade\/","name":"Mainhardt Contabilidade","description":"Contabilidade em Santa Catarina","publisher":{"@id":"https:\/\/mainhardt.com.br\/contabilidade\/#organization"},"potentialAction":[{"@type":"SearchAction","target":{"@type":"EntryPoint","urlTemplate":"https:\/\/mainhardt.com.br\/contabilidade\/?s={search_term_string}"},"query-input":"required name=search_term_string"}],"inLanguage":"pt-BR"},{"@type":"Organization","@id":"https:\/\/mainhardt.com.br\/contabilidade\/#organization","name":"Mainhardt Contabilidade","url":"https:\/\/mainhardt.com.br\/contabilidade\/","sameAs":[],"logo":{"@type":"ImageObject","inLanguage":"pt-BR","@id":"https:\/\/mainhardt.com.br\/contabilidade\/#\/schema\/logo\/image\/","url":"https:\/\/mainhardt.com.br\/contabilidade\/wp-content\/uploads\/2022\/08\/Novo-Projeto-10.png","contentUrl":"https:\/\/mainhardt.com.br\/contabilidade\/wp-content\/uploads\/2022\/08\/Novo-Projeto-10.png","width":170,"height":60,"caption":"Mainhardt Contabilidade"},"image":{"@id":"https:\/\/mainhardt.com.br\/contabilidade\/#\/schema\/logo\/image\/"}},{"@type":"Person","@id":"https:\/\/mainhardt.com.br\/contabilidade\/#\/schema\/person\/5adb86ff70668fe847c2e0cb754b35c1","name":"Mainhardt","image":{"@type":"ImageObject","inLanguage":"pt-BR","@id":"https:\/\/mainhardt.com.br\/contabilidade\/#\/schema\/person\/image\/","url":"https:\/\/secure.gravatar.com\/avatar\/b5b5c6cabc18ed3906cf18c60e5aa253aaeba8af55a8c8b92af3925fd5c36d94?s=96&d=mm&r=g","contentUrl":"https:\/\/secure.gravatar.com\/avatar\/b5b5c6cabc18ed3906cf18c60e5aa253aaeba8af55a8c8b92af3925fd5c36d94?s=96&d=mm&r=g","caption":"Mainhardt"},"url":"https:\/\/mainhardt.com.br\/contabilidade\/author\/mainhardt\/"}]}},"_links":{"self":[{"href":"https:\/\/mainhardt.com.br\/contabilidade\/wp-json\/wp\/v2\/posts\/2515","targetHints":{"allow":["GET"]}}],"collection":[{"href":"https:\/\/mainhardt.com.br\/contabilidade\/wp-json\/wp\/v2\/posts"}],"about":[{"href":"https:\/\/mainhardt.com.br\/contabilidade\/wp-json\/wp\/v2\/types\/post"}],"author":[{"embeddable":true,"href":"https:\/\/mainhardt.com.br\/contabilidade\/wp-json\/wp\/v2\/users\/4"}],"replies":[{"embeddable":true,"href":"https:\/\/mainhardt.com.br\/contabilidade\/wp-json\/wp\/v2\/comments?post=2515"}],"version-history":[{"count":1,"href":"https:\/\/mainhardt.com.br\/contabilidade\/wp-json\/wp\/v2\/posts\/2515\/revisions"}],"predecessor-version":[{"id":2517,"href":"https:\/\/mainhardt.com.br\/contabilidade\/wp-json\/wp\/v2\/posts\/2515\/revisions\/2517"}],"wp:featuredmedia":[{"embeddable":true,"href":"https:\/\/mainhardt.com.br\/contabilidade\/wp-json\/wp\/v2\/media\/2516"}],"wp:attachment":[{"href":"https:\/\/mainhardt.com.br\/contabilidade\/wp-json\/wp\/v2\/media?parent=2515"}],"wp:term":[{"taxonomy":"category","embeddable":true,"href":"https:\/\/mainhardt.com.br\/contabilidade\/wp-json\/wp\/v2\/categories?post=2515"},{"taxonomy":"post_tag","embeddable":true,"href":"https:\/\/mainhardt.com.br\/contabilidade\/wp-json\/wp\/v2\/tags?post=2515"}],"curies":[{"name":"wp","href":"https:\/\/api.w.org\/{rel}","templated":true}]}}