{"id":2522,"date":"2024-08-12T11:20:48","date_gmt":"2024-08-12T14:20:48","guid":{"rendered":"https:\/\/mainhardt.com.br\/contabilidade\/?p=2522"},"modified":"2024-08-05T11:23:03","modified_gmt":"2024-08-05T14:23:03","slug":"planejamento-tributario-porque-isso-e-fundamental","status":"publish","type":"post","link":"https:\/\/mainhardt.com.br\/contabilidade\/planejamento-tributario-porque-isso-e-fundamental\/","title":{"rendered":"Planejamento Tribut\u00e1rio, porque isso \u00e9 fundamental?"},"content":{"rendered":"\n<p><strong>Voc\u00ea j\u00e1 se perguntou por que o Planejamento Tribut\u00e1rio \u00e9 fundamental para o sucesso de qualquer empresa?<\/strong><\/p>\n\n\n\n<p>A resposta \u00e9 simples: ele pode fazer a diferen\u00e7a entre um neg\u00f3cio pr\u00f3spero e um que mal consegue sobreviver.<\/p>\n\n\n\n<p>No cen\u00e1rio empresarial atual, onde as regulamenta\u00e7\u00f5es fiscais s\u00e3o complexas e est\u00e3o em constante mudan\u00e7a, um Planejamento Tribut\u00e1rio eficaz \u00e9 mais do que uma estrat\u00e9gia &#8211; \u00e9 uma necessidade.<\/p>\n\n\n\n<p>Ele envolve a an\u00e1lise detalhada das obriga\u00e7\u00f5es fiscais, identificando oportunidades legais para minimizar a carga tribut\u00e1ria.<\/p>\n\n\n\n<p>Isso n\u00e3o significa evadir impostos, mas sim utilizar as leis fiscais de forma estrat\u00e9gica para economizar recursos e reinvestir no crescimento do seu neg\u00f3cio.<\/p>\n\n\n\n<p>Na Mainhardt, compreendemos que cada empresa \u00e9 \u00fanica, e \u00e9 por isso que oferecemos solu\u00e7\u00f5es personalizadas de Planejamento Tribut\u00e1rio.<\/p>\n\n\n\n<p>Nossos especialistas ajudam voc\u00ea a identificar os melhores regimes tribut\u00e1rios, a otimizar dedu\u00e7\u00f5es fiscais e a cumprir todas as obriga\u00e7\u00f5es fiscais de forma eficiente.<\/p>\n\n\n\n<p>Com um Planejamento Tribut\u00e1rio s\u00f3lido, voc\u00ea ter\u00e1 mais recursos para expandir, inovar e alcan\u00e7ar o sucesso empresarial que almeja.<\/p>\n\n\n\n<p>N\u00e3o subestime o poder do Planejamento Tribut\u00e1rio &#8211; ele pode ser a chave para um futuro financeiro s\u00f3lido e para o crescimento sustent\u00e1vel do seu neg\u00f3cio.<\/p>\n","protected":false},"excerpt":{"rendered":"<p>Voc\u00ea j\u00e1 se perguntou por que o Planejamento Tribut\u00e1rio \u00e9 fundamental para o sucesso de qualquer empresa?<\/p>\n<p>A resposta \u00e9 simples: ele pode fazer a diferen\u00e7a entre um neg\u00f3cio pr\u00f3spero e um que mal consegue sobreviver.<\/p>\n","protected":false},"author":4,"featured_media":2523,"comment_status":"open","ping_status":"open","sticky":false,"template":"","format":"standard","meta":{"footnotes":""},"categories":[1],"tags":[58,96,97,98],"class_list":["post-2522","post","type-post","status-publish","format-standard","has-post-thumbnail","hentry","category-noticias","tag-planejamento","tag-planejamento-tributario","tag-planejamento-empresarial","tag-empresas"],"yoast_head":"<!-- This site is optimized with the Yoast SEO plugin v19.6.1 - https:\/\/yoast.com\/wordpress\/plugins\/seo\/ -->\n<title>Planejamento Tribut\u00e1rio, porque isso \u00e9 fundamental? - Mainhardt Contabilidade<\/title>\n<meta name=\"robots\" content=\"index, follow, max-snippet:-1, max-image-preview:large, max-video-preview:-1\" \/>\n<link rel=\"canonical\" href=\"https:\/\/mainhardt.com.br\/contabilidade\/planejamento-tributario-porque-isso-e-fundamental\/\" \/>\n<meta property=\"og:locale\" content=\"pt_BR\" \/>\n<meta property=\"og:type\" content=\"article\" \/>\n<meta property=\"og:title\" content=\"Planejamento Tribut\u00e1rio, porque isso \u00e9 fundamental? - Mainhardt Contabilidade\" \/>\n<meta property=\"og:description\" content=\"Voc\u00ea j\u00e1 se perguntou por que o Planejamento Tribut\u00e1rio \u00e9 fundamental para o sucesso de qualquer empresa? A resposta \u00e9 simples: ele pode fazer a diferen\u00e7a entre um neg\u00f3cio pr\u00f3spero e um que mal consegue sobreviver.\" \/>\n<meta property=\"og:url\" content=\"https:\/\/mainhardt.com.br\/contabilidade\/planejamento-tributario-porque-isso-e-fundamental\/\" \/>\n<meta property=\"og:site_name\" content=\"Mainhardt Contabilidade\" \/>\n<meta property=\"article:published_time\" content=\"2024-08-12T14:20:48+00:00\" \/>\n<meta property=\"article:modified_time\" content=\"2024-08-05T14:23:03+00:00\" \/>\n<meta property=\"og:image\" content=\"https:\/\/mainhardt.com.br\/contabilidade\/wp-content\/uploads\/2024\/08\/a4374050338763acd9bbab73ad4b09e9.jpg\" \/>\n\t<meta property=\"og:image:width\" content=\"1080\" \/>\n\t<meta property=\"og:image:height\" content=\"1080\" \/>\n\t<meta property=\"og:image:type\" content=\"image\/jpeg\" \/>\n<meta name=\"author\" content=\"Mainhardt\" \/>\n<meta name=\"twitter:card\" content=\"summary_large_image\" \/>\n<meta name=\"twitter:label1\" content=\"Escrito por\" \/>\n\t<meta name=\"twitter:data1\" content=\"Mainhardt\" \/>\n\t<meta name=\"twitter:label2\" content=\"Est. tempo de leitura\" \/>\n\t<meta name=\"twitter:data2\" content=\"2 minutos\" \/>\n<script type=\"application\/ld+json\" class=\"yoast-schema-graph\">{\"@context\":\"https:\/\/schema.org\",\"@graph\":[{\"@type\":\"Article\",\"@id\":\"https:\/\/mainhardt.com.br\/contabilidade\/planejamento-tributario-porque-isso-e-fundamental\/#article\",\"isPartOf\":{\"@id\":\"https:\/\/mainhardt.com.br\/contabilidade\/planejamento-tributario-porque-isso-e-fundamental\/\"},\"author\":{\"name\":\"Mainhardt\",\"@id\":\"https:\/\/mainhardt.com.br\/contabilidade\/#\/schema\/person\/5adb86ff70668fe847c2e0cb754b35c1\"},\"headline\":\"Planejamento Tribut\u00e1rio, porque isso \u00e9 fundamental?\",\"datePublished\":\"2024-08-12T14:20:48+00:00\",\"dateModified\":\"2024-08-05T14:23:03+00:00\",\"mainEntityOfPage\":{\"@id\":\"https:\/\/mainhardt.com.br\/contabilidade\/planejamento-tributario-porque-isso-e-fundamental\/\"},\"wordCount\":223,\"commentCount\":0,\"publisher\":{\"@id\":\"https:\/\/mainhardt.com.br\/contabilidade\/#organization\"},\"keywords\":[\"planejamento\",\"Planejamento Tribut\u00e1rio\",\"Planejamento empresarial\",\"empresas\"],\"articleSection\":[\"Not\u00edcias\"],\"inLanguage\":\"pt-BR\",\"potentialAction\":[{\"@type\":\"CommentAction\",\"name\":\"Comment\",\"target\":[\"https:\/\/mainhardt.com.br\/contabilidade\/planejamento-tributario-porque-isso-e-fundamental\/#respond\"]}]},{\"@type\":\"WebPage\",\"@id\":\"https:\/\/mainhardt.com.br\/contabilidade\/planejamento-tributario-porque-isso-e-fundamental\/\",\"url\":\"https:\/\/mainhardt.com.br\/contabilidade\/planejamento-tributario-porque-isso-e-fundamental\/\",\"name\":\"Planejamento Tribut\u00e1rio, porque isso \u00e9 fundamental? - Mainhardt Contabilidade\",\"isPartOf\":{\"@id\":\"https:\/\/mainhardt.com.br\/contabilidade\/#website\"},\"datePublished\":\"2024-08-12T14:20:48+00:00\",\"dateModified\":\"2024-08-05T14:23:03+00:00\",\"breadcrumb\":{\"@id\":\"https:\/\/mainhardt.com.br\/contabilidade\/planejamento-tributario-porque-isso-e-fundamental\/#breadcrumb\"},\"inLanguage\":\"pt-BR\",\"potentialAction\":[{\"@type\":\"ReadAction\",\"target\":[\"https:\/\/mainhardt.com.br\/contabilidade\/planejamento-tributario-porque-isso-e-fundamental\/\"]}]},{\"@type\":\"BreadcrumbList\",\"@id\":\"https:\/\/mainhardt.com.br\/contabilidade\/planejamento-tributario-porque-isso-e-fundamental\/#breadcrumb\",\"itemListElement\":[{\"@type\":\"ListItem\",\"position\":1,\"name\":\"In\u00edcio\",\"item\":\"https:\/\/mainhardt.com.br\/contabilidade\/\"},{\"@type\":\"ListItem\",\"position\":2,\"name\":\"Planejamento Tribut\u00e1rio, porque isso \u00e9 fundamental?\"}]},{\"@type\":\"WebSite\",\"@id\":\"https:\/\/mainhardt.com.br\/contabilidade\/#website\",\"url\":\"https:\/\/mainhardt.com.br\/contabilidade\/\",\"name\":\"Mainhardt Contabilidade\",\"description\":\"Contabilidade em Santa Catarina\",\"publisher\":{\"@id\":\"https:\/\/mainhardt.com.br\/contabilidade\/#organization\"},\"potentialAction\":[{\"@type\":\"SearchAction\",\"target\":{\"@type\":\"EntryPoint\",\"urlTemplate\":\"https:\/\/mainhardt.com.br\/contabilidade\/?s={search_term_string}\"},\"query-input\":\"required name=search_term_string\"}],\"inLanguage\":\"pt-BR\"},{\"@type\":\"Organization\",\"@id\":\"https:\/\/mainhardt.com.br\/contabilidade\/#organization\",\"name\":\"Mainhardt Contabilidade\",\"url\":\"https:\/\/mainhardt.com.br\/contabilidade\/\",\"sameAs\":[],\"logo\":{\"@type\":\"ImageObject\",\"inLanguage\":\"pt-BR\",\"@id\":\"https:\/\/mainhardt.com.br\/contabilidade\/#\/schema\/logo\/image\/\",\"url\":\"https:\/\/mainhardt.com.br\/contabilidade\/wp-content\/uploads\/2022\/08\/Novo-Projeto-10.png\",\"contentUrl\":\"https:\/\/mainhardt.com.br\/contabilidade\/wp-content\/uploads\/2022\/08\/Novo-Projeto-10.png\",\"width\":170,\"height\":60,\"caption\":\"Mainhardt Contabilidade\"},\"image\":{\"@id\":\"https:\/\/mainhardt.com.br\/contabilidade\/#\/schema\/logo\/image\/\"}},{\"@type\":\"Person\",\"@id\":\"https:\/\/mainhardt.com.br\/contabilidade\/#\/schema\/person\/5adb86ff70668fe847c2e0cb754b35c1\",\"name\":\"Mainhardt\",\"image\":{\"@type\":\"ImageObject\",\"inLanguage\":\"pt-BR\",\"@id\":\"https:\/\/mainhardt.com.br\/contabilidade\/#\/schema\/person\/image\/\",\"url\":\"https:\/\/secure.gravatar.com\/avatar\/b5b5c6cabc18ed3906cf18c60e5aa253aaeba8af55a8c8b92af3925fd5c36d94?s=96&d=mm&r=g\",\"contentUrl\":\"https:\/\/secure.gravatar.com\/avatar\/b5b5c6cabc18ed3906cf18c60e5aa253aaeba8af55a8c8b92af3925fd5c36d94?s=96&d=mm&r=g\",\"caption\":\"Mainhardt\"},\"url\":\"https:\/\/mainhardt.com.br\/contabilidade\/author\/mainhardt\/\"}]}<\/script>\n<!-- \/ Yoast SEO plugin. -->","yoast_head_json":{"title":"Planejamento Tribut\u00e1rio, porque isso \u00e9 fundamental? - Mainhardt Contabilidade","robots":{"index":"index","follow":"follow","max-snippet":"max-snippet:-1","max-image-preview":"max-image-preview:large","max-video-preview":"max-video-preview:-1"},"canonical":"https:\/\/mainhardt.com.br\/contabilidade\/planejamento-tributario-porque-isso-e-fundamental\/","og_locale":"pt_BR","og_type":"article","og_title":"Planejamento Tribut\u00e1rio, porque isso \u00e9 fundamental? - Mainhardt Contabilidade","og_description":"Voc\u00ea j\u00e1 se perguntou por que o Planejamento Tribut\u00e1rio \u00e9 fundamental para o sucesso de qualquer empresa? A resposta \u00e9 simples: ele pode fazer a diferen\u00e7a entre um neg\u00f3cio pr\u00f3spero e um que mal consegue sobreviver.","og_url":"https:\/\/mainhardt.com.br\/contabilidade\/planejamento-tributario-porque-isso-e-fundamental\/","og_site_name":"Mainhardt Contabilidade","article_published_time":"2024-08-12T14:20:48+00:00","article_modified_time":"2024-08-05T14:23:03+00:00","og_image":[{"width":1080,"height":1080,"url":"https:\/\/mainhardt.com.br\/contabilidade\/wp-content\/uploads\/2024\/08\/a4374050338763acd9bbab73ad4b09e9.jpg","type":"image\/jpeg"}],"author":"Mainhardt","twitter_card":"summary_large_image","twitter_misc":{"Escrito por":"Mainhardt","Est. tempo de leitura":"2 minutos"},"schema":{"@context":"https:\/\/schema.org","@graph":[{"@type":"Article","@id":"https:\/\/mainhardt.com.br\/contabilidade\/planejamento-tributario-porque-isso-e-fundamental\/#article","isPartOf":{"@id":"https:\/\/mainhardt.com.br\/contabilidade\/planejamento-tributario-porque-isso-e-fundamental\/"},"author":{"name":"Mainhardt","@id":"https:\/\/mainhardt.com.br\/contabilidade\/#\/schema\/person\/5adb86ff70668fe847c2e0cb754b35c1"},"headline":"Planejamento Tribut\u00e1rio, porque isso \u00e9 fundamental?","datePublished":"2024-08-12T14:20:48+00:00","dateModified":"2024-08-05T14:23:03+00:00","mainEntityOfPage":{"@id":"https:\/\/mainhardt.com.br\/contabilidade\/planejamento-tributario-porque-isso-e-fundamental\/"},"wordCount":223,"commentCount":0,"publisher":{"@id":"https:\/\/mainhardt.com.br\/contabilidade\/#organization"},"keywords":["planejamento","Planejamento Tribut\u00e1rio","Planejamento empresarial","empresas"],"articleSection":["Not\u00edcias"],"inLanguage":"pt-BR","potentialAction":[{"@type":"CommentAction","name":"Comment","target":["https:\/\/mainhardt.com.br\/contabilidade\/planejamento-tributario-porque-isso-e-fundamental\/#respond"]}]},{"@type":"WebPage","@id":"https:\/\/mainhardt.com.br\/contabilidade\/planejamento-tributario-porque-isso-e-fundamental\/","url":"https:\/\/mainhardt.com.br\/contabilidade\/planejamento-tributario-porque-isso-e-fundamental\/","name":"Planejamento Tribut\u00e1rio, porque isso \u00e9 fundamental? - Mainhardt Contabilidade","isPartOf":{"@id":"https:\/\/mainhardt.com.br\/contabilidade\/#website"},"datePublished":"2024-08-12T14:20:48+00:00","dateModified":"2024-08-05T14:23:03+00:00","breadcrumb":{"@id":"https:\/\/mainhardt.com.br\/contabilidade\/planejamento-tributario-porque-isso-e-fundamental\/#breadcrumb"},"inLanguage":"pt-BR","potentialAction":[{"@type":"ReadAction","target":["https:\/\/mainhardt.com.br\/contabilidade\/planejamento-tributario-porque-isso-e-fundamental\/"]}]},{"@type":"BreadcrumbList","@id":"https:\/\/mainhardt.com.br\/contabilidade\/planejamento-tributario-porque-isso-e-fundamental\/#breadcrumb","itemListElement":[{"@type":"ListItem","position":1,"name":"In\u00edcio","item":"https:\/\/mainhardt.com.br\/contabilidade\/"},{"@type":"ListItem","position":2,"name":"Planejamento Tribut\u00e1rio, porque isso \u00e9 fundamental?"}]},{"@type":"WebSite","@id":"https:\/\/mainhardt.com.br\/contabilidade\/#website","url":"https:\/\/mainhardt.com.br\/contabilidade\/","name":"Mainhardt Contabilidade","description":"Contabilidade em Santa Catarina","publisher":{"@id":"https:\/\/mainhardt.com.br\/contabilidade\/#organization"},"potentialAction":[{"@type":"SearchAction","target":{"@type":"EntryPoint","urlTemplate":"https:\/\/mainhardt.com.br\/contabilidade\/?s={search_term_string}"},"query-input":"required name=search_term_string"}],"inLanguage":"pt-BR"},{"@type":"Organization","@id":"https:\/\/mainhardt.com.br\/contabilidade\/#organization","name":"Mainhardt Contabilidade","url":"https:\/\/mainhardt.com.br\/contabilidade\/","sameAs":[],"logo":{"@type":"ImageObject","inLanguage":"pt-BR","@id":"https:\/\/mainhardt.com.br\/contabilidade\/#\/schema\/logo\/image\/","url":"https:\/\/mainhardt.com.br\/contabilidade\/wp-content\/uploads\/2022\/08\/Novo-Projeto-10.png","contentUrl":"https:\/\/mainhardt.com.br\/contabilidade\/wp-content\/uploads\/2022\/08\/Novo-Projeto-10.png","width":170,"height":60,"caption":"Mainhardt Contabilidade"},"image":{"@id":"https:\/\/mainhardt.com.br\/contabilidade\/#\/schema\/logo\/image\/"}},{"@type":"Person","@id":"https:\/\/mainhardt.com.br\/contabilidade\/#\/schema\/person\/5adb86ff70668fe847c2e0cb754b35c1","name":"Mainhardt","image":{"@type":"ImageObject","inLanguage":"pt-BR","@id":"https:\/\/mainhardt.com.br\/contabilidade\/#\/schema\/person\/image\/","url":"https:\/\/secure.gravatar.com\/avatar\/b5b5c6cabc18ed3906cf18c60e5aa253aaeba8af55a8c8b92af3925fd5c36d94?s=96&d=mm&r=g","contentUrl":"https:\/\/secure.gravatar.com\/avatar\/b5b5c6cabc18ed3906cf18c60e5aa253aaeba8af55a8c8b92af3925fd5c36d94?s=96&d=mm&r=g","caption":"Mainhardt"},"url":"https:\/\/mainhardt.com.br\/contabilidade\/author\/mainhardt\/"}]}},"_links":{"self":[{"href":"https:\/\/mainhardt.com.br\/contabilidade\/wp-json\/wp\/v2\/posts\/2522","targetHints":{"allow":["GET"]}}],"collection":[{"href":"https:\/\/mainhardt.com.br\/contabilidade\/wp-json\/wp\/v2\/posts"}],"about":[{"href":"https:\/\/mainhardt.com.br\/contabilidade\/wp-json\/wp\/v2\/types\/post"}],"author":[{"embeddable":true,"href":"https:\/\/mainhardt.com.br\/contabilidade\/wp-json\/wp\/v2\/users\/4"}],"replies":[{"embeddable":true,"href":"https:\/\/mainhardt.com.br\/contabilidade\/wp-json\/wp\/v2\/comments?post=2522"}],"version-history":[{"count":1,"href":"https:\/\/mainhardt.com.br\/contabilidade\/wp-json\/wp\/v2\/posts\/2522\/revisions"}],"predecessor-version":[{"id":2524,"href":"https:\/\/mainhardt.com.br\/contabilidade\/wp-json\/wp\/v2\/posts\/2522\/revisions\/2524"}],"wp:featuredmedia":[{"embeddable":true,"href":"https:\/\/mainhardt.com.br\/contabilidade\/wp-json\/wp\/v2\/media\/2523"}],"wp:attachment":[{"href":"https:\/\/mainhardt.com.br\/contabilidade\/wp-json\/wp\/v2\/media?parent=2522"}],"wp:term":[{"taxonomy":"category","embeddable":true,"href":"https:\/\/mainhardt.com.br\/contabilidade\/wp-json\/wp\/v2\/categories?post=2522"},{"taxonomy":"post_tag","embeddable":true,"href":"https:\/\/mainhardt.com.br\/contabilidade\/wp-json\/wp\/v2\/tags?post=2522"}],"curies":[{"name":"wp","href":"https:\/\/api.w.org\/{rel}","templated":true}]}}