{"id":2532,"date":"2024-09-09T09:26:31","date_gmt":"2024-09-09T12:26:31","guid":{"rendered":"https:\/\/mainhardt.com.br\/contabilidade\/?p=2532"},"modified":"2024-09-09T09:26:31","modified_gmt":"2024-09-09T12:26:31","slug":"duimp-obrigatoriedade-entra-em-vigor-em-outubro-de-2024","status":"publish","type":"post","link":"https:\/\/mainhardt.com.br\/contabilidade\/duimp-obrigatoriedade-entra-em-vigor-em-outubro-de-2024\/","title":{"rendered":"DUIMP: obrigatoriedade entra em vigor em outubro de 2024"},"content":{"rendered":"\n<p>Companhias que n\u00e3o se adaptarem ao novo sistema estar\u00e3o sujeitas a impactos significativos em seus neg\u00f3cios, incluindo o impedimento para realiza\u00e7\u00e3o de importa\u00e7\u00f5es e a possibilidade de atrasos que afetem a produ\u00e7\u00e3o e a cadeia de suprimentos.<\/p>\n\n\n\n<p>Empresas devem ficar atentas sobre o in\u00edcio da obrigatoriedade do uso da DUIMP, a Declara\u00e7\u00e3o \u00danica de Importa\u00e7\u00e3o, prevista para entrar em vigor em outubro de 2024.<\/p>\n\n\n\n<p>Criada em substitui\u00e7\u00e3o \u00e0 Declara\u00e7\u00e3o de Importa\u00e7\u00e3o (DI) e \u00e0 Declara\u00e7\u00e3o Simplificada de Importa\u00e7\u00e3o (DSI), a DUIMP faz parte do Novo Processo de Importa\u00e7\u00e3o institu\u00eddo pela Receita Federal para simplificar, modernizar e otimizar as opera\u00e7\u00f5es aduaneiras no Brasil.<\/p>\n\n\n\n<p>O objetivo principal dessa transforma\u00e7\u00e3o \u00e9 acelerar o processo de desembara\u00e7o aduaneiro, reduzindo o tempo necess\u00e1rio em at\u00e9 40% e centralizando as informa\u00e7\u00f5es em um \u00fanico sistema, o que trar\u00e1 uma s\u00e9rie de benef\u00edcios, como a diminui\u00e7\u00e3o de custos relacionados ao armazenamento de mercadorias.<\/p>\n\n\n\n<h2 class=\"wp-block-heading\"><strong>Mudan\u00e7as previstas<\/strong><\/h2>\n\n\n\n<p>A principal mudan\u00e7a que a DUIMP traz \u00e9 o cadastro antecipado das informa\u00e7\u00f5es dos produtos. Ao contr\u00e1rio do sistema anterior, no qual dados como descri\u00e7\u00e3o e classifica\u00e7\u00e3o fiscal eram inseridos diretamente na declara\u00e7\u00e3o, a nova abordagem exige que essas informa\u00e7\u00f5es sejam cadastradas separadamente no cat\u00e1logo de produtos e depois integradas \u00e0 declara\u00e7\u00e3o.<\/p>\n\n\n\n<p>Por\u00e9m, esse novo processo pode causar dificuldades se as empresas n\u00e3o ajustarem seus fluxos internos e garantirem que todas as \u00e1reas envolvidas, como engenharia, compras e fiscal, estejam alinhadas em tempo h\u00e1bil at\u00e9 o in\u00edcio da obrigatoriedade.<\/p>\n\n\n\n<p>As companhias que n\u00e3o se adaptarem ao novo sistema correm riscos significativos para seus neg\u00f3cios, incluindo a impossibilidade de realizar importa\u00e7\u00f5es corretamente e chances de enfrentar atrasos que afetem a produ\u00e7\u00e3o e a cadeia de suprimentos.<\/p>\n\n\n\n<h2 class=\"wp-block-heading\"><strong>Ajuda da tecnologia<\/strong><\/h2>\n\n\n\n<p>Apesar da Receita Federal ter adotado uma postura proativa no desenvolvimento do novo sistema, permitindo que o setor privado participasse ativamente da valida\u00e7\u00e3o e teste das novas funcionalidades, muitas empresas ainda n\u00e3o est\u00e3o completamente adaptadas \u00e0s novas regulamenta\u00e7\u00f5es.<\/p>\n\n\n\n<p>A falta de precis\u00e3o nas informa\u00e7\u00f5es fornecidas \u00e0 Receita Federal pode resultar em multas e outras san\u00e7\u00f5es. Por isso, \u00e9 crucial que as empresas compreendam que, embora a adapta\u00e7\u00e3o ao novo processo possa parecer desafiadora inicialmente, ela \u00e9 essencial para garantir a conformidade e a efici\u00eancia a longo prazo.<\/p>\n\n\n\n<p>Para auxiliar as empresas nessa adapta\u00e7\u00e3o \u00e0 DUIMP, solu\u00e7\u00f5es tecnol\u00f3gicas de automa\u00e7\u00e3o de processos, preenchimento e valida\u00e7\u00e3o dos dados conforme legisla\u00e7\u00e3o vigente e transmiss\u00e3o e recupera\u00e7\u00e3o de dados para o Portal \u00danico, nos padr\u00f5es na nova vers\u00e3o, s\u00e3o fundamentais para garantir maior velocidade e seguran\u00e7a nas opera\u00e7\u00f5es, de maneira r\u00e1pida, eficiente e estruturada, simplificando a gest\u00e3o e a conformidade exigida pelo governo.<\/p>\n\n\n\n<p>Cabe ressaltar que a Receita Federal deve seguir atualizando e melhorando seu sistema, o que torna imperativo \u00e0s empresas contarem com tecnologias que as mantenham informadas sobre as mudan\u00e7as realizadas.<\/p>\n\n\n\n<p>Sendo assim, a adapta\u00e7\u00e3o \u00e0 nova Declara\u00e7\u00e3o \u00danica de Importa\u00e7\u00e3o exige acompanhamento constante e ajustes cont\u00ednuos, al\u00e9m de solu\u00e7\u00f5es tecnol\u00f3gicas e processos internos bem definidos para garantir que a transi\u00e7\u00e3o para o novo sistema seja bem-sucedida e sem riscos \u00e0 opera\u00e7\u00e3o.<\/p>\n","protected":false},"excerpt":{"rendered":"<p>Companhias que n\u00e3o se adaptarem ao novo sistema estar\u00e3o sujeitas a impactos significativos em seus neg\u00f3cios, incluindo o impedimento para realiza\u00e7\u00e3o de importa\u00e7\u00f5es e a possibilidade de atrasos que afetem a produ\u00e7\u00e3o e a cadeia de suprimentos. Empresas devem ficar atentas sobre o in\u00edcio da obrigatoriedade do uso da DUIMP, a Declara\u00e7\u00e3o \u00danica de Importa\u00e7\u00e3o, [&hellip;]<\/p>\n","protected":false},"author":4,"featured_media":2533,"comment_status":"open","ping_status":"open","sticky":false,"template":"","format":"standard","meta":{"footnotes":""},"categories":[1],"tags":[],"class_list":["post-2532","post","type-post","status-publish","format-standard","has-post-thumbnail","hentry","category-noticias"],"yoast_head":"<!-- This site is optimized with the Yoast SEO plugin v19.6.1 - https:\/\/yoast.com\/wordpress\/plugins\/seo\/ -->\n<title>DUIMP: obrigatoriedade entra em vigor em outubro de 2024 - Mainhardt Contabilidade<\/title>\n<meta name=\"robots\" content=\"index, follow, max-snippet:-1, max-image-preview:large, max-video-preview:-1\" \/>\n<link rel=\"canonical\" href=\"https:\/\/mainhardt.com.br\/contabilidade\/duimp-obrigatoriedade-entra-em-vigor-em-outubro-de-2024\/\" \/>\n<meta property=\"og:locale\" content=\"pt_BR\" \/>\n<meta property=\"og:type\" content=\"article\" \/>\n<meta property=\"og:title\" content=\"DUIMP: obrigatoriedade entra em vigor em outubro de 2024 - Mainhardt Contabilidade\" \/>\n<meta property=\"og:description\" content=\"Companhias que n\u00e3o se adaptarem ao novo sistema estar\u00e3o sujeitas a impactos significativos em seus neg\u00f3cios, incluindo o impedimento para realiza\u00e7\u00e3o de importa\u00e7\u00f5es e a possibilidade de atrasos que afetem a produ\u00e7\u00e3o e a cadeia de suprimentos. Empresas devem ficar atentas sobre o in\u00edcio da obrigatoriedade do uso da DUIMP, a Declara\u00e7\u00e3o \u00danica de Importa\u00e7\u00e3o, [&hellip;]\" \/>\n<meta property=\"og:url\" content=\"https:\/\/mainhardt.com.br\/contabilidade\/duimp-obrigatoriedade-entra-em-vigor-em-outubro-de-2024\/\" \/>\n<meta property=\"og:site_name\" content=\"Mainhardt Contabilidade\" \/>\n<meta property=\"article:published_time\" content=\"2024-09-09T12:26:31+00:00\" \/>\n<meta property=\"og:image\" content=\"http:\/\/mainhardt.com.br\/contabilidade\/wp-content\/uploads\/2024\/09\/09-BLOG.jpg\" \/>\n\t<meta property=\"og:image:width\" content=\"1080\" \/>\n\t<meta property=\"og:image:height\" content=\"1080\" \/>\n\t<meta property=\"og:image:type\" content=\"image\/jpeg\" \/>\n<meta name=\"author\" content=\"Mainhardt\" \/>\n<meta name=\"twitter:card\" content=\"summary_large_image\" \/>\n<meta name=\"twitter:label1\" content=\"Escrito por\" \/>\n\t<meta name=\"twitter:data1\" content=\"Mainhardt\" \/>\n\t<meta name=\"twitter:label2\" content=\"Est. tempo de leitura\" \/>\n\t<meta name=\"twitter:data2\" content=\"3 minutos\" \/>\n<script type=\"application\/ld+json\" class=\"yoast-schema-graph\">{\"@context\":\"https:\/\/schema.org\",\"@graph\":[{\"@type\":\"Article\",\"@id\":\"https:\/\/mainhardt.com.br\/contabilidade\/duimp-obrigatoriedade-entra-em-vigor-em-outubro-de-2024\/#article\",\"isPartOf\":{\"@id\":\"https:\/\/mainhardt.com.br\/contabilidade\/duimp-obrigatoriedade-entra-em-vigor-em-outubro-de-2024\/\"},\"author\":{\"name\":\"Mainhardt\",\"@id\":\"https:\/\/mainhardt.com.br\/contabilidade\/#\/schema\/person\/5adb86ff70668fe847c2e0cb754b35c1\"},\"headline\":\"DUIMP: obrigatoriedade entra em vigor em outubro de 2024\",\"datePublished\":\"2024-09-09T12:26:31+00:00\",\"dateModified\":\"2024-09-09T12:26:31+00:00\",\"mainEntityOfPage\":{\"@id\":\"https:\/\/mainhardt.com.br\/contabilidade\/duimp-obrigatoriedade-entra-em-vigor-em-outubro-de-2024\/\"},\"wordCount\":567,\"commentCount\":0,\"publisher\":{\"@id\":\"https:\/\/mainhardt.com.br\/contabilidade\/#organization\"},\"articleSection\":[\"Not\u00edcias\"],\"inLanguage\":\"pt-BR\",\"potentialAction\":[{\"@type\":\"CommentAction\",\"name\":\"Comment\",\"target\":[\"https:\/\/mainhardt.com.br\/contabilidade\/duimp-obrigatoriedade-entra-em-vigor-em-outubro-de-2024\/#respond\"]}]},{\"@type\":\"WebPage\",\"@id\":\"https:\/\/mainhardt.com.br\/contabilidade\/duimp-obrigatoriedade-entra-em-vigor-em-outubro-de-2024\/\",\"url\":\"https:\/\/mainhardt.com.br\/contabilidade\/duimp-obrigatoriedade-entra-em-vigor-em-outubro-de-2024\/\",\"name\":\"DUIMP: obrigatoriedade entra em vigor em outubro de 2024 - Mainhardt Contabilidade\",\"isPartOf\":{\"@id\":\"https:\/\/mainhardt.com.br\/contabilidade\/#website\"},\"datePublished\":\"2024-09-09T12:26:31+00:00\",\"dateModified\":\"2024-09-09T12:26:31+00:00\",\"breadcrumb\":{\"@id\":\"https:\/\/mainhardt.com.br\/contabilidade\/duimp-obrigatoriedade-entra-em-vigor-em-outubro-de-2024\/#breadcrumb\"},\"inLanguage\":\"pt-BR\",\"potentialAction\":[{\"@type\":\"ReadAction\",\"target\":[\"https:\/\/mainhardt.com.br\/contabilidade\/duimp-obrigatoriedade-entra-em-vigor-em-outubro-de-2024\/\"]}]},{\"@type\":\"BreadcrumbList\",\"@id\":\"https:\/\/mainhardt.com.br\/contabilidade\/duimp-obrigatoriedade-entra-em-vigor-em-outubro-de-2024\/#breadcrumb\",\"itemListElement\":[{\"@type\":\"ListItem\",\"position\":1,\"name\":\"In\u00edcio\",\"item\":\"https:\/\/mainhardt.com.br\/contabilidade\/\"},{\"@type\":\"ListItem\",\"position\":2,\"name\":\"DUIMP: obrigatoriedade entra em vigor em outubro de 2024\"}]},{\"@type\":\"WebSite\",\"@id\":\"https:\/\/mainhardt.com.br\/contabilidade\/#website\",\"url\":\"https:\/\/mainhardt.com.br\/contabilidade\/\",\"name\":\"Mainhardt Contabilidade\",\"description\":\"Contabilidade em Santa Catarina\",\"publisher\":{\"@id\":\"https:\/\/mainhardt.com.br\/contabilidade\/#organization\"},\"potentialAction\":[{\"@type\":\"SearchAction\",\"target\":{\"@type\":\"EntryPoint\",\"urlTemplate\":\"https:\/\/mainhardt.com.br\/contabilidade\/?s={search_term_string}\"},\"query-input\":\"required name=search_term_string\"}],\"inLanguage\":\"pt-BR\"},{\"@type\":\"Organization\",\"@id\":\"https:\/\/mainhardt.com.br\/contabilidade\/#organization\",\"name\":\"Mainhardt Contabilidade\",\"url\":\"https:\/\/mainhardt.com.br\/contabilidade\/\",\"sameAs\":[],\"logo\":{\"@type\":\"ImageObject\",\"inLanguage\":\"pt-BR\",\"@id\":\"https:\/\/mainhardt.com.br\/contabilidade\/#\/schema\/logo\/image\/\",\"url\":\"https:\/\/mainhardt.com.br\/contabilidade\/wp-content\/uploads\/2022\/08\/Novo-Projeto-10.png\",\"contentUrl\":\"https:\/\/mainhardt.com.br\/contabilidade\/wp-content\/uploads\/2022\/08\/Novo-Projeto-10.png\",\"width\":170,\"height\":60,\"caption\":\"Mainhardt Contabilidade\"},\"image\":{\"@id\":\"https:\/\/mainhardt.com.br\/contabilidade\/#\/schema\/logo\/image\/\"}},{\"@type\":\"Person\",\"@id\":\"https:\/\/mainhardt.com.br\/contabilidade\/#\/schema\/person\/5adb86ff70668fe847c2e0cb754b35c1\",\"name\":\"Mainhardt\",\"image\":{\"@type\":\"ImageObject\",\"inLanguage\":\"pt-BR\",\"@id\":\"https:\/\/mainhardt.com.br\/contabilidade\/#\/schema\/person\/image\/\",\"url\":\"https:\/\/secure.gravatar.com\/avatar\/b5b5c6cabc18ed3906cf18c60e5aa253aaeba8af55a8c8b92af3925fd5c36d94?s=96&d=mm&r=g\",\"contentUrl\":\"https:\/\/secure.gravatar.com\/avatar\/b5b5c6cabc18ed3906cf18c60e5aa253aaeba8af55a8c8b92af3925fd5c36d94?s=96&d=mm&r=g\",\"caption\":\"Mainhardt\"},\"url\":\"https:\/\/mainhardt.com.br\/contabilidade\/author\/mainhardt\/\"}]}<\/script>\n<!-- \/ Yoast SEO plugin. -->","yoast_head_json":{"title":"DUIMP: obrigatoriedade entra em vigor em outubro de 2024 - Mainhardt Contabilidade","robots":{"index":"index","follow":"follow","max-snippet":"max-snippet:-1","max-image-preview":"max-image-preview:large","max-video-preview":"max-video-preview:-1"},"canonical":"https:\/\/mainhardt.com.br\/contabilidade\/duimp-obrigatoriedade-entra-em-vigor-em-outubro-de-2024\/","og_locale":"pt_BR","og_type":"article","og_title":"DUIMP: obrigatoriedade entra em vigor em outubro de 2024 - Mainhardt Contabilidade","og_description":"Companhias que n\u00e3o se adaptarem ao novo sistema estar\u00e3o sujeitas a impactos significativos em seus neg\u00f3cios, incluindo o impedimento para realiza\u00e7\u00e3o de importa\u00e7\u00f5es e a possibilidade de atrasos que afetem a produ\u00e7\u00e3o e a cadeia de suprimentos. Empresas devem ficar atentas sobre o in\u00edcio da obrigatoriedade do uso da DUIMP, a Declara\u00e7\u00e3o \u00danica de Importa\u00e7\u00e3o, [&hellip;]","og_url":"https:\/\/mainhardt.com.br\/contabilidade\/duimp-obrigatoriedade-entra-em-vigor-em-outubro-de-2024\/","og_site_name":"Mainhardt Contabilidade","article_published_time":"2024-09-09T12:26:31+00:00","og_image":[{"width":1080,"height":1080,"url":"http:\/\/mainhardt.com.br\/contabilidade\/wp-content\/uploads\/2024\/09\/09-BLOG.jpg","type":"image\/jpeg"}],"author":"Mainhardt","twitter_card":"summary_large_image","twitter_misc":{"Escrito por":"Mainhardt","Est. tempo de leitura":"3 minutos"},"schema":{"@context":"https:\/\/schema.org","@graph":[{"@type":"Article","@id":"https:\/\/mainhardt.com.br\/contabilidade\/duimp-obrigatoriedade-entra-em-vigor-em-outubro-de-2024\/#article","isPartOf":{"@id":"https:\/\/mainhardt.com.br\/contabilidade\/duimp-obrigatoriedade-entra-em-vigor-em-outubro-de-2024\/"},"author":{"name":"Mainhardt","@id":"https:\/\/mainhardt.com.br\/contabilidade\/#\/schema\/person\/5adb86ff70668fe847c2e0cb754b35c1"},"headline":"DUIMP: obrigatoriedade entra em vigor em outubro de 2024","datePublished":"2024-09-09T12:26:31+00:00","dateModified":"2024-09-09T12:26:31+00:00","mainEntityOfPage":{"@id":"https:\/\/mainhardt.com.br\/contabilidade\/duimp-obrigatoriedade-entra-em-vigor-em-outubro-de-2024\/"},"wordCount":567,"commentCount":0,"publisher":{"@id":"https:\/\/mainhardt.com.br\/contabilidade\/#organization"},"articleSection":["Not\u00edcias"],"inLanguage":"pt-BR","potentialAction":[{"@type":"CommentAction","name":"Comment","target":["https:\/\/mainhardt.com.br\/contabilidade\/duimp-obrigatoriedade-entra-em-vigor-em-outubro-de-2024\/#respond"]}]},{"@type":"WebPage","@id":"https:\/\/mainhardt.com.br\/contabilidade\/duimp-obrigatoriedade-entra-em-vigor-em-outubro-de-2024\/","url":"https:\/\/mainhardt.com.br\/contabilidade\/duimp-obrigatoriedade-entra-em-vigor-em-outubro-de-2024\/","name":"DUIMP: obrigatoriedade entra em vigor em outubro de 2024 - Mainhardt Contabilidade","isPartOf":{"@id":"https:\/\/mainhardt.com.br\/contabilidade\/#website"},"datePublished":"2024-09-09T12:26:31+00:00","dateModified":"2024-09-09T12:26:31+00:00","breadcrumb":{"@id":"https:\/\/mainhardt.com.br\/contabilidade\/duimp-obrigatoriedade-entra-em-vigor-em-outubro-de-2024\/#breadcrumb"},"inLanguage":"pt-BR","potentialAction":[{"@type":"ReadAction","target":["https:\/\/mainhardt.com.br\/contabilidade\/duimp-obrigatoriedade-entra-em-vigor-em-outubro-de-2024\/"]}]},{"@type":"BreadcrumbList","@id":"https:\/\/mainhardt.com.br\/contabilidade\/duimp-obrigatoriedade-entra-em-vigor-em-outubro-de-2024\/#breadcrumb","itemListElement":[{"@type":"ListItem","position":1,"name":"In\u00edcio","item":"https:\/\/mainhardt.com.br\/contabilidade\/"},{"@type":"ListItem","position":2,"name":"DUIMP: obrigatoriedade entra em vigor em outubro de 2024"}]},{"@type":"WebSite","@id":"https:\/\/mainhardt.com.br\/contabilidade\/#website","url":"https:\/\/mainhardt.com.br\/contabilidade\/","name":"Mainhardt Contabilidade","description":"Contabilidade em Santa Catarina","publisher":{"@id":"https:\/\/mainhardt.com.br\/contabilidade\/#organization"},"potentialAction":[{"@type":"SearchAction","target":{"@type":"EntryPoint","urlTemplate":"https:\/\/mainhardt.com.br\/contabilidade\/?s={search_term_string}"},"query-input":"required name=search_term_string"}],"inLanguage":"pt-BR"},{"@type":"Organization","@id":"https:\/\/mainhardt.com.br\/contabilidade\/#organization","name":"Mainhardt Contabilidade","url":"https:\/\/mainhardt.com.br\/contabilidade\/","sameAs":[],"logo":{"@type":"ImageObject","inLanguage":"pt-BR","@id":"https:\/\/mainhardt.com.br\/contabilidade\/#\/schema\/logo\/image\/","url":"https:\/\/mainhardt.com.br\/contabilidade\/wp-content\/uploads\/2022\/08\/Novo-Projeto-10.png","contentUrl":"https:\/\/mainhardt.com.br\/contabilidade\/wp-content\/uploads\/2022\/08\/Novo-Projeto-10.png","width":170,"height":60,"caption":"Mainhardt Contabilidade"},"image":{"@id":"https:\/\/mainhardt.com.br\/contabilidade\/#\/schema\/logo\/image\/"}},{"@type":"Person","@id":"https:\/\/mainhardt.com.br\/contabilidade\/#\/schema\/person\/5adb86ff70668fe847c2e0cb754b35c1","name":"Mainhardt","image":{"@type":"ImageObject","inLanguage":"pt-BR","@id":"https:\/\/mainhardt.com.br\/contabilidade\/#\/schema\/person\/image\/","url":"https:\/\/secure.gravatar.com\/avatar\/b5b5c6cabc18ed3906cf18c60e5aa253aaeba8af55a8c8b92af3925fd5c36d94?s=96&d=mm&r=g","contentUrl":"https:\/\/secure.gravatar.com\/avatar\/b5b5c6cabc18ed3906cf18c60e5aa253aaeba8af55a8c8b92af3925fd5c36d94?s=96&d=mm&r=g","caption":"Mainhardt"},"url":"https:\/\/mainhardt.com.br\/contabilidade\/author\/mainhardt\/"}]}},"_links":{"self":[{"href":"https:\/\/mainhardt.com.br\/contabilidade\/wp-json\/wp\/v2\/posts\/2532","targetHints":{"allow":["GET"]}}],"collection":[{"href":"https:\/\/mainhardt.com.br\/contabilidade\/wp-json\/wp\/v2\/posts"}],"about":[{"href":"https:\/\/mainhardt.com.br\/contabilidade\/wp-json\/wp\/v2\/types\/post"}],"author":[{"embeddable":true,"href":"https:\/\/mainhardt.com.br\/contabilidade\/wp-json\/wp\/v2\/users\/4"}],"replies":[{"embeddable":true,"href":"https:\/\/mainhardt.com.br\/contabilidade\/wp-json\/wp\/v2\/comments?post=2532"}],"version-history":[{"count":1,"href":"https:\/\/mainhardt.com.br\/contabilidade\/wp-json\/wp\/v2\/posts\/2532\/revisions"}],"predecessor-version":[{"id":2534,"href":"https:\/\/mainhardt.com.br\/contabilidade\/wp-json\/wp\/v2\/posts\/2532\/revisions\/2534"}],"wp:featuredmedia":[{"embeddable":true,"href":"https:\/\/mainhardt.com.br\/contabilidade\/wp-json\/wp\/v2\/media\/2533"}],"wp:attachment":[{"href":"https:\/\/mainhardt.com.br\/contabilidade\/wp-json\/wp\/v2\/media?parent=2532"}],"wp:term":[{"taxonomy":"category","embeddable":true,"href":"https:\/\/mainhardt.com.br\/contabilidade\/wp-json\/wp\/v2\/categories?post=2532"},{"taxonomy":"post_tag","embeddable":true,"href":"https:\/\/mainhardt.com.br\/contabilidade\/wp-json\/wp\/v2\/tags?post=2532"}],"curies":[{"name":"wp","href":"https:\/\/api.w.org\/{rel}","templated":true}]}}