{"id":2546,"date":"2024-10-29T07:00:00","date_gmt":"2024-10-29T10:00:00","guid":{"rendered":"https:\/\/mainhardt.com.br\/contabilidade\/?p=2546"},"modified":"2024-10-21T16:32:52","modified_gmt":"2024-10-21T19:32:52","slug":"nfc-e-sc-obrigatoriedade","status":"publish","type":"post","link":"https:\/\/mainhardt.com.br\/contabilidade\/nfc-e-sc-obrigatoriedade\/","title":{"rendered":"NFC-e SC: Obrigatoriedade"},"content":{"rendered":"\n<p>Foi disponibilizado nas Publica\u00e7\u00f5es eletr\u00f4nicas da SEF\/SC de 20\/09\/2024, o Ato DIAT n\u00ba 56\/2024, que estabelece prazos para a obrigatoriedade de uso da Nota Fiscal de Consumidor Eletr\u00f4nica (NFC-e), modelo 65, e Bilhete de Passagem Eletr\u00f4nico (BP-e), modelo 63, no estado de Santa Catarina. Essa exig\u00eancia j\u00e1 era esperada, em virtude da reforma tribut\u00e1ria, que se espera que exigir\u00e1 a ado\u00e7\u00e3o de documentos fiscais eletr\u00f4nicos a partir de 01\/01\/2026.<\/p>\n\n\n\n<p>Conforme o referido ato, os estabelecimentos usu\u00e1rios de Equipamento Emissor de Cupom Fiscal (ECF) e do Programa Aplicativo Fiscal (PAF-ECF), que j\u00e1 estejam inscritos no CCICMS-SC em 20.09.2024, ficam obrigados \u00e0 emiss\u00e3o de Nota Fiscal de Consumidor Eletr\u00f4nica (NFC-e), em substitui\u00e7\u00e3o ao cupom fiscal emitido por ECF, nos seguintes prazos:<\/p>\n\n\n\n<figure class=\"wp-block-image size-full\"><img fetchpriority=\"high\" decoding=\"async\" width=\"600\" height=\"437\" src=\"https:\/\/mainhardt.com.br\/contabilidade\/wp-content\/uploads\/2024\/10\/01.png\" alt=\"\" class=\"wp-image-2547\" srcset=\"https:\/\/mainhardt.com.br\/contabilidade\/wp-content\/uploads\/2024\/10\/01.png 600w, https:\/\/mainhardt.com.br\/contabilidade\/wp-content\/uploads\/2024\/10\/01-300x219.png 300w\" sizes=\"(max-width: 600px) 100vw, 600px\" \/><\/figure>\n\n\n\n<p>Vale ressaltar que a partir de 01\/08\/2025,&nbsp;<strong>a NFC-e ser\u00e1 obrigat\u00f3ria para os contribuintes que, independentemente da atividade econ\u00f4mica exercida, realizem opera\u00e7\u00f5es de venda de mercadorias ou bens, cujo adquirente seja n\u00e3o contribuinte do ICMS.<\/strong><\/p>\n\n\n\n<p>Tamb\u00e9m, a partir de 01\/08\/2025, os estabelecimentos usu\u00e1rios de Equipamento Emissor de Cupom Fiscal (ECF) e do Programa Aplicativo Fiscal (PAF-ECF) para emiss\u00e3o do bilhete de passagem, ficam obrigados \u00e0 emiss\u00e3o de Bilhete de Passagem Eletr\u00f4nico (BP-e).<\/p>\n\n\n\n<p><strong>Novas Inscri\u00e7\u00f5es Estaduais<\/strong><\/p>\n\n\n\n<p>A partir da data de publica\u00e7\u00e3o do Ato DIAT n\u00ba 56\/2024 (20\/09\/2024), os estabelecimentos que sejam inscritos no CCICMS\/SC ficam obrigados \u00e0 utiliza\u00e7\u00e3o dos seguintes documentos fiscais, nas opera\u00e7\u00f5es e presta\u00e7\u00f5es cujo adquirente ou tomador seja pessoa natural ou jur\u00eddica n\u00e3o contribuinte do ICMS:<\/p>\n\n\n\n<p>NFC-e: quando efetuarem opera\u00e7\u00f5es de venda de mercadorias ou bens, cujo adquirente ou tomador n\u00e3o seja contribuinte do ICMS, pessoa natural ou jur\u00eddica; e<\/p>\n\n\n\n<p>BP-e: quando efetuarem presta\u00e7\u00f5es de servi\u00e7os de transporte intermunicipal e interestadual de passageiros, cujo adquirente ou tomador seja n\u00e3o contribuinte do ICMS, pessoa natural ou jur\u00eddica.<\/p>\n\n\n\n<p><strong>Cessa\u00e7\u00e3o do ECF<\/strong><\/p>\n\n\n\n<p>Os estabelecimentos obrigados ao uso da NFC-e e do BPe dever\u00e3o providenciar a cessa\u00e7\u00e3o de uso de ECF em at\u00e9 90 dias, contados da data de in\u00edcio da obrigatoriedade.&nbsp;<\/p>\n\n\n\n<p>A cessa\u00e7\u00e3o de uso de ECF se aplica aos estabelecimentos detentores dos TTDs 706 e 708 e a todos os demais estabelecimentos que utilizam o ECF, ainda que n\u00e3o estejam obrigados ao uso da NFC-e e do BP-e.<\/p>\n\n\n\n<p>Em rela\u00e7\u00e3o aos detentores dos TTDs 706 e 708, esses ficam dispensados de registrar a ren\u00fancia dos referidos TTDs, sendo presumido o tratamento das situa\u00e7\u00f5es de conting\u00eancia por meio do PAF-NFC-e ou do PAF=BP-e a partir da data de cessa\u00e7\u00e3o de uso do ECF.<\/p>\n\n\n\n<p><strong>Prorroga\u00e7\u00e3o dos Laudos de PAF-ECF<\/strong><\/p>\n\n\n\n<p>Por fim, foi prorrogada, at\u00e9 a cessa\u00e7\u00e3o de uso de todos os ECF que utilizam determinado PAF, a validade dos respectivos laudos dos PAF-ECF previamente certificados que implementem as vers\u00f5es 02.04, 02.05 e 02.06 da especifica\u00e7\u00e3o de requisitos do PAF-ECF, de acordo com as disposi\u00e7\u00f5es do Atos COTEPE\/ICMS n\u00ba 14\/2016, 10\/2017 e 37\/2018, ainda que vencidos a partir de 1\u00ba de junho de 2020.<\/p>\n\n\n\n<p><strong>Bloco X<\/strong><\/p>\n\n\n\n<p>Por consequ\u00eancia, foram revogados os Atos DIAT n\u00ba 46\/2022 e 55\/2022, que tratavam sobre a obrigatoriedade do Bloco X.<\/p>\n\n\n\n<p><strong>Tabela Detalhada da Obrigatoriedade da NFC-e<\/strong><\/p>\n\n\n\n<p>Abaixo dispomos a mesma tabela que demonstramos anteriormente, que serve para os contribuintes j\u00e1 inscritos no CCICMS-SC, mas com a descri\u00e7\u00e3o das CNAEs, para facilitar a visualiza\u00e7\u00e3o:<\/p>\n\n\n\n<figure class=\"wp-block-image size-full\"><img decoding=\"async\" width=\"550\" height=\"605\" src=\"https:\/\/mainhardt.com.br\/contabilidade\/wp-content\/uploads\/2024\/10\/02.png\" alt=\"\" class=\"wp-image-2548\" srcset=\"https:\/\/mainhardt.com.br\/contabilidade\/wp-content\/uploads\/2024\/10\/02.png 550w, https:\/\/mainhardt.com.br\/contabilidade\/wp-content\/uploads\/2024\/10\/02-273x300.png 273w\" sizes=\"(max-width: 550px) 100vw, 550px\" \/><\/figure>\n\n\n\n<figure class=\"wp-block-image size-full\"><img decoding=\"async\" width=\"551\" height=\"606\" src=\"https:\/\/mainhardt.com.br\/contabilidade\/wp-content\/uploads\/2024\/10\/03.png\" alt=\"\" class=\"wp-image-2549\" srcset=\"https:\/\/mainhardt.com.br\/contabilidade\/wp-content\/uploads\/2024\/10\/03.png 551w, https:\/\/mainhardt.com.br\/contabilidade\/wp-content\/uploads\/2024\/10\/03-273x300.png 273w\" sizes=\"(max-width: 551px) 100vw, 551px\" \/><\/figure>\n\n\n\n<figure class=\"wp-block-image size-full\"><img loading=\"lazy\" decoding=\"async\" width=\"551\" height=\"646\" src=\"https:\/\/mainhardt.com.br\/contabilidade\/wp-content\/uploads\/2024\/10\/04.png\" alt=\"\" class=\"wp-image-2550\" srcset=\"https:\/\/mainhardt.com.br\/contabilidade\/wp-content\/uploads\/2024\/10\/04.png 551w, https:\/\/mainhardt.com.br\/contabilidade\/wp-content\/uploads\/2024\/10\/04-256x300.png 256w\" sizes=\"(max-width: 551px) 100vw, 551px\" \/><\/figure>\n\n\n\n<figure class=\"wp-block-image size-full\"><img loading=\"lazy\" decoding=\"async\" width=\"550\" height=\"623\" src=\"https:\/\/mainhardt.com.br\/contabilidade\/wp-content\/uploads\/2024\/10\/05.png\" alt=\"\" class=\"wp-image-2551\" srcset=\"https:\/\/mainhardt.com.br\/contabilidade\/wp-content\/uploads\/2024\/10\/05.png 550w, https:\/\/mainhardt.com.br\/contabilidade\/wp-content\/uploads\/2024\/10\/05-265x300.png 265w\" sizes=\"(max-width: 550px) 100vw, 550px\" \/><\/figure>\n\n\n\n<p>Fonte: <a href=\"https:\/\/sat.sef.sc.gov.br\/tax.NET\/Sat.Pesef.Web\/Publicacao\/ViewCompleto.aspx?x=083068105075082083068069079104085120116111087086098113073112068118048079057086115075050100114097056082115122053054080081078101115061\">https:\/\/sat.sef.sc.gov.br\/tax.NET\/Sat.Pesef.Web\/Publicacao\/ViewCompleto.aspx?x=083068105075082083068069079104085120116111087086098113073112068118048079057086115075050100114097056082115122053054080081078101115061<\/a><\/p>\n\n\n\n<p><\/p>\n","protected":false},"excerpt":{"rendered":"<p>Foi disponibilizado nas Publica\u00e7\u00f5es eletr\u00f4nicas da SEF\/SC de 20\/09\/2024, o Ato DIAT n\u00ba 56\/2024, que estabelece prazos para a obrigatoriedade de uso da Nota Fiscal de Consumidor Eletr\u00f4nica (NFC-e), modelo 65, e Bilhete de Passagem Eletr\u00f4nico (BP-e), modelo 63, no estado de Santa Catarina. Essa exig\u00eancia j\u00e1 era esperada, em virtude da reforma tribut\u00e1ria, que [&hellip;]<\/p>\n","protected":false},"author":4,"featured_media":2552,"comment_status":"open","ping_status":"open","sticky":false,"template":"","format":"standard","meta":{"footnotes":""},"categories":[1],"tags":[],"class_list":["post-2546","post","type-post","status-publish","format-standard","has-post-thumbnail","hentry","category-noticias"],"yoast_head":"<!-- This site is optimized with the Yoast SEO plugin v19.6.1 - https:\/\/yoast.com\/wordpress\/plugins\/seo\/ -->\n<title>NFC-e SC: Obrigatoriedade - Mainhardt Contabilidade<\/title>\n<meta name=\"robots\" content=\"index, follow, max-snippet:-1, max-image-preview:large, max-video-preview:-1\" \/>\n<link rel=\"canonical\" href=\"https:\/\/mainhardt.com.br\/contabilidade\/nfc-e-sc-obrigatoriedade\/\" \/>\n<meta property=\"og:locale\" content=\"pt_BR\" \/>\n<meta property=\"og:type\" content=\"article\" \/>\n<meta property=\"og:title\" content=\"NFC-e SC: Obrigatoriedade - Mainhardt Contabilidade\" \/>\n<meta property=\"og:description\" content=\"Foi disponibilizado nas Publica\u00e7\u00f5es eletr\u00f4nicas da SEF\/SC de 20\/09\/2024, o Ato DIAT n\u00ba 56\/2024, que estabelece prazos para a obrigatoriedade de uso da Nota Fiscal de Consumidor Eletr\u00f4nica (NFC-e), modelo 65, e Bilhete de Passagem Eletr\u00f4nico (BP-e), modelo 63, no estado de Santa Catarina. Essa exig\u00eancia j\u00e1 era esperada, em virtude da reforma tribut\u00e1ria, que [&hellip;]\" \/>\n<meta property=\"og:url\" content=\"https:\/\/mainhardt.com.br\/contabilidade\/nfc-e-sc-obrigatoriedade\/\" \/>\n<meta property=\"og:site_name\" content=\"Mainhardt Contabilidade\" \/>\n<meta property=\"article:published_time\" content=\"2024-10-29T10:00:00+00:00\" \/>\n<meta property=\"article:modified_time\" content=\"2024-10-21T19:32:52+00:00\" \/>\n<meta property=\"og:image\" content=\"https:\/\/mainhardt.com.br\/contabilidade\/wp-content\/uploads\/2024\/10\/capa.jpg\" \/>\n\t<meta property=\"og:image:width\" content=\"1080\" \/>\n\t<meta property=\"og:image:height\" content=\"1080\" \/>\n\t<meta property=\"og:image:type\" content=\"image\/jpeg\" \/>\n<meta name=\"author\" content=\"Mainhardt\" \/>\n<meta name=\"twitter:card\" content=\"summary_large_image\" \/>\n<meta name=\"twitter:label1\" content=\"Escrito por\" \/>\n\t<meta name=\"twitter:data1\" content=\"Mainhardt\" \/>\n\t<meta name=\"twitter:label2\" content=\"Est. tempo de leitura\" \/>\n\t<meta name=\"twitter:data2\" content=\"4 minutos\" \/>\n<script type=\"application\/ld+json\" class=\"yoast-schema-graph\">{\"@context\":\"https:\/\/schema.org\",\"@graph\":[{\"@type\":\"Article\",\"@id\":\"https:\/\/mainhardt.com.br\/contabilidade\/nfc-e-sc-obrigatoriedade\/#article\",\"isPartOf\":{\"@id\":\"https:\/\/mainhardt.com.br\/contabilidade\/nfc-e-sc-obrigatoriedade\/\"},\"author\":{\"name\":\"Mainhardt\",\"@id\":\"https:\/\/mainhardt.com.br\/contabilidade\/#\/schema\/person\/5adb86ff70668fe847c2e0cb754b35c1\"},\"headline\":\"NFC-e SC: Obrigatoriedade\",\"datePublished\":\"2024-10-29T10:00:00+00:00\",\"dateModified\":\"2024-10-21T19:32:52+00:00\",\"mainEntityOfPage\":{\"@id\":\"https:\/\/mainhardt.com.br\/contabilidade\/nfc-e-sc-obrigatoriedade\/\"},\"wordCount\":576,\"commentCount\":0,\"publisher\":{\"@id\":\"https:\/\/mainhardt.com.br\/contabilidade\/#organization\"},\"articleSection\":[\"Not\u00edcias\"],\"inLanguage\":\"pt-BR\",\"potentialAction\":[{\"@type\":\"CommentAction\",\"name\":\"Comment\",\"target\":[\"https:\/\/mainhardt.com.br\/contabilidade\/nfc-e-sc-obrigatoriedade\/#respond\"]}]},{\"@type\":\"WebPage\",\"@id\":\"https:\/\/mainhardt.com.br\/contabilidade\/nfc-e-sc-obrigatoriedade\/\",\"url\":\"https:\/\/mainhardt.com.br\/contabilidade\/nfc-e-sc-obrigatoriedade\/\",\"name\":\"NFC-e SC: Obrigatoriedade - Mainhardt Contabilidade\",\"isPartOf\":{\"@id\":\"https:\/\/mainhardt.com.br\/contabilidade\/#website\"},\"datePublished\":\"2024-10-29T10:00:00+00:00\",\"dateModified\":\"2024-10-21T19:32:52+00:00\",\"breadcrumb\":{\"@id\":\"https:\/\/mainhardt.com.br\/contabilidade\/nfc-e-sc-obrigatoriedade\/#breadcrumb\"},\"inLanguage\":\"pt-BR\",\"potentialAction\":[{\"@type\":\"ReadAction\",\"target\":[\"https:\/\/mainhardt.com.br\/contabilidade\/nfc-e-sc-obrigatoriedade\/\"]}]},{\"@type\":\"BreadcrumbList\",\"@id\":\"https:\/\/mainhardt.com.br\/contabilidade\/nfc-e-sc-obrigatoriedade\/#breadcrumb\",\"itemListElement\":[{\"@type\":\"ListItem\",\"position\":1,\"name\":\"In\u00edcio\",\"item\":\"https:\/\/mainhardt.com.br\/contabilidade\/\"},{\"@type\":\"ListItem\",\"position\":2,\"name\":\"NFC-e SC: Obrigatoriedade\"}]},{\"@type\":\"WebSite\",\"@id\":\"https:\/\/mainhardt.com.br\/contabilidade\/#website\",\"url\":\"https:\/\/mainhardt.com.br\/contabilidade\/\",\"name\":\"Mainhardt Contabilidade\",\"description\":\"Contabilidade em Santa Catarina\",\"publisher\":{\"@id\":\"https:\/\/mainhardt.com.br\/contabilidade\/#organization\"},\"potentialAction\":[{\"@type\":\"SearchAction\",\"target\":{\"@type\":\"EntryPoint\",\"urlTemplate\":\"https:\/\/mainhardt.com.br\/contabilidade\/?s={search_term_string}\"},\"query-input\":\"required name=search_term_string\"}],\"inLanguage\":\"pt-BR\"},{\"@type\":\"Organization\",\"@id\":\"https:\/\/mainhardt.com.br\/contabilidade\/#organization\",\"name\":\"Mainhardt Contabilidade\",\"url\":\"https:\/\/mainhardt.com.br\/contabilidade\/\",\"sameAs\":[],\"logo\":{\"@type\":\"ImageObject\",\"inLanguage\":\"pt-BR\",\"@id\":\"https:\/\/mainhardt.com.br\/contabilidade\/#\/schema\/logo\/image\/\",\"url\":\"https:\/\/mainhardt.com.br\/contabilidade\/wp-content\/uploads\/2022\/08\/Novo-Projeto-10.png\",\"contentUrl\":\"https:\/\/mainhardt.com.br\/contabilidade\/wp-content\/uploads\/2022\/08\/Novo-Projeto-10.png\",\"width\":170,\"height\":60,\"caption\":\"Mainhardt Contabilidade\"},\"image\":{\"@id\":\"https:\/\/mainhardt.com.br\/contabilidade\/#\/schema\/logo\/image\/\"}},{\"@type\":\"Person\",\"@id\":\"https:\/\/mainhardt.com.br\/contabilidade\/#\/schema\/person\/5adb86ff70668fe847c2e0cb754b35c1\",\"name\":\"Mainhardt\",\"image\":{\"@type\":\"ImageObject\",\"inLanguage\":\"pt-BR\",\"@id\":\"https:\/\/mainhardt.com.br\/contabilidade\/#\/schema\/person\/image\/\",\"url\":\"https:\/\/secure.gravatar.com\/avatar\/b5b5c6cabc18ed3906cf18c60e5aa253aaeba8af55a8c8b92af3925fd5c36d94?s=96&d=mm&r=g\",\"contentUrl\":\"https:\/\/secure.gravatar.com\/avatar\/b5b5c6cabc18ed3906cf18c60e5aa253aaeba8af55a8c8b92af3925fd5c36d94?s=96&d=mm&r=g\",\"caption\":\"Mainhardt\"},\"url\":\"https:\/\/mainhardt.com.br\/contabilidade\/author\/mainhardt\/\"}]}<\/script>\n<!-- \/ Yoast SEO plugin. -->","yoast_head_json":{"title":"NFC-e SC: Obrigatoriedade - Mainhardt Contabilidade","robots":{"index":"index","follow":"follow","max-snippet":"max-snippet:-1","max-image-preview":"max-image-preview:large","max-video-preview":"max-video-preview:-1"},"canonical":"https:\/\/mainhardt.com.br\/contabilidade\/nfc-e-sc-obrigatoriedade\/","og_locale":"pt_BR","og_type":"article","og_title":"NFC-e SC: Obrigatoriedade - Mainhardt Contabilidade","og_description":"Foi disponibilizado nas Publica\u00e7\u00f5es eletr\u00f4nicas da SEF\/SC de 20\/09\/2024, o Ato DIAT n\u00ba 56\/2024, que estabelece prazos para a obrigatoriedade de uso da Nota Fiscal de Consumidor Eletr\u00f4nica (NFC-e), modelo 65, e Bilhete de Passagem Eletr\u00f4nico (BP-e), modelo 63, no estado de Santa Catarina. Essa exig\u00eancia j\u00e1 era esperada, em virtude da reforma tribut\u00e1ria, que [&hellip;]","og_url":"https:\/\/mainhardt.com.br\/contabilidade\/nfc-e-sc-obrigatoriedade\/","og_site_name":"Mainhardt Contabilidade","article_published_time":"2024-10-29T10:00:00+00:00","article_modified_time":"2024-10-21T19:32:52+00:00","og_image":[{"width":1080,"height":1080,"url":"https:\/\/mainhardt.com.br\/contabilidade\/wp-content\/uploads\/2024\/10\/capa.jpg","type":"image\/jpeg"}],"author":"Mainhardt","twitter_card":"summary_large_image","twitter_misc":{"Escrito por":"Mainhardt","Est. tempo de leitura":"4 minutos"},"schema":{"@context":"https:\/\/schema.org","@graph":[{"@type":"Article","@id":"https:\/\/mainhardt.com.br\/contabilidade\/nfc-e-sc-obrigatoriedade\/#article","isPartOf":{"@id":"https:\/\/mainhardt.com.br\/contabilidade\/nfc-e-sc-obrigatoriedade\/"},"author":{"name":"Mainhardt","@id":"https:\/\/mainhardt.com.br\/contabilidade\/#\/schema\/person\/5adb86ff70668fe847c2e0cb754b35c1"},"headline":"NFC-e SC: Obrigatoriedade","datePublished":"2024-10-29T10:00:00+00:00","dateModified":"2024-10-21T19:32:52+00:00","mainEntityOfPage":{"@id":"https:\/\/mainhardt.com.br\/contabilidade\/nfc-e-sc-obrigatoriedade\/"},"wordCount":576,"commentCount":0,"publisher":{"@id":"https:\/\/mainhardt.com.br\/contabilidade\/#organization"},"articleSection":["Not\u00edcias"],"inLanguage":"pt-BR","potentialAction":[{"@type":"CommentAction","name":"Comment","target":["https:\/\/mainhardt.com.br\/contabilidade\/nfc-e-sc-obrigatoriedade\/#respond"]}]},{"@type":"WebPage","@id":"https:\/\/mainhardt.com.br\/contabilidade\/nfc-e-sc-obrigatoriedade\/","url":"https:\/\/mainhardt.com.br\/contabilidade\/nfc-e-sc-obrigatoriedade\/","name":"NFC-e SC: Obrigatoriedade - Mainhardt Contabilidade","isPartOf":{"@id":"https:\/\/mainhardt.com.br\/contabilidade\/#website"},"datePublished":"2024-10-29T10:00:00+00:00","dateModified":"2024-10-21T19:32:52+00:00","breadcrumb":{"@id":"https:\/\/mainhardt.com.br\/contabilidade\/nfc-e-sc-obrigatoriedade\/#breadcrumb"},"inLanguage":"pt-BR","potentialAction":[{"@type":"ReadAction","target":["https:\/\/mainhardt.com.br\/contabilidade\/nfc-e-sc-obrigatoriedade\/"]}]},{"@type":"BreadcrumbList","@id":"https:\/\/mainhardt.com.br\/contabilidade\/nfc-e-sc-obrigatoriedade\/#breadcrumb","itemListElement":[{"@type":"ListItem","position":1,"name":"In\u00edcio","item":"https:\/\/mainhardt.com.br\/contabilidade\/"},{"@type":"ListItem","position":2,"name":"NFC-e SC: Obrigatoriedade"}]},{"@type":"WebSite","@id":"https:\/\/mainhardt.com.br\/contabilidade\/#website","url":"https:\/\/mainhardt.com.br\/contabilidade\/","name":"Mainhardt Contabilidade","description":"Contabilidade em Santa Catarina","publisher":{"@id":"https:\/\/mainhardt.com.br\/contabilidade\/#organization"},"potentialAction":[{"@type":"SearchAction","target":{"@type":"EntryPoint","urlTemplate":"https:\/\/mainhardt.com.br\/contabilidade\/?s={search_term_string}"},"query-input":"required name=search_term_string"}],"inLanguage":"pt-BR"},{"@type":"Organization","@id":"https:\/\/mainhardt.com.br\/contabilidade\/#organization","name":"Mainhardt Contabilidade","url":"https:\/\/mainhardt.com.br\/contabilidade\/","sameAs":[],"logo":{"@type":"ImageObject","inLanguage":"pt-BR","@id":"https:\/\/mainhardt.com.br\/contabilidade\/#\/schema\/logo\/image\/","url":"https:\/\/mainhardt.com.br\/contabilidade\/wp-content\/uploads\/2022\/08\/Novo-Projeto-10.png","contentUrl":"https:\/\/mainhardt.com.br\/contabilidade\/wp-content\/uploads\/2022\/08\/Novo-Projeto-10.png","width":170,"height":60,"caption":"Mainhardt Contabilidade"},"image":{"@id":"https:\/\/mainhardt.com.br\/contabilidade\/#\/schema\/logo\/image\/"}},{"@type":"Person","@id":"https:\/\/mainhardt.com.br\/contabilidade\/#\/schema\/person\/5adb86ff70668fe847c2e0cb754b35c1","name":"Mainhardt","image":{"@type":"ImageObject","inLanguage":"pt-BR","@id":"https:\/\/mainhardt.com.br\/contabilidade\/#\/schema\/person\/image\/","url":"https:\/\/secure.gravatar.com\/avatar\/b5b5c6cabc18ed3906cf18c60e5aa253aaeba8af55a8c8b92af3925fd5c36d94?s=96&d=mm&r=g","contentUrl":"https:\/\/secure.gravatar.com\/avatar\/b5b5c6cabc18ed3906cf18c60e5aa253aaeba8af55a8c8b92af3925fd5c36d94?s=96&d=mm&r=g","caption":"Mainhardt"},"url":"https:\/\/mainhardt.com.br\/contabilidade\/author\/mainhardt\/"}]}},"_links":{"self":[{"href":"https:\/\/mainhardt.com.br\/contabilidade\/wp-json\/wp\/v2\/posts\/2546","targetHints":{"allow":["GET"]}}],"collection":[{"href":"https:\/\/mainhardt.com.br\/contabilidade\/wp-json\/wp\/v2\/posts"}],"about":[{"href":"https:\/\/mainhardt.com.br\/contabilidade\/wp-json\/wp\/v2\/types\/post"}],"author":[{"embeddable":true,"href":"https:\/\/mainhardt.com.br\/contabilidade\/wp-json\/wp\/v2\/users\/4"}],"replies":[{"embeddable":true,"href":"https:\/\/mainhardt.com.br\/contabilidade\/wp-json\/wp\/v2\/comments?post=2546"}],"version-history":[{"count":1,"href":"https:\/\/mainhardt.com.br\/contabilidade\/wp-json\/wp\/v2\/posts\/2546\/revisions"}],"predecessor-version":[{"id":2553,"href":"https:\/\/mainhardt.com.br\/contabilidade\/wp-json\/wp\/v2\/posts\/2546\/revisions\/2553"}],"wp:featuredmedia":[{"embeddable":true,"href":"https:\/\/mainhardt.com.br\/contabilidade\/wp-json\/wp\/v2\/media\/2552"}],"wp:attachment":[{"href":"https:\/\/mainhardt.com.br\/contabilidade\/wp-json\/wp\/v2\/media?parent=2546"}],"wp:term":[{"taxonomy":"category","embeddable":true,"href":"https:\/\/mainhardt.com.br\/contabilidade\/wp-json\/wp\/v2\/categories?post=2546"},{"taxonomy":"post_tag","embeddable":true,"href":"https:\/\/mainhardt.com.br\/contabilidade\/wp-json\/wp\/v2\/tags?post=2546"}],"curies":[{"name":"wp","href":"https:\/\/api.w.org\/{rel}","templated":true}]}}