{"id":2554,"date":"2024-10-31T07:00:00","date_gmt":"2024-10-31T10:00:00","guid":{"rendered":"https:\/\/mainhardt.com.br\/contabilidade\/?p=2554"},"modified":"2024-10-21T16:35:23","modified_gmt":"2024-10-21T19:35:23","slug":"cprb-fim-gradual-da-desoneracao-da-folha-de-pagamento","status":"publish","type":"post","link":"https:\/\/mainhardt.com.br\/contabilidade\/cprb-fim-gradual-da-desoneracao-da-folha-de-pagamento\/","title":{"rendered":"CPRB: Fim gradual da desonera\u00e7\u00e3o da folha de pagamento"},"content":{"rendered":"\n<p><strong>O que \u00e9 a desonera\u00e7\u00e3o<\/strong><\/p>\n\n\n\n<p><br>&nbsp;&nbsp;&nbsp;&nbsp;&nbsp;&nbsp;&nbsp;&nbsp;&nbsp;&nbsp;&nbsp;&nbsp;&nbsp;&nbsp; Com a desonera\u00e7\u00e3o, as empresas beneficiadas podem optar pelo pagamento de contribui\u00e7\u00e3o social sobre a receita bruta com al\u00edquotas de 1% a 4,5% em vez de pagar 20% de INSS sobre a folha de sal\u00e1rios.<\/p>\n\n\n\n<p>Institu\u00edda em 2011 para alguns setores, principalmente tecnologia da informa\u00e7\u00e3o (TI) e comunica\u00e7\u00e3o (TIC) e call center, a pol\u00edtica de desonera\u00e7\u00e3o foi ampliada para diversos setores da economia em 2014, mas sofreu diminui\u00e7\u00e3o a partir de 2018 devido \u00e0 grande ren\u00fancia fiscal, permanecendo desde ent\u00e3o apenas para algumas \u00e1reas de servi\u00e7os e determinados produtos.<\/p>\n\n\n\n<p><strong>Mudan\u00e7a:<\/strong><\/p>\n\n\n\n<p>As empresas poder\u00e3o adotar a desonera\u00e7\u00e3o da folha at\u00e9 dezembro de 2024.<\/p>\n\n\n\n<p>A partir de janeiro de 2025, come\u00e7a a reonera\u00e7\u00e3o gradual da folha de pagamento para 17 setores econ\u00f4micos.<\/p>\n\n\n\n<p><strong>Legisla\u00e7\u00e3o:<\/strong><\/p>\n\n\n\n<p>Publicada a Lei n\u00ba 14.973\/2024, no Di\u00e1rio Oficial Edi\u00e7\u00e3o Extra do dia 16\/09\/2024, que, entre outras medidas, estabelece regime de transi\u00e7\u00e3o para a contribui\u00e7\u00e3o substitutiva prevista nos artigos 7\u00ba e 8\u00ba da Lei n\u00ba 12.546\/2011 e altera a Lei n\u00ba 8.212\/1991.<\/p>\n\n\n\n<p><strong>Obriga\u00e7\u00f5es em dia:<\/strong><\/p>\n\n\n\n<p>O aproveitamento dos benef\u00edcios fiscais \u00e9 condicionado \u00e0:<\/p>\n\n\n\n<p>\u00b7regularidade com os tributos federais, Cadin e FGTS;<\/p>\n\n\n\n<p>\u00b7inexist\u00eancia de san\u00e7\u00f5es por atos de improbidade administrativa;<\/p>\n\n\n\n<p>\u00b7inexist\u00eancia de interdi\u00e7\u00e3o tempor\u00e1ria de direito por atividade lesiva ao meio ambiente;<\/p>\n\n\n\n<p>\u00b7inexist\u00eancia de atos lesivos \u00e0 administra\u00e7\u00e3o p\u00fablica que impe\u00e7am o recebimento de incentivos fiscais;<\/p>\n\n\n\n<p>\u00b7ades\u00e3o ao Domic\u00edlio Tribut\u00e1rio Eletr\u00f4nico (DTE), da Receita Federal; e<\/p>\n\n\n\n<p>\u00b7regularidade cadastral perante a Receita Federal.<\/p>\n\n\n\n<p><strong>Reonera\u00e7\u00e3o Gradual:<\/strong><\/p>\n\n\n\n<p>Nos exerc\u00edcios de 2025 a 2027, as empresas com atividades listadas nos artigos 7\u00ba e 8\u00ba da Lei n\u00ba 12.546\/2011 poder\u00e3o contribuir sobre o valor da receita bruta (CPRB), exclu\u00eddos as vendas canceladas e os descontos incondicionais concedidos, em substitui\u00e7\u00e3o parcial \u00e0s contribui\u00e7\u00f5es previdenci\u00e1rias patronais (CPP) previstas nos incisos I e III do caput do art. 22 da Lei n\u00ba 8.212\/1991, sendo tributadas de acordo com as seguintes propor\u00e7\u00f5es:<\/p>\n\n\n\n<p>\u00b7de 1\u00ba de janeiro at\u00e9 31 de dezembro de 2025:<\/p>\n\n\n\n<p>a) 80% das al\u00edquotas previstas nos arts. 7\u00ba-A e 8\u00ba-A da Lei n\u00ba 12.546\/2011; e<\/p>\n\n\n\n<p>b) 25% das al\u00edquotas previstas nos incisos I e III do art. 22 da Lei n\u00ba 8.212\/1991;<\/p>\n\n\n\n<p>\u00b7de 1\u00ba de janeiro at\u00e9 31 de dezembro de 2026:<\/p>\n\n\n\n<p>a) 60% das al\u00edquotas previstas nos arts. 7\u00ba-A e 8\u00ba-A da Lei n\u00ba 12.546\/2011; e<\/p>\n\n\n\n<p>b) 50% das al\u00edquotas previstas nos incisos I e III do art. 22 da Lei n\u00ba 8.212\/1991; e<\/p>\n\n\n\n<p>\u00b7de 1\u00ba de janeiro at\u00e9 31 de dezembro de 2027:<\/p>\n\n\n\n<p>a) 40% das al\u00edquotas previstas nos arts. 7\u00ba-A e 8\u00ba-A da Lei n\u00ba 12.546\/2011; e<\/p>\n\n\n\n<p>b) 75% das al\u00edquotas previstas nos incisos I e III do art. 22 da Lei n\u00ba 8.212\/1991.<\/p>\n\n\n\n<p>A partir de 1\u00ba de janeiro de 2025 at\u00e9 31 de dezembro de 2027, para fins de c\u00e1lculo do valor devido sob o regime da substitui\u00e7\u00e3o parcial retro citado, as CPPs previstas nos incisos I e III do art. 22 da Lei n\u00ba 8.212\/1991, n\u00e3o incidir\u00e3o sobre as remunera\u00e7\u00f5es pagas, devidas ou creditadas a t\u00edtulo de 13\u00ba sal\u00e1rio.<\/p>\n\n\n\n<p><strong>Obras de constru\u00e7\u00e3o Civil:<\/strong><\/p>\n\n\n\n<p>Para as obras matriculadas no CEI no per\u00edodo compreendido entre 1\u00ba\/04\/2013 e 31\/05\/2013 e entre 1\u00ba\/11\/2013 e 30\/11\/2015, o recolhimento da contribui\u00e7\u00e3o previdenci\u00e1ria dever\u00e1 ocorrer at\u00e9 o seu t\u00e9rmino, com a aplica\u00e7\u00e3o da regra da desonera\u00e7\u00e3o da folha.<\/p>\n\n\n\n<p>J\u00e1 para obras matriculadas no CEI\/CNO a partir de 1\u00ba de dezembro de 2015, a contribui\u00e7\u00e3o previdenci\u00e1ria poder\u00e1 incidir sobre a receita bruta, na forma do art. 7\u00ba da Lei n\u00ba 12.546\/2011, ou sobre a folha de pagamento, na forma prevista no art. 22 da Lei n\u00ba 8.212\/1991, de acordo com a op\u00e7\u00e3o feita pela construtora, at\u00e9 o seu t\u00e9rmino.<\/p>\n\n\n\n<p>No entanto, a partir de 1\u00ba de janeiro de 2028, as obras de constru\u00e7\u00e3o civil ainda n\u00e3o encerradas dever\u00e3o passar a recolher as contribui\u00e7\u00f5es previdenci\u00e1rias patronais (CPP) de que trata o art. 22, incisos I e III, da Lei n\u00ba 8.212\/1991.<\/p>\n\n\n\n<p><strong>Termo de manuten\u00e7\u00e3o de v\u00ednculo de emprego para empresas que optarem pela regra da desonera\u00e7\u00e3o da folha.<\/strong><\/p>\n\n\n\n<p>A partir de 1\u00ba de janeiro de 2025 at\u00e9 31 de dezembro de 2027, a empresa que optar por contribuir nos termos dos arts. 7\u00ba a 9\u00ba da Lei n\u00ba 12.546\/2011, dever\u00e1 firmar termo no qual se compromete a manter, em seus quadros funcionais, ao longo de cada ano-calend\u00e1rio, quantitativo m\u00e9dio de empregados igual ou superior a 75% do verificado na m\u00e9dia do ano-calend\u00e1rio imediatamente anterior.<\/p>\n\n\n\n<p>Em caso de inobserv\u00e2ncia do disposto acima, a empresa n\u00e3o poder\u00e1 usufruir da contribui\u00e7\u00e3o sobre a receita bruta, a partir do ano-calend\u00e1rio subsequente ao descumprimento, hip\u00f3tese em que se aplicam as CPP previstas nos incisos I e III do art. 22 da Lei n\u00ba 8.212\/1991, \u00e0 al\u00edquota de 20%.<\/p>\n\n\n\n<p>Estas disposi\u00e7\u00f5es ser\u00e3o disciplinadas Ato do Poder Executivo e tamb\u00e9m pela Secretaria Especial da Receita Federal do Brasil.<\/p>\n\n\n\n<p><strong>Atividades:<\/strong><\/p>\n\n\n\n<p>\u00b7TI e TIC, art. 7\u00ba;<\/p>\n\n\n\n<p>\u00b7Setor de constru\u00e7\u00e3o civil, enquadradas nos grupos 412, 432, 433 e 439 da CNAE 2.0;<\/p>\n\n\n\n<p>\u00b7Empresas de transporte rodovi\u00e1rio coletivo de passageiros, com itiner\u00e1rio fixo, municipal, intermunicipal em regi\u00e3o metropolitana, intermunicipal, interestadual e internacional enquadradas nas classes 4921-3 e 4922-1 da CNAE 2.0 ;<\/p>\n\n\n\n<p>\u00b7Empresas de transporte ferrovi\u00e1rio de passageiros, enquadradas nas subclasses 4912-4\/01 e 4912-4\/02 da CNAE 2.0;<\/p>\n\n\n\n<p>\u00b7Empresas de transporte metroferrovi\u00e1rio de passageiros, enquadradas na subclasse 4912-4\/03 da CNAE 2.0;<\/p>\n\n\n\n<p>\u00b7Empresas de constru\u00e7\u00e3o de obras de infraestrutura, enquadradas nos grupos 421, 422, 429 e 431 da CNAE 2.0;<\/p>\n\n\n\n<p>\u00b7Empresas jornal\u00edsticas e de radiodifus\u00e3o sonora e de sons e imagens;<\/p>\n\n\n\n<p>\u00b7Empresas que fabriquem os produtos classificados na Tipi nos c\u00f3digos, conforme art. 8;<\/p>\n\n\n\n<p>\u00b7Empresas de transporte rodovi\u00e1rio de cargas, enquadradas na classe 4930-2 da CNAE 2.0;<\/p>\n\n\n\n<p>Fonte:<\/p>\n\n\n\n<figure class=\"wp-block-embed\"><div class=\"wp-block-embed__wrapper\">\nhttps:\/\/www.planalto.gov.br\/ccivil_03\/_Ato2023-2026\/2024\/Lei\/L14973.htm\n<\/div><\/figure>\n","protected":false},"excerpt":{"rendered":"<p>O que \u00e9 a desonera\u00e7\u00e3o &nbsp;&nbsp;&nbsp;&nbsp;&nbsp;&nbsp;&nbsp;&nbsp;&nbsp;&nbsp;&nbsp;&nbsp;&nbsp;&nbsp; Com a desonera\u00e7\u00e3o, as empresas beneficiadas podem optar pelo pagamento de contribui\u00e7\u00e3o social sobre a receita bruta com al\u00edquotas de 1% a 4,5% em vez de pagar 20% de INSS sobre a folha de sal\u00e1rios. Institu\u00edda em 2011 para alguns setores, principalmente tecnologia da informa\u00e7\u00e3o (TI) e comunica\u00e7\u00e3o (TIC) [&hellip;]<\/p>\n","protected":false},"author":4,"featured_media":2555,"comment_status":"open","ping_status":"open","sticky":false,"template":"","format":"standard","meta":{"footnotes":""},"categories":[1],"tags":[],"class_list":["post-2554","post","type-post","status-publish","format-standard","has-post-thumbnail","hentry","category-noticias"],"yoast_head":"<!-- This site is optimized with the Yoast SEO plugin v19.6.1 - https:\/\/yoast.com\/wordpress\/plugins\/seo\/ -->\n<title>CPRB: Fim gradual da desonera\u00e7\u00e3o da folha de pagamento - Mainhardt Contabilidade<\/title>\n<meta name=\"robots\" content=\"index, follow, max-snippet:-1, max-image-preview:large, max-video-preview:-1\" \/>\n<link rel=\"canonical\" href=\"https:\/\/mainhardt.com.br\/contabilidade\/cprb-fim-gradual-da-desoneracao-da-folha-de-pagamento\/\" \/>\n<meta property=\"og:locale\" content=\"pt_BR\" \/>\n<meta property=\"og:type\" content=\"article\" \/>\n<meta property=\"og:title\" content=\"CPRB: Fim gradual da desonera\u00e7\u00e3o da folha de pagamento - Mainhardt Contabilidade\" \/>\n<meta property=\"og:description\" content=\"O que \u00e9 a desonera\u00e7\u00e3o &nbsp;&nbsp;&nbsp;&nbsp;&nbsp;&nbsp;&nbsp;&nbsp;&nbsp;&nbsp;&nbsp;&nbsp;&nbsp;&nbsp; Com a desonera\u00e7\u00e3o, as empresas beneficiadas podem optar pelo pagamento de contribui\u00e7\u00e3o social sobre a receita bruta com al\u00edquotas de 1% a 4,5% em vez de pagar 20% de INSS sobre a folha de sal\u00e1rios. Institu\u00edda em 2011 para alguns setores, principalmente tecnologia da informa\u00e7\u00e3o (TI) e comunica\u00e7\u00e3o (TIC) [&hellip;]\" \/>\n<meta property=\"og:url\" content=\"https:\/\/mainhardt.com.br\/contabilidade\/cprb-fim-gradual-da-desoneracao-da-folha-de-pagamento\/\" \/>\n<meta property=\"og:site_name\" content=\"Mainhardt Contabilidade\" \/>\n<meta property=\"article:published_time\" content=\"2024-10-31T10:00:00+00:00\" \/>\n<meta property=\"article:modified_time\" content=\"2024-10-21T19:35:23+00:00\" \/>\n<meta property=\"og:image\" content=\"https:\/\/mainhardt.com.br\/contabilidade\/wp-content\/uploads\/2024\/10\/3e06d12e5da6abbec8a31f4068baa4ce.jpg\" \/>\n\t<meta property=\"og:image:width\" content=\"1080\" \/>\n\t<meta property=\"og:image:height\" content=\"1080\" \/>\n\t<meta property=\"og:image:type\" content=\"image\/jpeg\" \/>\n<meta name=\"author\" content=\"Mainhardt\" \/>\n<meta name=\"twitter:card\" content=\"summary_large_image\" \/>\n<meta name=\"twitter:label1\" content=\"Escrito por\" \/>\n\t<meta name=\"twitter:data1\" content=\"Mainhardt\" \/>\n\t<meta name=\"twitter:label2\" content=\"Est. tempo de leitura\" \/>\n\t<meta name=\"twitter:data2\" content=\"6 minutos\" \/>\n<script type=\"application\/ld+json\" class=\"yoast-schema-graph\">{\"@context\":\"https:\/\/schema.org\",\"@graph\":[{\"@type\":\"Article\",\"@id\":\"https:\/\/mainhardt.com.br\/contabilidade\/cprb-fim-gradual-da-desoneracao-da-folha-de-pagamento\/#article\",\"isPartOf\":{\"@id\":\"https:\/\/mainhardt.com.br\/contabilidade\/cprb-fim-gradual-da-desoneracao-da-folha-de-pagamento\/\"},\"author\":{\"name\":\"Mainhardt\",\"@id\":\"https:\/\/mainhardt.com.br\/contabilidade\/#\/schema\/person\/5adb86ff70668fe847c2e0cb754b35c1\"},\"headline\":\"CPRB: Fim gradual da desonera\u00e7\u00e3o da folha de pagamento\",\"datePublished\":\"2024-10-31T10:00:00+00:00\",\"dateModified\":\"2024-10-21T19:35:23+00:00\",\"mainEntityOfPage\":{\"@id\":\"https:\/\/mainhardt.com.br\/contabilidade\/cprb-fim-gradual-da-desoneracao-da-folha-de-pagamento\/\"},\"wordCount\":958,\"commentCount\":0,\"publisher\":{\"@id\":\"https:\/\/mainhardt.com.br\/contabilidade\/#organization\"},\"articleSection\":[\"Not\u00edcias\"],\"inLanguage\":\"pt-BR\",\"potentialAction\":[{\"@type\":\"CommentAction\",\"name\":\"Comment\",\"target\":[\"https:\/\/mainhardt.com.br\/contabilidade\/cprb-fim-gradual-da-desoneracao-da-folha-de-pagamento\/#respond\"]}]},{\"@type\":\"WebPage\",\"@id\":\"https:\/\/mainhardt.com.br\/contabilidade\/cprb-fim-gradual-da-desoneracao-da-folha-de-pagamento\/\",\"url\":\"https:\/\/mainhardt.com.br\/contabilidade\/cprb-fim-gradual-da-desoneracao-da-folha-de-pagamento\/\",\"name\":\"CPRB: Fim gradual da desonera\u00e7\u00e3o da folha de pagamento - Mainhardt Contabilidade\",\"isPartOf\":{\"@id\":\"https:\/\/mainhardt.com.br\/contabilidade\/#website\"},\"datePublished\":\"2024-10-31T10:00:00+00:00\",\"dateModified\":\"2024-10-21T19:35:23+00:00\",\"breadcrumb\":{\"@id\":\"https:\/\/mainhardt.com.br\/contabilidade\/cprb-fim-gradual-da-desoneracao-da-folha-de-pagamento\/#breadcrumb\"},\"inLanguage\":\"pt-BR\",\"potentialAction\":[{\"@type\":\"ReadAction\",\"target\":[\"https:\/\/mainhardt.com.br\/contabilidade\/cprb-fim-gradual-da-desoneracao-da-folha-de-pagamento\/\"]}]},{\"@type\":\"BreadcrumbList\",\"@id\":\"https:\/\/mainhardt.com.br\/contabilidade\/cprb-fim-gradual-da-desoneracao-da-folha-de-pagamento\/#breadcrumb\",\"itemListElement\":[{\"@type\":\"ListItem\",\"position\":1,\"name\":\"In\u00edcio\",\"item\":\"https:\/\/mainhardt.com.br\/contabilidade\/\"},{\"@type\":\"ListItem\",\"position\":2,\"name\":\"CPRB: Fim gradual da desonera\u00e7\u00e3o da folha de pagamento\"}]},{\"@type\":\"WebSite\",\"@id\":\"https:\/\/mainhardt.com.br\/contabilidade\/#website\",\"url\":\"https:\/\/mainhardt.com.br\/contabilidade\/\",\"name\":\"Mainhardt Contabilidade\",\"description\":\"Contabilidade em Santa Catarina\",\"publisher\":{\"@id\":\"https:\/\/mainhardt.com.br\/contabilidade\/#organization\"},\"potentialAction\":[{\"@type\":\"SearchAction\",\"target\":{\"@type\":\"EntryPoint\",\"urlTemplate\":\"https:\/\/mainhardt.com.br\/contabilidade\/?s={search_term_string}\"},\"query-input\":\"required name=search_term_string\"}],\"inLanguage\":\"pt-BR\"},{\"@type\":\"Organization\",\"@id\":\"https:\/\/mainhardt.com.br\/contabilidade\/#organization\",\"name\":\"Mainhardt Contabilidade\",\"url\":\"https:\/\/mainhardt.com.br\/contabilidade\/\",\"sameAs\":[],\"logo\":{\"@type\":\"ImageObject\",\"inLanguage\":\"pt-BR\",\"@id\":\"https:\/\/mainhardt.com.br\/contabilidade\/#\/schema\/logo\/image\/\",\"url\":\"https:\/\/mainhardt.com.br\/contabilidade\/wp-content\/uploads\/2022\/08\/Novo-Projeto-10.png\",\"contentUrl\":\"https:\/\/mainhardt.com.br\/contabilidade\/wp-content\/uploads\/2022\/08\/Novo-Projeto-10.png\",\"width\":170,\"height\":60,\"caption\":\"Mainhardt Contabilidade\"},\"image\":{\"@id\":\"https:\/\/mainhardt.com.br\/contabilidade\/#\/schema\/logo\/image\/\"}},{\"@type\":\"Person\",\"@id\":\"https:\/\/mainhardt.com.br\/contabilidade\/#\/schema\/person\/5adb86ff70668fe847c2e0cb754b35c1\",\"name\":\"Mainhardt\",\"image\":{\"@type\":\"ImageObject\",\"inLanguage\":\"pt-BR\",\"@id\":\"https:\/\/mainhardt.com.br\/contabilidade\/#\/schema\/person\/image\/\",\"url\":\"https:\/\/secure.gravatar.com\/avatar\/b5b5c6cabc18ed3906cf18c60e5aa253aaeba8af55a8c8b92af3925fd5c36d94?s=96&d=mm&r=g\",\"contentUrl\":\"https:\/\/secure.gravatar.com\/avatar\/b5b5c6cabc18ed3906cf18c60e5aa253aaeba8af55a8c8b92af3925fd5c36d94?s=96&d=mm&r=g\",\"caption\":\"Mainhardt\"},\"url\":\"https:\/\/mainhardt.com.br\/contabilidade\/author\/mainhardt\/\"}]}<\/script>\n<!-- \/ Yoast SEO plugin. -->","yoast_head_json":{"title":"CPRB: Fim gradual da desonera\u00e7\u00e3o da folha de pagamento - Mainhardt Contabilidade","robots":{"index":"index","follow":"follow","max-snippet":"max-snippet:-1","max-image-preview":"max-image-preview:large","max-video-preview":"max-video-preview:-1"},"canonical":"https:\/\/mainhardt.com.br\/contabilidade\/cprb-fim-gradual-da-desoneracao-da-folha-de-pagamento\/","og_locale":"pt_BR","og_type":"article","og_title":"CPRB: Fim gradual da desonera\u00e7\u00e3o da folha de pagamento - Mainhardt Contabilidade","og_description":"O que \u00e9 a desonera\u00e7\u00e3o &nbsp;&nbsp;&nbsp;&nbsp;&nbsp;&nbsp;&nbsp;&nbsp;&nbsp;&nbsp;&nbsp;&nbsp;&nbsp;&nbsp; Com a desonera\u00e7\u00e3o, as empresas beneficiadas podem optar pelo pagamento de contribui\u00e7\u00e3o social sobre a receita bruta com al\u00edquotas de 1% a 4,5% em vez de pagar 20% de INSS sobre a folha de sal\u00e1rios. Institu\u00edda em 2011 para alguns setores, principalmente tecnologia da informa\u00e7\u00e3o (TI) e comunica\u00e7\u00e3o (TIC) [&hellip;]","og_url":"https:\/\/mainhardt.com.br\/contabilidade\/cprb-fim-gradual-da-desoneracao-da-folha-de-pagamento\/","og_site_name":"Mainhardt Contabilidade","article_published_time":"2024-10-31T10:00:00+00:00","article_modified_time":"2024-10-21T19:35:23+00:00","og_image":[{"width":1080,"height":1080,"url":"https:\/\/mainhardt.com.br\/contabilidade\/wp-content\/uploads\/2024\/10\/3e06d12e5da6abbec8a31f4068baa4ce.jpg","type":"image\/jpeg"}],"author":"Mainhardt","twitter_card":"summary_large_image","twitter_misc":{"Escrito por":"Mainhardt","Est. tempo de leitura":"6 minutos"},"schema":{"@context":"https:\/\/schema.org","@graph":[{"@type":"Article","@id":"https:\/\/mainhardt.com.br\/contabilidade\/cprb-fim-gradual-da-desoneracao-da-folha-de-pagamento\/#article","isPartOf":{"@id":"https:\/\/mainhardt.com.br\/contabilidade\/cprb-fim-gradual-da-desoneracao-da-folha-de-pagamento\/"},"author":{"name":"Mainhardt","@id":"https:\/\/mainhardt.com.br\/contabilidade\/#\/schema\/person\/5adb86ff70668fe847c2e0cb754b35c1"},"headline":"CPRB: Fim gradual da desonera\u00e7\u00e3o da folha de pagamento","datePublished":"2024-10-31T10:00:00+00:00","dateModified":"2024-10-21T19:35:23+00:00","mainEntityOfPage":{"@id":"https:\/\/mainhardt.com.br\/contabilidade\/cprb-fim-gradual-da-desoneracao-da-folha-de-pagamento\/"},"wordCount":958,"commentCount":0,"publisher":{"@id":"https:\/\/mainhardt.com.br\/contabilidade\/#organization"},"articleSection":["Not\u00edcias"],"inLanguage":"pt-BR","potentialAction":[{"@type":"CommentAction","name":"Comment","target":["https:\/\/mainhardt.com.br\/contabilidade\/cprb-fim-gradual-da-desoneracao-da-folha-de-pagamento\/#respond"]}]},{"@type":"WebPage","@id":"https:\/\/mainhardt.com.br\/contabilidade\/cprb-fim-gradual-da-desoneracao-da-folha-de-pagamento\/","url":"https:\/\/mainhardt.com.br\/contabilidade\/cprb-fim-gradual-da-desoneracao-da-folha-de-pagamento\/","name":"CPRB: Fim gradual da desonera\u00e7\u00e3o da folha de pagamento - Mainhardt Contabilidade","isPartOf":{"@id":"https:\/\/mainhardt.com.br\/contabilidade\/#website"},"datePublished":"2024-10-31T10:00:00+00:00","dateModified":"2024-10-21T19:35:23+00:00","breadcrumb":{"@id":"https:\/\/mainhardt.com.br\/contabilidade\/cprb-fim-gradual-da-desoneracao-da-folha-de-pagamento\/#breadcrumb"},"inLanguage":"pt-BR","potentialAction":[{"@type":"ReadAction","target":["https:\/\/mainhardt.com.br\/contabilidade\/cprb-fim-gradual-da-desoneracao-da-folha-de-pagamento\/"]}]},{"@type":"BreadcrumbList","@id":"https:\/\/mainhardt.com.br\/contabilidade\/cprb-fim-gradual-da-desoneracao-da-folha-de-pagamento\/#breadcrumb","itemListElement":[{"@type":"ListItem","position":1,"name":"In\u00edcio","item":"https:\/\/mainhardt.com.br\/contabilidade\/"},{"@type":"ListItem","position":2,"name":"CPRB: Fim gradual da desonera\u00e7\u00e3o da folha de pagamento"}]},{"@type":"WebSite","@id":"https:\/\/mainhardt.com.br\/contabilidade\/#website","url":"https:\/\/mainhardt.com.br\/contabilidade\/","name":"Mainhardt Contabilidade","description":"Contabilidade em Santa Catarina","publisher":{"@id":"https:\/\/mainhardt.com.br\/contabilidade\/#organization"},"potentialAction":[{"@type":"SearchAction","target":{"@type":"EntryPoint","urlTemplate":"https:\/\/mainhardt.com.br\/contabilidade\/?s={search_term_string}"},"query-input":"required name=search_term_string"}],"inLanguage":"pt-BR"},{"@type":"Organization","@id":"https:\/\/mainhardt.com.br\/contabilidade\/#organization","name":"Mainhardt Contabilidade","url":"https:\/\/mainhardt.com.br\/contabilidade\/","sameAs":[],"logo":{"@type":"ImageObject","inLanguage":"pt-BR","@id":"https:\/\/mainhardt.com.br\/contabilidade\/#\/schema\/logo\/image\/","url":"https:\/\/mainhardt.com.br\/contabilidade\/wp-content\/uploads\/2022\/08\/Novo-Projeto-10.png","contentUrl":"https:\/\/mainhardt.com.br\/contabilidade\/wp-content\/uploads\/2022\/08\/Novo-Projeto-10.png","width":170,"height":60,"caption":"Mainhardt Contabilidade"},"image":{"@id":"https:\/\/mainhardt.com.br\/contabilidade\/#\/schema\/logo\/image\/"}},{"@type":"Person","@id":"https:\/\/mainhardt.com.br\/contabilidade\/#\/schema\/person\/5adb86ff70668fe847c2e0cb754b35c1","name":"Mainhardt","image":{"@type":"ImageObject","inLanguage":"pt-BR","@id":"https:\/\/mainhardt.com.br\/contabilidade\/#\/schema\/person\/image\/","url":"https:\/\/secure.gravatar.com\/avatar\/b5b5c6cabc18ed3906cf18c60e5aa253aaeba8af55a8c8b92af3925fd5c36d94?s=96&d=mm&r=g","contentUrl":"https:\/\/secure.gravatar.com\/avatar\/b5b5c6cabc18ed3906cf18c60e5aa253aaeba8af55a8c8b92af3925fd5c36d94?s=96&d=mm&r=g","caption":"Mainhardt"},"url":"https:\/\/mainhardt.com.br\/contabilidade\/author\/mainhardt\/"}]}},"_links":{"self":[{"href":"https:\/\/mainhardt.com.br\/contabilidade\/wp-json\/wp\/v2\/posts\/2554","targetHints":{"allow":["GET"]}}],"collection":[{"href":"https:\/\/mainhardt.com.br\/contabilidade\/wp-json\/wp\/v2\/posts"}],"about":[{"href":"https:\/\/mainhardt.com.br\/contabilidade\/wp-json\/wp\/v2\/types\/post"}],"author":[{"embeddable":true,"href":"https:\/\/mainhardt.com.br\/contabilidade\/wp-json\/wp\/v2\/users\/4"}],"replies":[{"embeddable":true,"href":"https:\/\/mainhardt.com.br\/contabilidade\/wp-json\/wp\/v2\/comments?post=2554"}],"version-history":[{"count":1,"href":"https:\/\/mainhardt.com.br\/contabilidade\/wp-json\/wp\/v2\/posts\/2554\/revisions"}],"predecessor-version":[{"id":2556,"href":"https:\/\/mainhardt.com.br\/contabilidade\/wp-json\/wp\/v2\/posts\/2554\/revisions\/2556"}],"wp:featuredmedia":[{"embeddable":true,"href":"https:\/\/mainhardt.com.br\/contabilidade\/wp-json\/wp\/v2\/media\/2555"}],"wp:attachment":[{"href":"https:\/\/mainhardt.com.br\/contabilidade\/wp-json\/wp\/v2\/media?parent=2554"}],"wp:term":[{"taxonomy":"category","embeddable":true,"href":"https:\/\/mainhardt.com.br\/contabilidade\/wp-json\/wp\/v2\/categories?post=2554"},{"taxonomy":"post_tag","embeddable":true,"href":"https:\/\/mainhardt.com.br\/contabilidade\/wp-json\/wp\/v2\/tags?post=2554"}],"curies":[{"name":"wp","href":"https:\/\/api.w.org\/{rel}","templated":true}]}}