{"id":2569,"date":"2024-11-27T09:49:35","date_gmt":"2024-11-27T12:49:35","guid":{"rendered":"https:\/\/mainhardt.com.br\/contabilidade\/?p=2569"},"modified":"2024-11-27T09:49:36","modified_gmt":"2024-11-27T12:49:36","slug":"impactos-da-reforma-tributaria-para-empresas-de-santa-catarina","status":"publish","type":"post","link":"https:\/\/mainhardt.com.br\/contabilidade\/impactos-da-reforma-tributaria-para-empresas-de-santa-catarina\/","title":{"rendered":"Impactos da Reforma Tribut\u00e1ria para Empresas de Santa Catarina"},"content":{"rendered":"\n<p><\/p>\n\n\n\n<p>A proposta de reforma tribut\u00e1ria atualmente em discuss\u00e3o no Congresso Nacional tem como principal objetivo simplificar o complexo sistema fiscal brasileiro, promovendo maior transpar\u00eancia, efici\u00eancia e justi\u00e7a na arrecada\u00e7\u00e3o de tributos. No entanto, as poss\u00edveis mudan\u00e7as sugerem impactos diversos para empresas em diferentes estados, incluindo Santa Catarina, que se destaca como um importante polo econ\u00f4mico, industrial e tecnol\u00f3gico do pa\u00eds.<\/p>\n\n\n\n<p>Santa Catarina \u00e9 caracterizada por um ambiente empresarial din\u00e2mico, apoiado por pol\u00edticas estaduais de incentivos fiscais e pela for\u00e7a de setores estrat\u00e9gicos como tecnologia, agroind\u00fastria e com\u00e9rcio exterior. Assim, os poss\u00edveis cen\u00e1rios da reforma tribut\u00e1ria podem trazer vantagens e desafios espec\u00edficos para as empresas locais.<\/p>\n\n\n\n<hr class=\"wp-block-separator has-alpha-channel-opacity\"\/>\n\n\n\n<p class=\"has-medium-font-size\"><strong>Principais Propostas da Reforma Tribut\u00e1ria<\/strong><\/p>\n\n\n\n<p>A proposta de reforma prev\u00ea duas mudan\u00e7as centrais:<\/p>\n\n\n\n<ul class=\"wp-block-list\">\n<li><strong>Unifica\u00e7\u00e3o de Tributos<\/strong>:\n<ol class=\"wp-block-list\">\n<li>Substitui\u00e7\u00e3o do PIS e COFINS pela Contribui\u00e7\u00e3o sobre Bens e Servi\u00e7os (CBS), de compet\u00eancia federal.<\/li>\n\n\n\n<li>Cria\u00e7\u00e3o do Imposto sobre Bens e Servi\u00e7os (IBS), que unificar\u00e1 ICMS (estadual) e ISS (municipal).<\/li>\n<\/ol>\n<\/li>\n\n\n\n<li><strong>Mudan\u00e7a no Princ\u00edpio de Arrecada\u00e7\u00e3o<\/strong>:<\/li>\n\n\n\n<li>\n<ol class=\"wp-block-list\">\n<li>O IBS ser\u00e1 arrecadado no local de consumo, e n\u00e3o na origem da produ\u00e7\u00e3o, alterando o fluxo de recursos entre estados.<\/li>\n<\/ol>\n<\/li>\n<\/ul>\n\n\n\n<hr class=\"wp-block-separator has-alpha-channel-opacity\"\/>\n\n\n\n<p class=\"has-medium-font-size\"><strong>Impactos Poss\u00edveis para Empresas em Santa Catarina<\/strong><\/p>\n\n\n\n<p><strong>1. Mudan\u00e7a na Distribui\u00e7\u00e3o de Recursos Estaduais<\/strong><\/p>\n\n\n\n<p>Com o IBS sendo arrecadado no destino, Santa Catarina, um estado produtor e exportador para outros estados, poder\u00e1 enfrentar redu\u00e7\u00e3o na arrecada\u00e7\u00e3o estadual, afetando o or\u00e7amento p\u00fablico e, possivelmente, os programas de incentivos fiscais concedidos \u00e0s empresas locais.<\/p>\n\n\n\n<p><strong>Setores mais afetados<\/strong>:<\/p>\n\n\n\n<ul class=\"wp-block-list\">\n<li>Ind\u00fastria de transforma\u00e7\u00e3o.<\/li>\n\n\n\n<li>Com\u00e9rcio atacadista que distribui para outros estados.<\/li>\n<\/ul>\n\n\n\n<p><strong>2. Impacto nos Incentivos Fiscais<\/strong><\/p>\n\n\n\n<p>Santa Catarina utiliza pol\u00edticas de incentivos fiscais estaduais como diferencial competitivo para atrair empresas. A centraliza\u00e7\u00e3o da arrecada\u00e7\u00e3o pelo IBS pode limitar a autonomia estadual para manter esses benef\u00edcios.<\/p>\n\n\n\n<p><strong>Exemplo pr\u00e1tico<\/strong>:<br>Empresas do setor t\u00eaxtil ou tecnol\u00f3gico, que usufruem de benef\u00edcios como redu\u00e7\u00e3o de ICMS, podem enfrentar aumento nos custos operacionais se tais incentivos forem extintos ou reduzidos.<\/p>\n\n\n\n<p><strong>3. Repercuss\u00f5es para o Setor Agroindustrial<\/strong><\/p>\n\n\n\n<p>A agroind\u00fastria catarinense, importante exportadora de carnes e derivados, pode ser impactada por mudan\u00e7as no regime de cr\u00e9ditos tribut\u00e1rios. A proposta de devolu\u00e7\u00e3o de cr\u00e9ditos no IBS pode gerar burocracia adicional, comprometendo o fluxo de caixa das empresas exportadoras.<\/p>\n\n\n\n<p><strong>4. Altera\u00e7\u00e3o nos Custos Log\u00edsticos e Operacionais<\/strong><\/p>\n\n\n\n<p>A aplica\u00e7\u00e3o do IBS no destino pode gerar aumento nos custos log\u00edsticos, uma vez que as empresas catarinenses que distribuem produtos para outros estados precisar\u00e3o se adequar \u00e0s novas regras fiscais em cada regi\u00e3o de destino.<\/p>\n\n\n\n<p><strong>Impacto adicional<\/strong>:<\/p>\n\n\n\n<ul class=\"wp-block-list\">\n<li>A necessidade de atualiza\u00e7\u00e3o de sistemas de ERP e gest\u00e3o cont\u00e1bil pode gerar custos de adapta\u00e7\u00e3o, especialmente para pequenas e m\u00e9dias empresas.<\/li>\n<\/ul>\n\n\n\n<p><strong>5. Ado\u00e7\u00e3o de Novos Processos Tribut\u00e1rios<\/strong><\/p>\n\n\n\n<p>Empresas de todos os portes precisar\u00e3o investir em tecnologia e treinamento para garantir conformidade com as poss\u00edveis novas obriga\u00e7\u00f5es acess\u00f3rias relacionadas ao IBS e CBS. A falta de clareza inicial nas regras pode aumentar os custos de compliance.<\/p>\n\n\n\n<hr class=\"wp-block-separator has-alpha-channel-opacity\"\/>\n\n\n\n<p class=\"has-medium-font-size\"><strong>Oportunidades Poss\u00edveis com a Reforma<\/strong><\/p>\n\n\n\n<p>Apesar dos desafios, a reforma tribut\u00e1ria tamb\u00e9m pode trazer oportunidades para empresas catarinenses:<\/p>\n\n\n\n<p><strong>Simplifica\u00e7\u00e3o Tribut\u00e1ria: <\/strong>a unifica\u00e7\u00e3o de tributos reduzir\u00e1 a complexidade da apura\u00e7\u00e3o fiscal, permitindo que empresas de Santa Catarina destinem mais recursos e tempo para a inova\u00e7\u00e3o e expans\u00e3o.<\/p>\n\n\n\n<p><strong>Maior Competitividade Nacional e Internacional: <\/strong>regras tribut\u00e1rias mais claras e padronizadas podem melhorar a competitividade das empresas catarinenses no mercado nacional e internacional, reduzindo as barreiras tribut\u00e1rias interestaduais.<\/p>\n\n\n\n<p><strong>Est\u00edmulo ao Com\u00e9rcio Eletr\u00f4nico:&nbsp; <\/strong>com a aplica\u00e7\u00e3o de tributos no destino, o com\u00e9rcio eletr\u00f4nico, que tem crescido em Santa Catarina, pode se beneficiar de maior uniformidade nas regras fiscais entre estados.<\/p>\n\n\n\n<p><strong>Como as Empresas Catarinenses Podem se Preparar?<\/strong><\/p>\n\n\n\n<p>Acompanhamento das Discuss\u00f5es Legislativas, mantendo-se informado sobre o progresso da reforma tribut\u00e1ria permitir\u00e1 que as empresas antecipem cen\u00e1rios e elaborem estrat\u00e9gias.<\/p>\n\n\n\n<p>Revis\u00e3o do Planejamento Tribut\u00e1rio, ajustando o planejamento tribut\u00e1rio para considerar a nova sistem\u00e1tica de arrecada\u00e7\u00e3o e apura\u00e7\u00e3o pode minimizar impactos negativos.<\/p>\n\n\n\n<p>Investimento em Tecnologia, e atualizar sistemas de gest\u00e3o cont\u00e1bil e fiscal ser\u00e1 essencial para garantir conformidade e efici\u00eancia na apura\u00e7\u00e3o dos novos tributos.<\/p>\n\n\n\n<p>Consultoria Especializada, contando com profissionais ou empresas especializadas na \u00e1rea tribut\u00e1ria pode ajudar a identificar riscos e aproveitar oportunidades.<\/p>\n\n\n\n<hr class=\"wp-block-separator has-alpha-channel-opacity\"\/>\n\n\n\n<p class=\"has-medium-font-size\"><strong>Conclus\u00e3o<\/strong><\/p>\n\n\n\n<p>A reforma tribut\u00e1ria ainda est\u00e1 em debate, mas seus impactos prov\u00e1veis indicam mudan\u00e7as significativas no ambiente de neg\u00f3cios catarinense. Enquanto simplifica\u00e7\u00f5es e maior transpar\u00eancia podem trazer benef\u00edcios, desafios como a perda de autonomia fiscal estadual e custos de adapta\u00e7\u00e3o devem ser considerados.<\/p>\n\n\n\n<p>Empresas em Santa Catarina, independentemente do porte ou setor, devem adotar uma postura proativa, analisando cen\u00e1rios, investindo em tecnologia e capacita\u00e7\u00e3o, e buscando suporte especializado para navegar por este novo panorama fiscal. A prepara\u00e7\u00e3o ser\u00e1 fundamental para garantir que os desafios sejam mitigados e as oportunidades, maximizadas.<\/p>\n\n\n\n<p>Neste cen\u00e1rio \u00e9 fundamental ter uma contabilidade com profissionais altamente capacitados e com um perfil de trabalho consultivo e personalizado, onde estejam constantemente atualizados e preparados para orientar as decis\u00f5es estrat\u00e9gicas das empresas.<\/p>\n","protected":false},"excerpt":{"rendered":"<p>A proposta de reforma tribut\u00e1ria atualmente em discuss\u00e3o no Congresso Nacional tem como principal objetivo simplificar o complexo sistema fiscal brasileiro, promovendo maior transpar\u00eancia, efici\u00eancia e justi\u00e7a na arrecada\u00e7\u00e3o de tributos. No entanto, as poss\u00edveis mudan\u00e7as sugerem impactos diversos para empresas em diferentes estados, incluindo Santa Catarina, que se destaca como um importante polo econ\u00f4mico, [&hellip;]<\/p>\n","protected":false},"author":4,"featured_media":2570,"comment_status":"open","ping_status":"open","sticky":false,"template":"","format":"standard","meta":{"footnotes":""},"categories":[1],"tags":[102,103],"class_list":["post-2569","post","type-post","status-publish","format-standard","has-post-thumbnail","hentry","category-noticias","tag-reforma-tributaria","tag-santa-catarina"],"yoast_head":"<!-- This site is optimized with the Yoast SEO plugin v19.6.1 - https:\/\/yoast.com\/wordpress\/plugins\/seo\/ -->\n<title>Impactos da Reforma Tribut\u00e1ria para Empresas de Santa Catarina - Mainhardt Contabilidade<\/title>\n<meta name=\"robots\" content=\"index, follow, max-snippet:-1, max-image-preview:large, max-video-preview:-1\" \/>\n<link rel=\"canonical\" href=\"https:\/\/mainhardt.com.br\/contabilidade\/impactos-da-reforma-tributaria-para-empresas-de-santa-catarina\/\" \/>\n<meta property=\"og:locale\" content=\"pt_BR\" \/>\n<meta property=\"og:type\" content=\"article\" \/>\n<meta property=\"og:title\" content=\"Impactos da Reforma Tribut\u00e1ria para Empresas de Santa Catarina - Mainhardt Contabilidade\" \/>\n<meta property=\"og:description\" content=\"A proposta de reforma tribut\u00e1ria atualmente em discuss\u00e3o no Congresso Nacional tem como principal objetivo simplificar o complexo sistema fiscal brasileiro, promovendo maior transpar\u00eancia, efici\u00eancia e justi\u00e7a na arrecada\u00e7\u00e3o de tributos. No entanto, as poss\u00edveis mudan\u00e7as sugerem impactos diversos para empresas em diferentes estados, incluindo Santa Catarina, que se destaca como um importante polo econ\u00f4mico, [&hellip;]\" \/>\n<meta property=\"og:url\" content=\"https:\/\/mainhardt.com.br\/contabilidade\/impactos-da-reforma-tributaria-para-empresas-de-santa-catarina\/\" \/>\n<meta property=\"og:site_name\" content=\"Mainhardt Contabilidade\" \/>\n<meta property=\"article:published_time\" content=\"2024-11-27T12:49:35+00:00\" \/>\n<meta property=\"article:modified_time\" content=\"2024-11-27T12:49:36+00:00\" \/>\n<meta property=\"og:image\" content=\"http:\/\/mainhardt.com.br\/contabilidade\/wp-content\/uploads\/2024\/11\/27.jpg\" \/>\n\t<meta property=\"og:image:width\" content=\"1080\" \/>\n\t<meta property=\"og:image:height\" content=\"1080\" \/>\n\t<meta property=\"og:image:type\" content=\"image\/jpeg\" \/>\n<meta name=\"author\" content=\"Mainhardt\" \/>\n<meta name=\"twitter:card\" content=\"summary_large_image\" \/>\n<meta name=\"twitter:label1\" content=\"Escrito por\" \/>\n\t<meta name=\"twitter:data1\" content=\"Mainhardt\" \/>\n\t<meta name=\"twitter:label2\" content=\"Est. tempo de leitura\" \/>\n\t<meta name=\"twitter:data2\" content=\"5 minutos\" \/>\n<script type=\"application\/ld+json\" class=\"yoast-schema-graph\">{\"@context\":\"https:\/\/schema.org\",\"@graph\":[{\"@type\":\"Article\",\"@id\":\"https:\/\/mainhardt.com.br\/contabilidade\/impactos-da-reforma-tributaria-para-empresas-de-santa-catarina\/#article\",\"isPartOf\":{\"@id\":\"https:\/\/mainhardt.com.br\/contabilidade\/impactos-da-reforma-tributaria-para-empresas-de-santa-catarina\/\"},\"author\":{\"name\":\"Mainhardt\",\"@id\":\"https:\/\/mainhardt.com.br\/contabilidade\/#\/schema\/person\/5adb86ff70668fe847c2e0cb754b35c1\"},\"headline\":\"Impactos da Reforma Tribut\u00e1ria para Empresas de Santa Catarina\",\"datePublished\":\"2024-11-27T12:49:35+00:00\",\"dateModified\":\"2024-11-27T12:49:36+00:00\",\"mainEntityOfPage\":{\"@id\":\"https:\/\/mainhardt.com.br\/contabilidade\/impactos-da-reforma-tributaria-para-empresas-de-santa-catarina\/\"},\"wordCount\":909,\"commentCount\":0,\"publisher\":{\"@id\":\"https:\/\/mainhardt.com.br\/contabilidade\/#organization\"},\"keywords\":[\"reforma tribut\u00e1ria\",\"santa catarina\"],\"articleSection\":[\"Not\u00edcias\"],\"inLanguage\":\"pt-BR\",\"potentialAction\":[{\"@type\":\"CommentAction\",\"name\":\"Comment\",\"target\":[\"https:\/\/mainhardt.com.br\/contabilidade\/impactos-da-reforma-tributaria-para-empresas-de-santa-catarina\/#respond\"]}]},{\"@type\":\"WebPage\",\"@id\":\"https:\/\/mainhardt.com.br\/contabilidade\/impactos-da-reforma-tributaria-para-empresas-de-santa-catarina\/\",\"url\":\"https:\/\/mainhardt.com.br\/contabilidade\/impactos-da-reforma-tributaria-para-empresas-de-santa-catarina\/\",\"name\":\"Impactos da Reforma Tribut\u00e1ria para Empresas de Santa Catarina - Mainhardt Contabilidade\",\"isPartOf\":{\"@id\":\"https:\/\/mainhardt.com.br\/contabilidade\/#website\"},\"datePublished\":\"2024-11-27T12:49:35+00:00\",\"dateModified\":\"2024-11-27T12:49:36+00:00\",\"breadcrumb\":{\"@id\":\"https:\/\/mainhardt.com.br\/contabilidade\/impactos-da-reforma-tributaria-para-empresas-de-santa-catarina\/#breadcrumb\"},\"inLanguage\":\"pt-BR\",\"potentialAction\":[{\"@type\":\"ReadAction\",\"target\":[\"https:\/\/mainhardt.com.br\/contabilidade\/impactos-da-reforma-tributaria-para-empresas-de-santa-catarina\/\"]}]},{\"@type\":\"BreadcrumbList\",\"@id\":\"https:\/\/mainhardt.com.br\/contabilidade\/impactos-da-reforma-tributaria-para-empresas-de-santa-catarina\/#breadcrumb\",\"itemListElement\":[{\"@type\":\"ListItem\",\"position\":1,\"name\":\"In\u00edcio\",\"item\":\"https:\/\/mainhardt.com.br\/contabilidade\/\"},{\"@type\":\"ListItem\",\"position\":2,\"name\":\"Impactos da Reforma Tribut\u00e1ria para Empresas de Santa Catarina\"}]},{\"@type\":\"WebSite\",\"@id\":\"https:\/\/mainhardt.com.br\/contabilidade\/#website\",\"url\":\"https:\/\/mainhardt.com.br\/contabilidade\/\",\"name\":\"Mainhardt Contabilidade\",\"description\":\"Contabilidade em Santa Catarina\",\"publisher\":{\"@id\":\"https:\/\/mainhardt.com.br\/contabilidade\/#organization\"},\"potentialAction\":[{\"@type\":\"SearchAction\",\"target\":{\"@type\":\"EntryPoint\",\"urlTemplate\":\"https:\/\/mainhardt.com.br\/contabilidade\/?s={search_term_string}\"},\"query-input\":\"required name=search_term_string\"}],\"inLanguage\":\"pt-BR\"},{\"@type\":\"Organization\",\"@id\":\"https:\/\/mainhardt.com.br\/contabilidade\/#organization\",\"name\":\"Mainhardt Contabilidade\",\"url\":\"https:\/\/mainhardt.com.br\/contabilidade\/\",\"sameAs\":[],\"logo\":{\"@type\":\"ImageObject\",\"inLanguage\":\"pt-BR\",\"@id\":\"https:\/\/mainhardt.com.br\/contabilidade\/#\/schema\/logo\/image\/\",\"url\":\"https:\/\/mainhardt.com.br\/contabilidade\/wp-content\/uploads\/2022\/08\/Novo-Projeto-10.png\",\"contentUrl\":\"https:\/\/mainhardt.com.br\/contabilidade\/wp-content\/uploads\/2022\/08\/Novo-Projeto-10.png\",\"width\":170,\"height\":60,\"caption\":\"Mainhardt Contabilidade\"},\"image\":{\"@id\":\"https:\/\/mainhardt.com.br\/contabilidade\/#\/schema\/logo\/image\/\"}},{\"@type\":\"Person\",\"@id\":\"https:\/\/mainhardt.com.br\/contabilidade\/#\/schema\/person\/5adb86ff70668fe847c2e0cb754b35c1\",\"name\":\"Mainhardt\",\"image\":{\"@type\":\"ImageObject\",\"inLanguage\":\"pt-BR\",\"@id\":\"https:\/\/mainhardt.com.br\/contabilidade\/#\/schema\/person\/image\/\",\"url\":\"https:\/\/secure.gravatar.com\/avatar\/b5b5c6cabc18ed3906cf18c60e5aa253aaeba8af55a8c8b92af3925fd5c36d94?s=96&d=mm&r=g\",\"contentUrl\":\"https:\/\/secure.gravatar.com\/avatar\/b5b5c6cabc18ed3906cf18c60e5aa253aaeba8af55a8c8b92af3925fd5c36d94?s=96&d=mm&r=g\",\"caption\":\"Mainhardt\"},\"url\":\"https:\/\/mainhardt.com.br\/contabilidade\/author\/mainhardt\/\"}]}<\/script>\n<!-- \/ Yoast SEO plugin. -->","yoast_head_json":{"title":"Impactos da Reforma Tribut\u00e1ria para Empresas de Santa Catarina - Mainhardt Contabilidade","robots":{"index":"index","follow":"follow","max-snippet":"max-snippet:-1","max-image-preview":"max-image-preview:large","max-video-preview":"max-video-preview:-1"},"canonical":"https:\/\/mainhardt.com.br\/contabilidade\/impactos-da-reforma-tributaria-para-empresas-de-santa-catarina\/","og_locale":"pt_BR","og_type":"article","og_title":"Impactos da Reforma Tribut\u00e1ria para Empresas de Santa Catarina - Mainhardt Contabilidade","og_description":"A proposta de reforma tribut\u00e1ria atualmente em discuss\u00e3o no Congresso Nacional tem como principal objetivo simplificar o complexo sistema fiscal brasileiro, promovendo maior transpar\u00eancia, efici\u00eancia e justi\u00e7a na arrecada\u00e7\u00e3o de tributos. No entanto, as poss\u00edveis mudan\u00e7as sugerem impactos diversos para empresas em diferentes estados, incluindo Santa Catarina, que se destaca como um importante polo econ\u00f4mico, [&hellip;]","og_url":"https:\/\/mainhardt.com.br\/contabilidade\/impactos-da-reforma-tributaria-para-empresas-de-santa-catarina\/","og_site_name":"Mainhardt Contabilidade","article_published_time":"2024-11-27T12:49:35+00:00","article_modified_time":"2024-11-27T12:49:36+00:00","og_image":[{"width":1080,"height":1080,"url":"http:\/\/mainhardt.com.br\/contabilidade\/wp-content\/uploads\/2024\/11\/27.jpg","type":"image\/jpeg"}],"author":"Mainhardt","twitter_card":"summary_large_image","twitter_misc":{"Escrito por":"Mainhardt","Est. tempo de leitura":"5 minutos"},"schema":{"@context":"https:\/\/schema.org","@graph":[{"@type":"Article","@id":"https:\/\/mainhardt.com.br\/contabilidade\/impactos-da-reforma-tributaria-para-empresas-de-santa-catarina\/#article","isPartOf":{"@id":"https:\/\/mainhardt.com.br\/contabilidade\/impactos-da-reforma-tributaria-para-empresas-de-santa-catarina\/"},"author":{"name":"Mainhardt","@id":"https:\/\/mainhardt.com.br\/contabilidade\/#\/schema\/person\/5adb86ff70668fe847c2e0cb754b35c1"},"headline":"Impactos da Reforma Tribut\u00e1ria para Empresas de Santa Catarina","datePublished":"2024-11-27T12:49:35+00:00","dateModified":"2024-11-27T12:49:36+00:00","mainEntityOfPage":{"@id":"https:\/\/mainhardt.com.br\/contabilidade\/impactos-da-reforma-tributaria-para-empresas-de-santa-catarina\/"},"wordCount":909,"commentCount":0,"publisher":{"@id":"https:\/\/mainhardt.com.br\/contabilidade\/#organization"},"keywords":["reforma tribut\u00e1ria","santa catarina"],"articleSection":["Not\u00edcias"],"inLanguage":"pt-BR","potentialAction":[{"@type":"CommentAction","name":"Comment","target":["https:\/\/mainhardt.com.br\/contabilidade\/impactos-da-reforma-tributaria-para-empresas-de-santa-catarina\/#respond"]}]},{"@type":"WebPage","@id":"https:\/\/mainhardt.com.br\/contabilidade\/impactos-da-reforma-tributaria-para-empresas-de-santa-catarina\/","url":"https:\/\/mainhardt.com.br\/contabilidade\/impactos-da-reforma-tributaria-para-empresas-de-santa-catarina\/","name":"Impactos da Reforma Tribut\u00e1ria para Empresas de Santa Catarina - Mainhardt Contabilidade","isPartOf":{"@id":"https:\/\/mainhardt.com.br\/contabilidade\/#website"},"datePublished":"2024-11-27T12:49:35+00:00","dateModified":"2024-11-27T12:49:36+00:00","breadcrumb":{"@id":"https:\/\/mainhardt.com.br\/contabilidade\/impactos-da-reforma-tributaria-para-empresas-de-santa-catarina\/#breadcrumb"},"inLanguage":"pt-BR","potentialAction":[{"@type":"ReadAction","target":["https:\/\/mainhardt.com.br\/contabilidade\/impactos-da-reforma-tributaria-para-empresas-de-santa-catarina\/"]}]},{"@type":"BreadcrumbList","@id":"https:\/\/mainhardt.com.br\/contabilidade\/impactos-da-reforma-tributaria-para-empresas-de-santa-catarina\/#breadcrumb","itemListElement":[{"@type":"ListItem","position":1,"name":"In\u00edcio","item":"https:\/\/mainhardt.com.br\/contabilidade\/"},{"@type":"ListItem","position":2,"name":"Impactos da Reforma Tribut\u00e1ria para Empresas de Santa Catarina"}]},{"@type":"WebSite","@id":"https:\/\/mainhardt.com.br\/contabilidade\/#website","url":"https:\/\/mainhardt.com.br\/contabilidade\/","name":"Mainhardt Contabilidade","description":"Contabilidade em Santa Catarina","publisher":{"@id":"https:\/\/mainhardt.com.br\/contabilidade\/#organization"},"potentialAction":[{"@type":"SearchAction","target":{"@type":"EntryPoint","urlTemplate":"https:\/\/mainhardt.com.br\/contabilidade\/?s={search_term_string}"},"query-input":"required name=search_term_string"}],"inLanguage":"pt-BR"},{"@type":"Organization","@id":"https:\/\/mainhardt.com.br\/contabilidade\/#organization","name":"Mainhardt Contabilidade","url":"https:\/\/mainhardt.com.br\/contabilidade\/","sameAs":[],"logo":{"@type":"ImageObject","inLanguage":"pt-BR","@id":"https:\/\/mainhardt.com.br\/contabilidade\/#\/schema\/logo\/image\/","url":"https:\/\/mainhardt.com.br\/contabilidade\/wp-content\/uploads\/2022\/08\/Novo-Projeto-10.png","contentUrl":"https:\/\/mainhardt.com.br\/contabilidade\/wp-content\/uploads\/2022\/08\/Novo-Projeto-10.png","width":170,"height":60,"caption":"Mainhardt Contabilidade"},"image":{"@id":"https:\/\/mainhardt.com.br\/contabilidade\/#\/schema\/logo\/image\/"}},{"@type":"Person","@id":"https:\/\/mainhardt.com.br\/contabilidade\/#\/schema\/person\/5adb86ff70668fe847c2e0cb754b35c1","name":"Mainhardt","image":{"@type":"ImageObject","inLanguage":"pt-BR","@id":"https:\/\/mainhardt.com.br\/contabilidade\/#\/schema\/person\/image\/","url":"https:\/\/secure.gravatar.com\/avatar\/b5b5c6cabc18ed3906cf18c60e5aa253aaeba8af55a8c8b92af3925fd5c36d94?s=96&d=mm&r=g","contentUrl":"https:\/\/secure.gravatar.com\/avatar\/b5b5c6cabc18ed3906cf18c60e5aa253aaeba8af55a8c8b92af3925fd5c36d94?s=96&d=mm&r=g","caption":"Mainhardt"},"url":"https:\/\/mainhardt.com.br\/contabilidade\/author\/mainhardt\/"}]}},"_links":{"self":[{"href":"https:\/\/mainhardt.com.br\/contabilidade\/wp-json\/wp\/v2\/posts\/2569","targetHints":{"allow":["GET"]}}],"collection":[{"href":"https:\/\/mainhardt.com.br\/contabilidade\/wp-json\/wp\/v2\/posts"}],"about":[{"href":"https:\/\/mainhardt.com.br\/contabilidade\/wp-json\/wp\/v2\/types\/post"}],"author":[{"embeddable":true,"href":"https:\/\/mainhardt.com.br\/contabilidade\/wp-json\/wp\/v2\/users\/4"}],"replies":[{"embeddable":true,"href":"https:\/\/mainhardt.com.br\/contabilidade\/wp-json\/wp\/v2\/comments?post=2569"}],"version-history":[{"count":1,"href":"https:\/\/mainhardt.com.br\/contabilidade\/wp-json\/wp\/v2\/posts\/2569\/revisions"}],"predecessor-version":[{"id":2571,"href":"https:\/\/mainhardt.com.br\/contabilidade\/wp-json\/wp\/v2\/posts\/2569\/revisions\/2571"}],"wp:featuredmedia":[{"embeddable":true,"href":"https:\/\/mainhardt.com.br\/contabilidade\/wp-json\/wp\/v2\/media\/2570"}],"wp:attachment":[{"href":"https:\/\/mainhardt.com.br\/contabilidade\/wp-json\/wp\/v2\/media?parent=2569"}],"wp:term":[{"taxonomy":"category","embeddable":true,"href":"https:\/\/mainhardt.com.br\/contabilidade\/wp-json\/wp\/v2\/categories?post=2569"},{"taxonomy":"post_tag","embeddable":true,"href":"https:\/\/mainhardt.com.br\/contabilidade\/wp-json\/wp\/v2\/tags?post=2569"}],"curies":[{"name":"wp","href":"https:\/\/api.w.org\/{rel}","templated":true}]}}