{"id":2573,"date":"2024-12-05T22:23:46","date_gmt":"2024-12-06T01:23:46","guid":{"rendered":"https:\/\/mainhardt.com.br\/contabilidade\/?p=2573"},"modified":"2024-12-05T22:23:46","modified_gmt":"2024-12-06T01:23:46","slug":"rerct-geral-2024-programa-para-regularizacao-de-bens-no-brasil-e-no-exterior-02-12","status":"publish","type":"post","link":"https:\/\/mainhardt.com.br\/contabilidade\/rerct-geral-2024-programa-para-regularizacao-de-bens-no-brasil-e-no-exterior-02-12\/","title":{"rendered":"RERCT-Geral 2024: programa para regulariza\u00e7\u00e3o de bens no Brasil e no exterior\u00a002\/12"},"content":{"rendered":"\n<p>Receita Federal do Brasil (RFB) publicou a&nbsp;<a href=\"http:\/\/normas.receita.fazenda.gov.br\/sijut2consulta\/link.action?idAto=140589\" target=\"_blank\" rel=\"noreferrer noopener\">Instru\u00e7\u00e3o Normativa n.\u00ba 2.221, de 19 de setembro de 2024<\/a>, que regulamenta o Regime Especial de Regulariza\u00e7\u00e3o Geral de Bens Cambial e Tribut\u00e1ria (RERCT-Geral). O programa permite que pessoas f\u00edsicas e jur\u00eddicas regularizem ativos de origem l\u00edcita mantidos no Brasil ou no exterior.<\/p>\n\n\n\n<p>Para aderir ao RERCT-Geral, os contribuintes devem declarar voluntariamente os bens, direitos e recursos que possu\u00edam em 31 de dezembro de 2023.<\/p>\n\n\n\n<p>O prazo para ades\u00e3o ao regime \u00e9 at\u00e9 15 de dezembro de 2024. A declara\u00e7\u00e3o de regulariza\u00e7\u00e3o, o pagamento do imposto de renda de 15% sobre o valor desses ativos, e da multa de 100% sobre o imposto, totalizando 30% de recolhimento, devem ser realizados at\u00e9 data estipulada, conforme as regras estabelecidas pela Receita Federal.<\/p>\n\n\n\n<p>A Declara\u00e7\u00e3o de Regulariza\u00e7\u00e3o Cambial e Tribut\u00e1ria &#8211; Dercat estar\u00e1 dispon\u00edvel para preenchimento e transmiss\u00e3o mediante acesso ao servi\u00e7o Declara\u00e7\u00f5es e Demonstrativos, no Centro Virtual de Atendimento &#8211; e-CAC no site da RFB na Internet, no endere\u00e7o eletr\u00f4nico &lt;<a href=\"https:\/\/nam10.safelinks.protection.outlook.com\/?url=https%3A%2F%2Fwww.gov.br%2Freceitafederal%2Fpt-br&amp;data=05%7C02%7CASCOM.RFOC%40rfb.gov.br%7C76b706c59fde469f37f808dce3232712%7C6f49aa43822a4c209670db7700bf1eb0%7C0%7C0%7C638634987323764205%7CUnknown%7CTWFpbGZsb3d8eyJWIjoiMC4wLjAwMDAiLCJQIjoiV2luMzIiLCJBTiI6Ik1haWwiLCJXVCI6Mn0%3D%7C0%7C%7C%7C&amp;sdata=bSmkb%2BcwGFsj7uBpZxatd4QHRzqT9l58I5wb3ewGAbI%3D&amp;reserved=0\" target=\"_blank\" rel=\"noreferrer noopener\">http:\/\/rfb.gov.br<\/a>&gt;.<\/p>\n\n\n\n<p><strong>Para entender melhor<\/strong>:<\/p>\n\n\n\n<p>O RERCT-Geral, institu\u00eddo pela&nbsp;<a href=\"https:\/\/legislacao.presidencia.gov.br\/atos\/?tipo=LEI&amp;numero=14973&amp;ano=2024&amp;ato=76ag3Yq5ENZpWT4ee\" target=\"_blank\" rel=\"noreferrer noopener\">Lei n.\u00ba 14.973, de 16 de setembro de 2024<\/a>&nbsp;(artigos 9\u00ba a 17), foi criado para facilitar a declara\u00e7\u00e3o e regulariza\u00e7\u00e3o de ativos n\u00e3o declarados ou declarados de forma incorreta. Seguindo o modelo de programas anteriores de 2016 e 2017, o regime agora inclui tamb\u00e9m bens mantidos no Brasil. Ele oferece aos contribuintes a oportunidade de regularizar sua situa\u00e7\u00e3o fiscal, evitando complica\u00e7\u00f5es futuras e recolhendo 30% do valor dos ativos a t\u00edtulo de imposto e multa.<\/p>\n\n\n\n<p><strong>Legisla\u00e7\u00e3o relacionada<\/strong>:<\/p>\n\n\n\n<ul class=\"wp-block-list\">\n<li>\u00a0<a href=\"https:\/\/legislacao.presidencia.gov.br\/atos\/?tipo=LEI&amp;numero=14973&amp;ano=2024&amp;ato=76ag3Yq5ENZpWT4ee\">Lei n.\u00ba 14.973, de 16 de setembro de 2024<\/a>\u00a0(artigos 9\u00ba a 17)<\/li>\n\n\n\n<li>\u00a0<a href=\"https:\/\/www.planalto.gov.br\/ccivil_03\/_ato2015-2018\/2016\/lei\/l13254.htm\">Lei n.\u00ba 13.254, de 13 de janeiro de 2016<\/a>\u00a0(RERCT original)<\/li>\n<\/ul>\n\n\n\n<p>Fonte:&nbsp;<a href=\"https:\/\/www.gov.br\/fazenda\/pt-br\/assuntos\/noticias\/2024\/outubro\/receita-federal-abre-programa-para-regularizacao-de-bens-no-brasil-e-no-exterior#:~:text=O%20RERCT%2DGeral%2C%20institu%C3%ADdo%20pela,tamb%C3%A9m%20bens%20mantidos%20no%20Brasil\">https:\/\/www.gov.br\/fazenda\/pt-br\/assuntos\/noticias\/2024\/outubro\/receita-federal-abre-programa-para-regularizacao-de-bens-no-brasil-e-no-exterior#:~:text=O%20RERCT%2DGeral%2C%20institu%C3%ADdo%20pela,tamb%C3%A9m%20bens%20mantidos%20no%20Brasil<\/a><\/p>\n","protected":false},"excerpt":{"rendered":"<p>Receita Federal do Brasil (RFB) publicou a&nbsp;Instru\u00e7\u00e3o Normativa n.\u00ba 2.221, de 19 de setembro de 2024, que regulamenta o Regime Especial de Regulariza\u00e7\u00e3o Geral de Bens Cambial e Tribut\u00e1ria (RERCT-Geral). O programa permite que pessoas f\u00edsicas e jur\u00eddicas regularizem ativos de origem l\u00edcita mantidos no Brasil ou no exterior. Para aderir ao RERCT-Geral, os contribuintes [&hellip;]<\/p>\n","protected":false},"author":4,"featured_media":2574,"comment_status":"open","ping_status":"open","sticky":false,"template":"","format":"standard","meta":{"footnotes":""},"categories":[1],"tags":[],"class_list":["post-2573","post","type-post","status-publish","format-standard","has-post-thumbnail","hentry","category-noticias"],"yoast_head":"<!-- This site is optimized with the Yoast SEO plugin v19.6.1 - https:\/\/yoast.com\/wordpress\/plugins\/seo\/ -->\n<title>RERCT-Geral 2024: programa para regulariza\u00e7\u00e3o de bens no Brasil e no exterior\u00a002\/12 - Mainhardt Contabilidade<\/title>\n<meta name=\"robots\" content=\"index, follow, max-snippet:-1, max-image-preview:large, max-video-preview:-1\" \/>\n<link rel=\"canonical\" href=\"https:\/\/mainhardt.com.br\/contabilidade\/rerct-geral-2024-programa-para-regularizacao-de-bens-no-brasil-e-no-exterior-02-12\/\" \/>\n<meta property=\"og:locale\" content=\"pt_BR\" \/>\n<meta property=\"og:type\" content=\"article\" \/>\n<meta property=\"og:title\" content=\"RERCT-Geral 2024: programa para regulariza\u00e7\u00e3o de bens no Brasil e no exterior\u00a002\/12 - Mainhardt Contabilidade\" \/>\n<meta property=\"og:description\" content=\"Receita Federal do Brasil (RFB) publicou a&nbsp;Instru\u00e7\u00e3o Normativa n.\u00ba 2.221, de 19 de setembro de 2024, que regulamenta o Regime Especial de Regulariza\u00e7\u00e3o Geral de Bens Cambial e Tribut\u00e1ria (RERCT-Geral). O programa permite que pessoas f\u00edsicas e jur\u00eddicas regularizem ativos de origem l\u00edcita mantidos no Brasil ou no exterior. Para aderir ao RERCT-Geral, os contribuintes [&hellip;]\" \/>\n<meta property=\"og:url\" content=\"https:\/\/mainhardt.com.br\/contabilidade\/rerct-geral-2024-programa-para-regularizacao-de-bens-no-brasil-e-no-exterior-02-12\/\" \/>\n<meta property=\"og:site_name\" content=\"Mainhardt Contabilidade\" \/>\n<meta property=\"article:published_time\" content=\"2024-12-06T01:23:46+00:00\" \/>\n<meta property=\"og:image\" content=\"http:\/\/mainhardt.com.br\/contabilidade\/wp-content\/uploads\/2024\/12\/2754c5a4f09a81143ec78bb5a407e083.jpg\" \/>\n\t<meta property=\"og:image:width\" content=\"1080\" \/>\n\t<meta property=\"og:image:height\" content=\"1080\" \/>\n\t<meta property=\"og:image:type\" content=\"image\/jpeg\" \/>\n<meta name=\"author\" content=\"Mainhardt\" \/>\n<meta name=\"twitter:card\" content=\"summary_large_image\" \/>\n<meta name=\"twitter:label1\" content=\"Escrito por\" \/>\n\t<meta name=\"twitter:data1\" content=\"Mainhardt\" \/>\n\t<meta name=\"twitter:label2\" content=\"Est. tempo de leitura\" \/>\n\t<meta name=\"twitter:data2\" content=\"2 minutos\" \/>\n<script type=\"application\/ld+json\" class=\"yoast-schema-graph\">{\"@context\":\"https:\/\/schema.org\",\"@graph\":[{\"@type\":\"Article\",\"@id\":\"https:\/\/mainhardt.com.br\/contabilidade\/rerct-geral-2024-programa-para-regularizacao-de-bens-no-brasil-e-no-exterior-02-12\/#article\",\"isPartOf\":{\"@id\":\"https:\/\/mainhardt.com.br\/contabilidade\/rerct-geral-2024-programa-para-regularizacao-de-bens-no-brasil-e-no-exterior-02-12\/\"},\"author\":{\"name\":\"Mainhardt\",\"@id\":\"https:\/\/mainhardt.com.br\/contabilidade\/#\/schema\/person\/5adb86ff70668fe847c2e0cb754b35c1\"},\"headline\":\"RERCT-Geral 2024: programa para regulariza\u00e7\u00e3o de bens no Brasil e no exterior\u00a002\/12\",\"datePublished\":\"2024-12-06T01:23:46+00:00\",\"dateModified\":\"2024-12-06T01:23:46+00:00\",\"mainEntityOfPage\":{\"@id\":\"https:\/\/mainhardt.com.br\/contabilidade\/rerct-geral-2024-programa-para-regularizacao-de-bens-no-brasil-e-no-exterior-02-12\/\"},\"wordCount\":325,\"commentCount\":0,\"publisher\":{\"@id\":\"https:\/\/mainhardt.com.br\/contabilidade\/#organization\"},\"articleSection\":[\"Not\u00edcias\"],\"inLanguage\":\"pt-BR\",\"potentialAction\":[{\"@type\":\"CommentAction\",\"name\":\"Comment\",\"target\":[\"https:\/\/mainhardt.com.br\/contabilidade\/rerct-geral-2024-programa-para-regularizacao-de-bens-no-brasil-e-no-exterior-02-12\/#respond\"]}]},{\"@type\":\"WebPage\",\"@id\":\"https:\/\/mainhardt.com.br\/contabilidade\/rerct-geral-2024-programa-para-regularizacao-de-bens-no-brasil-e-no-exterior-02-12\/\",\"url\":\"https:\/\/mainhardt.com.br\/contabilidade\/rerct-geral-2024-programa-para-regularizacao-de-bens-no-brasil-e-no-exterior-02-12\/\",\"name\":\"RERCT-Geral 2024: programa para regulariza\u00e7\u00e3o de bens no Brasil e no exterior\u00a002\/12 - Mainhardt Contabilidade\",\"isPartOf\":{\"@id\":\"https:\/\/mainhardt.com.br\/contabilidade\/#website\"},\"datePublished\":\"2024-12-06T01:23:46+00:00\",\"dateModified\":\"2024-12-06T01:23:46+00:00\",\"breadcrumb\":{\"@id\":\"https:\/\/mainhardt.com.br\/contabilidade\/rerct-geral-2024-programa-para-regularizacao-de-bens-no-brasil-e-no-exterior-02-12\/#breadcrumb\"},\"inLanguage\":\"pt-BR\",\"potentialAction\":[{\"@type\":\"ReadAction\",\"target\":[\"https:\/\/mainhardt.com.br\/contabilidade\/rerct-geral-2024-programa-para-regularizacao-de-bens-no-brasil-e-no-exterior-02-12\/\"]}]},{\"@type\":\"BreadcrumbList\",\"@id\":\"https:\/\/mainhardt.com.br\/contabilidade\/rerct-geral-2024-programa-para-regularizacao-de-bens-no-brasil-e-no-exterior-02-12\/#breadcrumb\",\"itemListElement\":[{\"@type\":\"ListItem\",\"position\":1,\"name\":\"In\u00edcio\",\"item\":\"https:\/\/mainhardt.com.br\/contabilidade\/\"},{\"@type\":\"ListItem\",\"position\":2,\"name\":\"RERCT-Geral 2024: programa para regulariza\u00e7\u00e3o de bens no Brasil e no exterior\u00a002\/12\"}]},{\"@type\":\"WebSite\",\"@id\":\"https:\/\/mainhardt.com.br\/contabilidade\/#website\",\"url\":\"https:\/\/mainhardt.com.br\/contabilidade\/\",\"name\":\"Mainhardt Contabilidade\",\"description\":\"Contabilidade em Santa Catarina\",\"publisher\":{\"@id\":\"https:\/\/mainhardt.com.br\/contabilidade\/#organization\"},\"potentialAction\":[{\"@type\":\"SearchAction\",\"target\":{\"@type\":\"EntryPoint\",\"urlTemplate\":\"https:\/\/mainhardt.com.br\/contabilidade\/?s={search_term_string}\"},\"query-input\":\"required name=search_term_string\"}],\"inLanguage\":\"pt-BR\"},{\"@type\":\"Organization\",\"@id\":\"https:\/\/mainhardt.com.br\/contabilidade\/#organization\",\"name\":\"Mainhardt Contabilidade\",\"url\":\"https:\/\/mainhardt.com.br\/contabilidade\/\",\"sameAs\":[],\"logo\":{\"@type\":\"ImageObject\",\"inLanguage\":\"pt-BR\",\"@id\":\"https:\/\/mainhardt.com.br\/contabilidade\/#\/schema\/logo\/image\/\",\"url\":\"https:\/\/mainhardt.com.br\/contabilidade\/wp-content\/uploads\/2022\/08\/Novo-Projeto-10.png\",\"contentUrl\":\"https:\/\/mainhardt.com.br\/contabilidade\/wp-content\/uploads\/2022\/08\/Novo-Projeto-10.png\",\"width\":170,\"height\":60,\"caption\":\"Mainhardt Contabilidade\"},\"image\":{\"@id\":\"https:\/\/mainhardt.com.br\/contabilidade\/#\/schema\/logo\/image\/\"}},{\"@type\":\"Person\",\"@id\":\"https:\/\/mainhardt.com.br\/contabilidade\/#\/schema\/person\/5adb86ff70668fe847c2e0cb754b35c1\",\"name\":\"Mainhardt\",\"image\":{\"@type\":\"ImageObject\",\"inLanguage\":\"pt-BR\",\"@id\":\"https:\/\/mainhardt.com.br\/contabilidade\/#\/schema\/person\/image\/\",\"url\":\"https:\/\/secure.gravatar.com\/avatar\/b5b5c6cabc18ed3906cf18c60e5aa253aaeba8af55a8c8b92af3925fd5c36d94?s=96&d=mm&r=g\",\"contentUrl\":\"https:\/\/secure.gravatar.com\/avatar\/b5b5c6cabc18ed3906cf18c60e5aa253aaeba8af55a8c8b92af3925fd5c36d94?s=96&d=mm&r=g\",\"caption\":\"Mainhardt\"},\"url\":\"https:\/\/mainhardt.com.br\/contabilidade\/author\/mainhardt\/\"}]}<\/script>\n<!-- \/ Yoast SEO plugin. -->","yoast_head_json":{"title":"RERCT-Geral 2024: programa para regulariza\u00e7\u00e3o de bens no Brasil e no exterior\u00a002\/12 - Mainhardt Contabilidade","robots":{"index":"index","follow":"follow","max-snippet":"max-snippet:-1","max-image-preview":"max-image-preview:large","max-video-preview":"max-video-preview:-1"},"canonical":"https:\/\/mainhardt.com.br\/contabilidade\/rerct-geral-2024-programa-para-regularizacao-de-bens-no-brasil-e-no-exterior-02-12\/","og_locale":"pt_BR","og_type":"article","og_title":"RERCT-Geral 2024: programa para regulariza\u00e7\u00e3o de bens no Brasil e no exterior\u00a002\/12 - Mainhardt Contabilidade","og_description":"Receita Federal do Brasil (RFB) publicou a&nbsp;Instru\u00e7\u00e3o Normativa n.\u00ba 2.221, de 19 de setembro de 2024, que regulamenta o Regime Especial de Regulariza\u00e7\u00e3o Geral de Bens Cambial e Tribut\u00e1ria (RERCT-Geral). O programa permite que pessoas f\u00edsicas e jur\u00eddicas regularizem ativos de origem l\u00edcita mantidos no Brasil ou no exterior. Para aderir ao RERCT-Geral, os contribuintes [&hellip;]","og_url":"https:\/\/mainhardt.com.br\/contabilidade\/rerct-geral-2024-programa-para-regularizacao-de-bens-no-brasil-e-no-exterior-02-12\/","og_site_name":"Mainhardt Contabilidade","article_published_time":"2024-12-06T01:23:46+00:00","og_image":[{"width":1080,"height":1080,"url":"http:\/\/mainhardt.com.br\/contabilidade\/wp-content\/uploads\/2024\/12\/2754c5a4f09a81143ec78bb5a407e083.jpg","type":"image\/jpeg"}],"author":"Mainhardt","twitter_card":"summary_large_image","twitter_misc":{"Escrito por":"Mainhardt","Est. tempo de leitura":"2 minutos"},"schema":{"@context":"https:\/\/schema.org","@graph":[{"@type":"Article","@id":"https:\/\/mainhardt.com.br\/contabilidade\/rerct-geral-2024-programa-para-regularizacao-de-bens-no-brasil-e-no-exterior-02-12\/#article","isPartOf":{"@id":"https:\/\/mainhardt.com.br\/contabilidade\/rerct-geral-2024-programa-para-regularizacao-de-bens-no-brasil-e-no-exterior-02-12\/"},"author":{"name":"Mainhardt","@id":"https:\/\/mainhardt.com.br\/contabilidade\/#\/schema\/person\/5adb86ff70668fe847c2e0cb754b35c1"},"headline":"RERCT-Geral 2024: programa para regulariza\u00e7\u00e3o de bens no Brasil e no exterior\u00a002\/12","datePublished":"2024-12-06T01:23:46+00:00","dateModified":"2024-12-06T01:23:46+00:00","mainEntityOfPage":{"@id":"https:\/\/mainhardt.com.br\/contabilidade\/rerct-geral-2024-programa-para-regularizacao-de-bens-no-brasil-e-no-exterior-02-12\/"},"wordCount":325,"commentCount":0,"publisher":{"@id":"https:\/\/mainhardt.com.br\/contabilidade\/#organization"},"articleSection":["Not\u00edcias"],"inLanguage":"pt-BR","potentialAction":[{"@type":"CommentAction","name":"Comment","target":["https:\/\/mainhardt.com.br\/contabilidade\/rerct-geral-2024-programa-para-regularizacao-de-bens-no-brasil-e-no-exterior-02-12\/#respond"]}]},{"@type":"WebPage","@id":"https:\/\/mainhardt.com.br\/contabilidade\/rerct-geral-2024-programa-para-regularizacao-de-bens-no-brasil-e-no-exterior-02-12\/","url":"https:\/\/mainhardt.com.br\/contabilidade\/rerct-geral-2024-programa-para-regularizacao-de-bens-no-brasil-e-no-exterior-02-12\/","name":"RERCT-Geral 2024: programa para regulariza\u00e7\u00e3o de bens no Brasil e no exterior\u00a002\/12 - Mainhardt Contabilidade","isPartOf":{"@id":"https:\/\/mainhardt.com.br\/contabilidade\/#website"},"datePublished":"2024-12-06T01:23:46+00:00","dateModified":"2024-12-06T01:23:46+00:00","breadcrumb":{"@id":"https:\/\/mainhardt.com.br\/contabilidade\/rerct-geral-2024-programa-para-regularizacao-de-bens-no-brasil-e-no-exterior-02-12\/#breadcrumb"},"inLanguage":"pt-BR","potentialAction":[{"@type":"ReadAction","target":["https:\/\/mainhardt.com.br\/contabilidade\/rerct-geral-2024-programa-para-regularizacao-de-bens-no-brasil-e-no-exterior-02-12\/"]}]},{"@type":"BreadcrumbList","@id":"https:\/\/mainhardt.com.br\/contabilidade\/rerct-geral-2024-programa-para-regularizacao-de-bens-no-brasil-e-no-exterior-02-12\/#breadcrumb","itemListElement":[{"@type":"ListItem","position":1,"name":"In\u00edcio","item":"https:\/\/mainhardt.com.br\/contabilidade\/"},{"@type":"ListItem","position":2,"name":"RERCT-Geral 2024: programa para regulariza\u00e7\u00e3o de bens no Brasil e no exterior\u00a002\/12"}]},{"@type":"WebSite","@id":"https:\/\/mainhardt.com.br\/contabilidade\/#website","url":"https:\/\/mainhardt.com.br\/contabilidade\/","name":"Mainhardt Contabilidade","description":"Contabilidade em Santa Catarina","publisher":{"@id":"https:\/\/mainhardt.com.br\/contabilidade\/#organization"},"potentialAction":[{"@type":"SearchAction","target":{"@type":"EntryPoint","urlTemplate":"https:\/\/mainhardt.com.br\/contabilidade\/?s={search_term_string}"},"query-input":"required name=search_term_string"}],"inLanguage":"pt-BR"},{"@type":"Organization","@id":"https:\/\/mainhardt.com.br\/contabilidade\/#organization","name":"Mainhardt Contabilidade","url":"https:\/\/mainhardt.com.br\/contabilidade\/","sameAs":[],"logo":{"@type":"ImageObject","inLanguage":"pt-BR","@id":"https:\/\/mainhardt.com.br\/contabilidade\/#\/schema\/logo\/image\/","url":"https:\/\/mainhardt.com.br\/contabilidade\/wp-content\/uploads\/2022\/08\/Novo-Projeto-10.png","contentUrl":"https:\/\/mainhardt.com.br\/contabilidade\/wp-content\/uploads\/2022\/08\/Novo-Projeto-10.png","width":170,"height":60,"caption":"Mainhardt Contabilidade"},"image":{"@id":"https:\/\/mainhardt.com.br\/contabilidade\/#\/schema\/logo\/image\/"}},{"@type":"Person","@id":"https:\/\/mainhardt.com.br\/contabilidade\/#\/schema\/person\/5adb86ff70668fe847c2e0cb754b35c1","name":"Mainhardt","image":{"@type":"ImageObject","inLanguage":"pt-BR","@id":"https:\/\/mainhardt.com.br\/contabilidade\/#\/schema\/person\/image\/","url":"https:\/\/secure.gravatar.com\/avatar\/b5b5c6cabc18ed3906cf18c60e5aa253aaeba8af55a8c8b92af3925fd5c36d94?s=96&d=mm&r=g","contentUrl":"https:\/\/secure.gravatar.com\/avatar\/b5b5c6cabc18ed3906cf18c60e5aa253aaeba8af55a8c8b92af3925fd5c36d94?s=96&d=mm&r=g","caption":"Mainhardt"},"url":"https:\/\/mainhardt.com.br\/contabilidade\/author\/mainhardt\/"}]}},"_links":{"self":[{"href":"https:\/\/mainhardt.com.br\/contabilidade\/wp-json\/wp\/v2\/posts\/2573","targetHints":{"allow":["GET"]}}],"collection":[{"href":"https:\/\/mainhardt.com.br\/contabilidade\/wp-json\/wp\/v2\/posts"}],"about":[{"href":"https:\/\/mainhardt.com.br\/contabilidade\/wp-json\/wp\/v2\/types\/post"}],"author":[{"embeddable":true,"href":"https:\/\/mainhardt.com.br\/contabilidade\/wp-json\/wp\/v2\/users\/4"}],"replies":[{"embeddable":true,"href":"https:\/\/mainhardt.com.br\/contabilidade\/wp-json\/wp\/v2\/comments?post=2573"}],"version-history":[{"count":1,"href":"https:\/\/mainhardt.com.br\/contabilidade\/wp-json\/wp\/v2\/posts\/2573\/revisions"}],"predecessor-version":[{"id":2575,"href":"https:\/\/mainhardt.com.br\/contabilidade\/wp-json\/wp\/v2\/posts\/2573\/revisions\/2575"}],"wp:featuredmedia":[{"embeddable":true,"href":"https:\/\/mainhardt.com.br\/contabilidade\/wp-json\/wp\/v2\/media\/2574"}],"wp:attachment":[{"href":"https:\/\/mainhardt.com.br\/contabilidade\/wp-json\/wp\/v2\/media?parent=2573"}],"wp:term":[{"taxonomy":"category","embeddable":true,"href":"https:\/\/mainhardt.com.br\/contabilidade\/wp-json\/wp\/v2\/categories?post=2573"},{"taxonomy":"post_tag","embeddable":true,"href":"https:\/\/mainhardt.com.br\/contabilidade\/wp-json\/wp\/v2\/tags?post=2573"}],"curies":[{"name":"wp","href":"https:\/\/api.w.org\/{rel}","templated":true}]}}