{"id":2619,"date":"2025-05-05T18:58:37","date_gmt":"2025-05-05T21:58:37","guid":{"rendered":"https:\/\/mainhardt.com.br\/contabilidade\/?p=2619"},"modified":"2025-05-05T18:58:37","modified_gmt":"2025-05-05T21:58:37","slug":"nova-tabela-do-imposto-de-renda-comeca-a-valer-em-maio-veja-o-que-muda","status":"publish","type":"post","link":"https:\/\/mainhardt.com.br\/contabilidade\/nova-tabela-do-imposto-de-renda-comeca-a-valer-em-maio-veja-o-que-muda\/","title":{"rendered":"Nova tabela do Imposto de Renda come\u00e7a a valer em maio. Veja o que muda"},"content":{"rendered":"\n<p>O presidente Luiz In\u00e1cio Lula da Silva editou a Medida Provis\u00f3ria n\u00ba 1.294, que corrige a tabela progressiva do Imposto de Renda. Os novos valores passam a valer em maio deste ano, mas a mudan\u00e7a afeta apenas as declara\u00e7\u00f5es que ser\u00e3o feitas em 2026. O Congresso Nacional tem agora 120 dias para analisar a medida.<\/p>\n\n\n\n<p>De acordo com a norma publicada no Di\u00e1rio Oficial da Uni\u00e3o desta segunda-feira, 14 de abril, brasileiros que ganham at\u00e9 dois sal\u00e1rios m\u00ednimos por m\u00eas (R$ 3.036) seguir\u00e3o isentos de Imposto de Renda. Para quem ganha acima de R$ 3.036, a tributa\u00e7\u00e3o come\u00e7a a incidir em &#8220;faixas&#8221; \u2013 que chegam a um imposto de 27,5% sobre a renda mensal que ultrapassar os R$ 4.664,68.<\/p>\n\n\n\n<p>As pessoas que ganham at\u00e9 dois sal\u00e1rios m\u00ednimos j\u00e1 eram isentas em anos anteriores. No entanto, o governo precisou atualizar a tabela do IR em raz\u00e3o do novo m\u00ednimo de R$ 1.518, estabelecido com a publica\u00e7\u00e3o da Lei Or\u00e7ament\u00e1ria Anual (LOA) para 2025. Sancionada pelo presidente Lula no \u00faltimo dia 10 de abril, a LOA estabeleceu aumento real de 2,5% em compara\u00e7\u00e3o com o valor que vigorou no ano passado, mantendo o compromisso do governo Lula de reajuste do m\u00ednimo acima da infla\u00e7\u00e3o.<img fetchpriority=\"high\" decoding=\"async\" src=\"https:\/\/www.gov.br\/planalto\/pt-br\/acompanhe-o-planalto\/noticias\/2025\/04\/nova-tabela-do-imposto-de-renda-comeca-a-valer-em-maio-veja-o-que-muda\/tabela-atualizada-do-imposto-de-renda.jpg\/@@images\/74640067-d778-4f3e-b1b7-0bdb96dff6ff.jpeg\" alt=\"Tabela-atualizada-do-Imposto-de-Renda.jpg\" height=\"523\" width=\"1080\">INFOGR\u00c1FICO | Veja a Tabela Progressiva Mensal do IR<\/p>\n\n\n\n<p><strong>ISEN\u00c7\u00c3O AT\u00c9 R$ 5 MIL<\/strong>&nbsp;\u2014 Para 2026, o Governo Federal j\u00e1 havia enviado ao Congresso Nacional o Projeto de Lei (PL n\u00ba 1087\/25) que eleva a isen\u00e7\u00e3o do Imposto de Renda para quem ganha at\u00e9 R$ 5 mil por m\u00eas. No entanto, o texto ainda vai tramitar pela C\u00e2mara dos Deputados e pelo Senado Federal.<\/p>\n\n\n\n<p><strong>DECLARA\u00c7\u00c3O<\/strong>&nbsp;\u2014 At\u00e9 as 10h desta segunda, a Receita Federal havia contabilizado a entrega de cerca de 12,2 milh\u00f5es de declara\u00e7\u00f5es do Imposto de Renda da Pessoa F\u00edsica (IRPF) 2025, ano-calend\u00e1rio 2024. A expectativa \u00e9 de que 46,2 milh\u00f5es de declara\u00e7\u00f5es sejam entregues at\u00e9 o fim do prazo. O envio da declara\u00e7\u00e3o ap\u00f3s 30 de maio estar\u00e1 sujeito a multa.<\/p>\n\n\n\n<p>A declara\u00e7\u00e3o \u00e9 obrigat\u00f3ria para pessoas f\u00edsicas que receberam em 2024 rendimentos tribut\u00e1veis acima de R$33.888, assim como aquelas que obtiveram receita bruta da atividade rural acima de R$169.440; opera\u00e7\u00f5es em Bolsa de Valores acima de R$40 mil, ou menor, se houver ganho sujeito ao Imposto de Renda; e rendimentos isentos ou exclusivos acima de R$200 mil. Pessoas que receberam at\u00e9 dois sal\u00e1rios-m\u00ednimos mensais durante 2024 (salvo se enquadradas em outro crit\u00e9rio de obrigatoriedade) est\u00e3o isentas da declara\u00e7\u00e3o.<\/p>\n\n\n\n<p>Desde 1\u00ba de abril, a declara\u00e7\u00e3o pr\u00e9-preenchida do Imposto de Renda 2025 est\u00e1 totalmente dispon\u00edvel para os contribuintes. A declara\u00e7\u00e3o apresenta informa\u00e7\u00f5es sobre rendimentos, pagamentos e dedu\u00e7\u00f5es, garantindo mais rapidez e seguran\u00e7a no envio. Para acess\u00e1-la, \u00e9 necess\u00e1rio possuir conta gov.br nos n\u00edveis ouro ou prata.<\/p>\n\n\n\n<p><strong>OUTRAS MUDAN\u00c7AS<\/strong>&nbsp;\u2014 A declara\u00e7\u00e3o ter\u00e1 poucas mudan\u00e7as em rela\u00e7\u00e3o \u00e0 do ano passado. As principais s\u00e3o as situa\u00e7\u00f5es em que o contribuinte est\u00e1 obrigado a entregar o documento, por causa do reajuste da faixa de isen\u00e7\u00e3o no ano passado.<\/p>\n\n\n\n<p>Em rela\u00e7\u00e3o \u00e0s obrigatoriedades, as mudan\u00e7as foram as seguintes:<\/p>\n\n\n\n<ul class=\"wp-block-list\">\n<li>Valor de rendimentos tribut\u00e1veis anuais que obrigam a entrega da declara\u00e7\u00e3o subiu de R$ 30.639,90 para R$ 33.888,00<\/li>\n\n\n\n<li>Limite da receita bruta de obrigatoriedade para atividade rural subiu de R$ 153.999,50 para R$ 169.440,00<\/li>\n\n\n\n<li>Quem atualizou valor de bens im\u00f3veis e pagou ganho de capital diferenciado em dezembro de 2024 ter\u00e1 de preencher a declara\u00e7\u00e3o<\/li>\n\n\n\n<li>Quem apurou rendimentos no exterior de aplica\u00e7\u00f5es financeiras e de lucros e dividendos passou a declarar anualmente<\/li>\n<\/ul>\n\n\n\n<p>As demais obrigatoriedades foram mantidas.<\/p>\n\n\n\n<p>Outra mudan\u00e7a \u00e9 a maior prioridade para quem simultaneamente utilizou a declara\u00e7\u00e3o pr\u00e9-preenchida e optou pelo recebimento da restitui\u00e7\u00e3o via Pix. At\u00e9 o ano passado, a prioridade era definida apenas com base na utiliza\u00e7\u00e3o de uma das duas ferramentas.<\/p>\n\n\n\n<p>Tr\u00eas campos na declara\u00e7\u00e3o foram extintos:<\/p>\n\n\n\n<ul class=\"wp-block-list\">\n<li>t\u00edtulo de eleitor;<\/li>\n\n\n\n<li>consulado\/embaixada (para residentes no exterior);<\/li>\n\n\n\n<li>n\u00famero do recibo da declara\u00e7\u00e3o anterior (em declara\u00e7\u00f5es on-line).<\/li>\n<\/ul>\n\n\n\n<p><strong>MULTA<\/strong>&nbsp;\u2014 Quem enviar a declara\u00e7\u00e3o fora do prazo dever\u00e1 pagar multa de 1% sobre imposto devido, com valor m\u00ednimo de R$ 165,74, ou de 20% do valor devido, prevalecendo o maior valor.<\/p>\n\n\n\n<p><strong>RESTITUI\u00c7\u00d5ES<\/strong>&nbsp;\u2014 De acordo com documento publicado no Di\u00e1rio Oficial da Uni\u00e3o (DOU), as restitui\u00e7\u00f5es (ano-base 2024) ser\u00e3o efetuadas em cinco lotes, no per\u00edodo de maio a setembro de 2025, conforme as seguintes datas:<\/p>\n\n\n\n<ul class=\"wp-block-list\">\n<li>primeiro lote: 30 de maio<\/li>\n\n\n\n<li>segundo lote: 30 de junho<\/li>\n\n\n\n<li>terceiro lote: 31 de julho<\/li>\n\n\n\n<li>quarto lote: 29 de agosto<\/li>\n\n\n\n<li>quinto e \u00faltimo lote: 30 de setembro<\/li>\n<\/ul>\n\n\n\n<p>Ao considerar as prioridades determinadas por lei, o pagamento das restitui\u00e7\u00f5es seguir\u00e1 a seguinte ordem:<\/p>\n\n\n\n<ul class=\"wp-block-list\">\n<li>idade igual ou superior a 80 anos<\/li>\n\n\n\n<li>idade igual ou superior a 60 anos, pessoas com defici\u00eancia e pessoas com doen\u00e7a grave<\/li>\n\n\n\n<li>pessoas cuja maior fonte de renda seja o magist\u00e9rio<\/li>\n\n\n\n<li>pessoas que utilizaram a declara\u00e7\u00e3o pr\u00e9-preenchida e que optaram por receber a restitui\u00e7\u00e3o por PIX<\/li>\n\n\n\n<li>pessoas que utilizaram a declara\u00e7\u00e3o pr\u00e9-preenchida ou optaram por receber a restitui\u00e7\u00e3o por PIX<\/li>\n<\/ul>\n\n\n\n<p>Fonte: https:\/\/www.gov.br\/planalto\/pt-br\/acompanhe-o-planalto\/noticias\/2025\/04\/nova-tabela-do-imposto-de-renda-comeca-a-valer-em-maio-veja-o-que-muda<\/p>\n\n\n\n<p><\/p>\n","protected":false},"excerpt":{"rendered":"<p>O presidente Luiz In\u00e1cio Lula da Silva editou a Medida Provis\u00f3ria n\u00ba 1.294, que corrige a tabela progressiva do Imposto de Renda. Os novos valores passam a valer em maio deste ano, mas a mudan\u00e7a afeta apenas as declara\u00e7\u00f5es que ser\u00e3o feitas em 2026. O Congresso Nacional tem agora 120 dias para analisar a medida. [&hellip;]<\/p>\n","protected":false},"author":4,"featured_media":2620,"comment_status":"open","ping_status":"open","sticky":false,"template":"","format":"standard","meta":{"footnotes":""},"categories":[1],"tags":[],"class_list":["post-2619","post","type-post","status-publish","format-standard","has-post-thumbnail","hentry","category-noticias"],"yoast_head":"<!-- This site is optimized with the Yoast SEO plugin v19.6.1 - https:\/\/yoast.com\/wordpress\/plugins\/seo\/ -->\n<title>Nova tabela do Imposto de Renda come\u00e7a a valer em maio. Veja o que muda - Mainhardt Contabilidade<\/title>\n<meta name=\"robots\" content=\"index, follow, max-snippet:-1, max-image-preview:large, max-video-preview:-1\" \/>\n<link rel=\"canonical\" href=\"https:\/\/mainhardt.com.br\/contabilidade\/nova-tabela-do-imposto-de-renda-comeca-a-valer-em-maio-veja-o-que-muda\/\" \/>\n<meta property=\"og:locale\" content=\"pt_BR\" \/>\n<meta property=\"og:type\" content=\"article\" \/>\n<meta property=\"og:title\" content=\"Nova tabela do Imposto de Renda come\u00e7a a valer em maio. Veja o que muda - Mainhardt Contabilidade\" \/>\n<meta property=\"og:description\" content=\"O presidente Luiz In\u00e1cio Lula da Silva editou a Medida Provis\u00f3ria n\u00ba 1.294, que corrige a tabela progressiva do Imposto de Renda. Os novos valores passam a valer em maio deste ano, mas a mudan\u00e7a afeta apenas as declara\u00e7\u00f5es que ser\u00e3o feitas em 2026. O Congresso Nacional tem agora 120 dias para analisar a medida. [&hellip;]\" \/>\n<meta property=\"og:url\" content=\"https:\/\/mainhardt.com.br\/contabilidade\/nova-tabela-do-imposto-de-renda-comeca-a-valer-em-maio-veja-o-que-muda\/\" \/>\n<meta property=\"og:site_name\" content=\"Mainhardt Contabilidade\" \/>\n<meta property=\"article:published_time\" content=\"2025-05-05T21:58:37+00:00\" \/>\n<meta property=\"og:image\" content=\"http:\/\/mainhardt.com.br\/contabilidade\/wp-content\/uploads\/2025\/05\/01.jpg\" \/>\n\t<meta property=\"og:image:width\" content=\"1080\" \/>\n\t<meta property=\"og:image:height\" content=\"1350\" \/>\n\t<meta property=\"og:image:type\" content=\"image\/jpeg\" \/>\n<meta name=\"author\" content=\"Mainhardt\" \/>\n<meta name=\"twitter:card\" content=\"summary_large_image\" \/>\n<meta name=\"twitter:label1\" content=\"Escrito por\" \/>\n\t<meta name=\"twitter:data1\" content=\"Mainhardt\" \/>\n\t<meta name=\"twitter:label2\" content=\"Est. tempo de leitura\" \/>\n\t<meta name=\"twitter:data2\" content=\"5 minutos\" \/>\n<script type=\"application\/ld+json\" class=\"yoast-schema-graph\">{\"@context\":\"https:\/\/schema.org\",\"@graph\":[{\"@type\":\"Article\",\"@id\":\"https:\/\/mainhardt.com.br\/contabilidade\/nova-tabela-do-imposto-de-renda-comeca-a-valer-em-maio-veja-o-que-muda\/#article\",\"isPartOf\":{\"@id\":\"https:\/\/mainhardt.com.br\/contabilidade\/nova-tabela-do-imposto-de-renda-comeca-a-valer-em-maio-veja-o-que-muda\/\"},\"author\":{\"name\":\"Mainhardt\",\"@id\":\"https:\/\/mainhardt.com.br\/contabilidade\/#\/schema\/person\/5adb86ff70668fe847c2e0cb754b35c1\"},\"headline\":\"Nova tabela do Imposto de Renda come\u00e7a a valer em maio. Veja o que muda\",\"datePublished\":\"2025-05-05T21:58:37+00:00\",\"dateModified\":\"2025-05-05T21:58:37+00:00\",\"mainEntityOfPage\":{\"@id\":\"https:\/\/mainhardt.com.br\/contabilidade\/nova-tabela-do-imposto-de-renda-comeca-a-valer-em-maio-veja-o-que-muda\/\"},\"wordCount\":887,\"commentCount\":0,\"publisher\":{\"@id\":\"https:\/\/mainhardt.com.br\/contabilidade\/#organization\"},\"articleSection\":[\"Not\u00edcias\"],\"inLanguage\":\"pt-BR\",\"potentialAction\":[{\"@type\":\"CommentAction\",\"name\":\"Comment\",\"target\":[\"https:\/\/mainhardt.com.br\/contabilidade\/nova-tabela-do-imposto-de-renda-comeca-a-valer-em-maio-veja-o-que-muda\/#respond\"]}]},{\"@type\":\"WebPage\",\"@id\":\"https:\/\/mainhardt.com.br\/contabilidade\/nova-tabela-do-imposto-de-renda-comeca-a-valer-em-maio-veja-o-que-muda\/\",\"url\":\"https:\/\/mainhardt.com.br\/contabilidade\/nova-tabela-do-imposto-de-renda-comeca-a-valer-em-maio-veja-o-que-muda\/\",\"name\":\"Nova tabela do Imposto de Renda come\u00e7a a valer em maio. Veja o que muda - Mainhardt Contabilidade\",\"isPartOf\":{\"@id\":\"https:\/\/mainhardt.com.br\/contabilidade\/#website\"},\"datePublished\":\"2025-05-05T21:58:37+00:00\",\"dateModified\":\"2025-05-05T21:58:37+00:00\",\"breadcrumb\":{\"@id\":\"https:\/\/mainhardt.com.br\/contabilidade\/nova-tabela-do-imposto-de-renda-comeca-a-valer-em-maio-veja-o-que-muda\/#breadcrumb\"},\"inLanguage\":\"pt-BR\",\"potentialAction\":[{\"@type\":\"ReadAction\",\"target\":[\"https:\/\/mainhardt.com.br\/contabilidade\/nova-tabela-do-imposto-de-renda-comeca-a-valer-em-maio-veja-o-que-muda\/\"]}]},{\"@type\":\"BreadcrumbList\",\"@id\":\"https:\/\/mainhardt.com.br\/contabilidade\/nova-tabela-do-imposto-de-renda-comeca-a-valer-em-maio-veja-o-que-muda\/#breadcrumb\",\"itemListElement\":[{\"@type\":\"ListItem\",\"position\":1,\"name\":\"In\u00edcio\",\"item\":\"https:\/\/mainhardt.com.br\/contabilidade\/\"},{\"@type\":\"ListItem\",\"position\":2,\"name\":\"Nova tabela do Imposto de Renda come\u00e7a a valer em maio. Veja o que muda\"}]},{\"@type\":\"WebSite\",\"@id\":\"https:\/\/mainhardt.com.br\/contabilidade\/#website\",\"url\":\"https:\/\/mainhardt.com.br\/contabilidade\/\",\"name\":\"Mainhardt Contabilidade\",\"description\":\"Contabilidade em Santa Catarina\",\"publisher\":{\"@id\":\"https:\/\/mainhardt.com.br\/contabilidade\/#organization\"},\"potentialAction\":[{\"@type\":\"SearchAction\",\"target\":{\"@type\":\"EntryPoint\",\"urlTemplate\":\"https:\/\/mainhardt.com.br\/contabilidade\/?s={search_term_string}\"},\"query-input\":\"required name=search_term_string\"}],\"inLanguage\":\"pt-BR\"},{\"@type\":\"Organization\",\"@id\":\"https:\/\/mainhardt.com.br\/contabilidade\/#organization\",\"name\":\"Mainhardt Contabilidade\",\"url\":\"https:\/\/mainhardt.com.br\/contabilidade\/\",\"sameAs\":[],\"logo\":{\"@type\":\"ImageObject\",\"inLanguage\":\"pt-BR\",\"@id\":\"https:\/\/mainhardt.com.br\/contabilidade\/#\/schema\/logo\/image\/\",\"url\":\"https:\/\/mainhardt.com.br\/contabilidade\/wp-content\/uploads\/2022\/08\/Novo-Projeto-10.png\",\"contentUrl\":\"https:\/\/mainhardt.com.br\/contabilidade\/wp-content\/uploads\/2022\/08\/Novo-Projeto-10.png\",\"width\":170,\"height\":60,\"caption\":\"Mainhardt Contabilidade\"},\"image\":{\"@id\":\"https:\/\/mainhardt.com.br\/contabilidade\/#\/schema\/logo\/image\/\"}},{\"@type\":\"Person\",\"@id\":\"https:\/\/mainhardt.com.br\/contabilidade\/#\/schema\/person\/5adb86ff70668fe847c2e0cb754b35c1\",\"name\":\"Mainhardt\",\"image\":{\"@type\":\"ImageObject\",\"inLanguage\":\"pt-BR\",\"@id\":\"https:\/\/mainhardt.com.br\/contabilidade\/#\/schema\/person\/image\/\",\"url\":\"https:\/\/secure.gravatar.com\/avatar\/b5b5c6cabc18ed3906cf18c60e5aa253aaeba8af55a8c8b92af3925fd5c36d94?s=96&d=mm&r=g\",\"contentUrl\":\"https:\/\/secure.gravatar.com\/avatar\/b5b5c6cabc18ed3906cf18c60e5aa253aaeba8af55a8c8b92af3925fd5c36d94?s=96&d=mm&r=g\",\"caption\":\"Mainhardt\"},\"url\":\"https:\/\/mainhardt.com.br\/contabilidade\/author\/mainhardt\/\"}]}<\/script>\n<!-- \/ Yoast SEO plugin. -->","yoast_head_json":{"title":"Nova tabela do Imposto de Renda come\u00e7a a valer em maio. Veja o que muda - Mainhardt Contabilidade","robots":{"index":"index","follow":"follow","max-snippet":"max-snippet:-1","max-image-preview":"max-image-preview:large","max-video-preview":"max-video-preview:-1"},"canonical":"https:\/\/mainhardt.com.br\/contabilidade\/nova-tabela-do-imposto-de-renda-comeca-a-valer-em-maio-veja-o-que-muda\/","og_locale":"pt_BR","og_type":"article","og_title":"Nova tabela do Imposto de Renda come\u00e7a a valer em maio. Veja o que muda - Mainhardt Contabilidade","og_description":"O presidente Luiz In\u00e1cio Lula da Silva editou a Medida Provis\u00f3ria n\u00ba 1.294, que corrige a tabela progressiva do Imposto de Renda. Os novos valores passam a valer em maio deste ano, mas a mudan\u00e7a afeta apenas as declara\u00e7\u00f5es que ser\u00e3o feitas em 2026. O Congresso Nacional tem agora 120 dias para analisar a medida. [&hellip;]","og_url":"https:\/\/mainhardt.com.br\/contabilidade\/nova-tabela-do-imposto-de-renda-comeca-a-valer-em-maio-veja-o-que-muda\/","og_site_name":"Mainhardt Contabilidade","article_published_time":"2025-05-05T21:58:37+00:00","og_image":[{"width":1080,"height":1350,"url":"http:\/\/mainhardt.com.br\/contabilidade\/wp-content\/uploads\/2025\/05\/01.jpg","type":"image\/jpeg"}],"author":"Mainhardt","twitter_card":"summary_large_image","twitter_misc":{"Escrito por":"Mainhardt","Est. tempo de leitura":"5 minutos"},"schema":{"@context":"https:\/\/schema.org","@graph":[{"@type":"Article","@id":"https:\/\/mainhardt.com.br\/contabilidade\/nova-tabela-do-imposto-de-renda-comeca-a-valer-em-maio-veja-o-que-muda\/#article","isPartOf":{"@id":"https:\/\/mainhardt.com.br\/contabilidade\/nova-tabela-do-imposto-de-renda-comeca-a-valer-em-maio-veja-o-que-muda\/"},"author":{"name":"Mainhardt","@id":"https:\/\/mainhardt.com.br\/contabilidade\/#\/schema\/person\/5adb86ff70668fe847c2e0cb754b35c1"},"headline":"Nova tabela do Imposto de Renda come\u00e7a a valer em maio. Veja o que muda","datePublished":"2025-05-05T21:58:37+00:00","dateModified":"2025-05-05T21:58:37+00:00","mainEntityOfPage":{"@id":"https:\/\/mainhardt.com.br\/contabilidade\/nova-tabela-do-imposto-de-renda-comeca-a-valer-em-maio-veja-o-que-muda\/"},"wordCount":887,"commentCount":0,"publisher":{"@id":"https:\/\/mainhardt.com.br\/contabilidade\/#organization"},"articleSection":["Not\u00edcias"],"inLanguage":"pt-BR","potentialAction":[{"@type":"CommentAction","name":"Comment","target":["https:\/\/mainhardt.com.br\/contabilidade\/nova-tabela-do-imposto-de-renda-comeca-a-valer-em-maio-veja-o-que-muda\/#respond"]}]},{"@type":"WebPage","@id":"https:\/\/mainhardt.com.br\/contabilidade\/nova-tabela-do-imposto-de-renda-comeca-a-valer-em-maio-veja-o-que-muda\/","url":"https:\/\/mainhardt.com.br\/contabilidade\/nova-tabela-do-imposto-de-renda-comeca-a-valer-em-maio-veja-o-que-muda\/","name":"Nova tabela do Imposto de Renda come\u00e7a a valer em maio. Veja o que muda - Mainhardt Contabilidade","isPartOf":{"@id":"https:\/\/mainhardt.com.br\/contabilidade\/#website"},"datePublished":"2025-05-05T21:58:37+00:00","dateModified":"2025-05-05T21:58:37+00:00","breadcrumb":{"@id":"https:\/\/mainhardt.com.br\/contabilidade\/nova-tabela-do-imposto-de-renda-comeca-a-valer-em-maio-veja-o-que-muda\/#breadcrumb"},"inLanguage":"pt-BR","potentialAction":[{"@type":"ReadAction","target":["https:\/\/mainhardt.com.br\/contabilidade\/nova-tabela-do-imposto-de-renda-comeca-a-valer-em-maio-veja-o-que-muda\/"]}]},{"@type":"BreadcrumbList","@id":"https:\/\/mainhardt.com.br\/contabilidade\/nova-tabela-do-imposto-de-renda-comeca-a-valer-em-maio-veja-o-que-muda\/#breadcrumb","itemListElement":[{"@type":"ListItem","position":1,"name":"In\u00edcio","item":"https:\/\/mainhardt.com.br\/contabilidade\/"},{"@type":"ListItem","position":2,"name":"Nova tabela do Imposto de Renda come\u00e7a a valer em maio. Veja o que muda"}]},{"@type":"WebSite","@id":"https:\/\/mainhardt.com.br\/contabilidade\/#website","url":"https:\/\/mainhardt.com.br\/contabilidade\/","name":"Mainhardt Contabilidade","description":"Contabilidade em Santa Catarina","publisher":{"@id":"https:\/\/mainhardt.com.br\/contabilidade\/#organization"},"potentialAction":[{"@type":"SearchAction","target":{"@type":"EntryPoint","urlTemplate":"https:\/\/mainhardt.com.br\/contabilidade\/?s={search_term_string}"},"query-input":"required name=search_term_string"}],"inLanguage":"pt-BR"},{"@type":"Organization","@id":"https:\/\/mainhardt.com.br\/contabilidade\/#organization","name":"Mainhardt Contabilidade","url":"https:\/\/mainhardt.com.br\/contabilidade\/","sameAs":[],"logo":{"@type":"ImageObject","inLanguage":"pt-BR","@id":"https:\/\/mainhardt.com.br\/contabilidade\/#\/schema\/logo\/image\/","url":"https:\/\/mainhardt.com.br\/contabilidade\/wp-content\/uploads\/2022\/08\/Novo-Projeto-10.png","contentUrl":"https:\/\/mainhardt.com.br\/contabilidade\/wp-content\/uploads\/2022\/08\/Novo-Projeto-10.png","width":170,"height":60,"caption":"Mainhardt Contabilidade"},"image":{"@id":"https:\/\/mainhardt.com.br\/contabilidade\/#\/schema\/logo\/image\/"}},{"@type":"Person","@id":"https:\/\/mainhardt.com.br\/contabilidade\/#\/schema\/person\/5adb86ff70668fe847c2e0cb754b35c1","name":"Mainhardt","image":{"@type":"ImageObject","inLanguage":"pt-BR","@id":"https:\/\/mainhardt.com.br\/contabilidade\/#\/schema\/person\/image\/","url":"https:\/\/secure.gravatar.com\/avatar\/b5b5c6cabc18ed3906cf18c60e5aa253aaeba8af55a8c8b92af3925fd5c36d94?s=96&d=mm&r=g","contentUrl":"https:\/\/secure.gravatar.com\/avatar\/b5b5c6cabc18ed3906cf18c60e5aa253aaeba8af55a8c8b92af3925fd5c36d94?s=96&d=mm&r=g","caption":"Mainhardt"},"url":"https:\/\/mainhardt.com.br\/contabilidade\/author\/mainhardt\/"}]}},"_links":{"self":[{"href":"https:\/\/mainhardt.com.br\/contabilidade\/wp-json\/wp\/v2\/posts\/2619","targetHints":{"allow":["GET"]}}],"collection":[{"href":"https:\/\/mainhardt.com.br\/contabilidade\/wp-json\/wp\/v2\/posts"}],"about":[{"href":"https:\/\/mainhardt.com.br\/contabilidade\/wp-json\/wp\/v2\/types\/post"}],"author":[{"embeddable":true,"href":"https:\/\/mainhardt.com.br\/contabilidade\/wp-json\/wp\/v2\/users\/4"}],"replies":[{"embeddable":true,"href":"https:\/\/mainhardt.com.br\/contabilidade\/wp-json\/wp\/v2\/comments?post=2619"}],"version-history":[{"count":1,"href":"https:\/\/mainhardt.com.br\/contabilidade\/wp-json\/wp\/v2\/posts\/2619\/revisions"}],"predecessor-version":[{"id":2621,"href":"https:\/\/mainhardt.com.br\/contabilidade\/wp-json\/wp\/v2\/posts\/2619\/revisions\/2621"}],"wp:featuredmedia":[{"embeddable":true,"href":"https:\/\/mainhardt.com.br\/contabilidade\/wp-json\/wp\/v2\/media\/2620"}],"wp:attachment":[{"href":"https:\/\/mainhardt.com.br\/contabilidade\/wp-json\/wp\/v2\/media?parent=2619"}],"wp:term":[{"taxonomy":"category","embeddable":true,"href":"https:\/\/mainhardt.com.br\/contabilidade\/wp-json\/wp\/v2\/categories?post=2619"},{"taxonomy":"post_tag","embeddable":true,"href":"https:\/\/mainhardt.com.br\/contabilidade\/wp-json\/wp\/v2\/tags?post=2619"}],"curies":[{"name":"wp","href":"https:\/\/api.w.org\/{rel}","templated":true}]}}