{"id":2623,"date":"2025-06-02T10:09:49","date_gmt":"2025-06-02T13:09:49","guid":{"rendered":"https:\/\/mainhardt.com.br\/contabilidade\/?p=2623"},"modified":"2025-06-02T10:09:49","modified_gmt":"2025-06-02T13:09:49","slug":"empresas-deverao-emitir-nf-e-em-vez-de-nfc-e-para-vendas-a-pessoas-juridicas-com-cnpj-a-partir-de-3-de-novembro","status":"publish","type":"post","link":"https:\/\/mainhardt.com.br\/contabilidade\/empresas-deverao-emitir-nf-e-em-vez-de-nfc-e-para-vendas-a-pessoas-juridicas-com-cnpj-a-partir-de-3-de-novembro\/","title":{"rendered":"Empresas dever\u00e3o emitir NF-e em vez de NFC-e para vendas a pessoas jur\u00eddicas com CNPJ a partir de 3 de novembro."},"content":{"rendered":"\n<p>O Conselho Nacional de Pol\u00edtica Fazend\u00e1ria (Confaz) publicou&nbsp;publicou no dia 30 de Abril de 2025, no Di\u00e1rio Oficial da Uni\u00e3o (DOU), os Ajustes SINIEF n\u00ba 11\/2025 e n\u00ba 12\/2025, que modificam as regras de emiss\u00e3o da&nbsp;Nota Fiscal&nbsp;de Consumidor Eletr\u00f4nica (NFC-e) e da Nota Fiscal Eletr\u00f4nica (NF-e). As altera\u00e7\u00f5es entram em vigor em 3 de novembro de 2025 e impactam diretamente as opera\u00e7\u00f5es de varejo, especialmente quando envolvem destinat\u00e1rios com&nbsp;CNPJ.<\/p>\n\n\n\n<p>A principal mudan\u00e7a \u00e9 que, a partir da data mencionada, a NFC-e (modelo 65) poder\u00e1 ser utilizada exclusivamente em opera\u00e7\u00f5es com consumidores finais pessoas f\u00edsicas, ou seja, identificados por CPF. As vendas realizadas a pessoas jur\u00eddicas dever\u00e3o ser registradas obrigatoriamente por meio da NF-e (modelo 55).<\/p>\n\n\n\n<h2 class=\"wp-block-heading\">Vendas para empresas exigir\u00e3o emiss\u00e3o da NF-e<\/h2>\n\n\n\n<p>Com a publica\u00e7\u00e3o do Ajuste SINIEF n\u00ba 11\/2025, a legisla\u00e7\u00e3o elimina a possibilidade de emiss\u00e3o de NFC-e para destinat\u00e1rios identificados por CNPJ. A norma altera a reda\u00e7\u00e3o anterior para restringir a NFC-e \u00e0s opera\u00e7\u00f5es cujo destinat\u00e1rio esteja inscrito apenas no CPF, ou seja, consumidor pessoa f\u00edsica.<\/p>\n\n\n\n<p>Dessa forma, opera\u00e7\u00f5es comerciais em que o comprador seja pessoa jur\u00eddica passam a exigir a emiss\u00e3o da NF-e modelo 55, documento fiscal j\u00e1 amplamente utilizado nas transa\u00e7\u00f5es entre empresas. A medida visa padronizar o uso dos modelos fiscais e evitar inconsist\u00eancias no controle tribut\u00e1rio.<\/p>\n\n\n\n<h2 class=\"wp-block-heading\">Mudan\u00e7as na NF-e incluem flexibiliza\u00e7\u00e3o e conting\u00eancia<\/h2>\n\n\n\n<p>Simultaneamente, o Ajuste SINIEF n\u00ba 12\/2025 introduz altera\u00e7\u00f5es importantes na NF-e, tamb\u00e9m com in\u00edcio de vig\u00eancia em 3 de novembro de 2025. Entre as mudan\u00e7as, destacam-se:<\/p>\n\n\n\n<ul class=\"wp-block-list\">\n<li>Facultatividade do endere\u00e7o: nas opera\u00e7\u00f5es presenciais, o preenchimento do endere\u00e7o do destinat\u00e1rio passa a ser opcional.<\/li>\n\n\n\n<li>Danfe\u00a0Simplificado: poder\u00e1 ser utilizado nas vendas presenciais e nas entregas em domic\u00edlio cujo destinat\u00e1rio esteja identificado por CNPJ.<\/li>\n\n\n\n<li>Emiss\u00e3o em conting\u00eancia: ser\u00e1 permitida a gera\u00e7\u00e3o pr\u00e9via do documento fiscal em casos de problemas t\u00e9cnicos que impe\u00e7am a emiss\u00e3o imediata da NF-e em opera\u00e7\u00f5es de varejo com entrega em domic\u00edlio a pessoa jur\u00eddica.<\/li>\n\n\n\n<li>Prazo para regulariza\u00e7\u00e3o: nesses casos, a transmiss\u00e3o da NF-e em conting\u00eancia dever\u00e1 ocorrer at\u00e9 o primeiro dia \u00fatil subsequente \u00e0 sua emiss\u00e3o.<\/li>\n<\/ul>\n\n\n\n<p>Essas altera\u00e7\u00f5es buscam simplificar a rotina operacional dos contribuintes e ampliar a seguran\u00e7a fiscal das transa\u00e7\u00f5es comerciais.<\/p>\n\n\n\n<h2 class=\"wp-block-heading\">Impactos pr\u00e1ticos para o com\u00e9rcio varejista<\/h2>\n\n\n\n<p>Na pr\u00e1tica, o conjunto de regras estabelecido pelos Ajustes SINIEF n\u00ba 11\/2025 e 12\/2025 exige aten\u00e7\u00e3o redobrada de varejistas e profissionais da&nbsp;contabilidade. A principal consequ\u00eancia \u00e9 a obrigatoriedade de emitir NF-e modelo 55 em qualquer venda cuja identifica\u00e7\u00e3o do cliente seja feita por CNPJ, mesmo em estabelecimentos f\u00edsicos.<\/p>\n\n\n\n<p>Al\u00e9m disso, a flexibiliza\u00e7\u00e3o para n\u00e3o preencher o endere\u00e7o do destinat\u00e1rio em opera\u00e7\u00f5es presenciais pode facilitar a emiss\u00e3o, especialmente em estabelecimentos de alto fluxo. No caso de entregas em domic\u00edlio, o uso do Danfe Simplificado tende a agilizar a log\u00edstica.<\/p>\n\n\n\n<p>Contudo, \u00e9 essencial que os contribuintes estejam preparados para situa\u00e7\u00f5es de conting\u00eancia, mantendo os sistemas atualizados e capacitando suas equipes para emiss\u00e3o posterior conforme o novo prazo legal.<\/p>\n\n\n\n<h2 class=\"wp-block-heading\">Ajustes fazem parte da evolu\u00e7\u00e3o do controle fiscal<\/h2>\n\n\n\n<p>A atualiza\u00e7\u00e3o das regras da NFC-e e da NF-e reflete o movimento cont\u00ednuo da administra\u00e7\u00e3o tribut\u00e1ria em aprimorar os mecanismos de controle fiscal e evitar fraudes. Com a distin\u00e7\u00e3o clara entre documentos fiscais para pessoas f\u00edsicas e jur\u00eddicas, o Confaz pretende refor\u00e7ar a rastreabilidade das opera\u00e7\u00f5es e facilitar o cruzamento de dados eletr\u00f4nicos.<\/p>\n\n\n\n<p>Segundo especialistas, a medida tamb\u00e9m reduz a margem para erros na emiss\u00e3o de documentos fiscais, contribuindo para uma maior conformidade das empresas com as normas do Sistema P\u00fablico de Escritura\u00e7\u00e3o Digital (Sped).<\/p>\n","protected":false},"excerpt":{"rendered":"<p>O Conselho Nacional de Pol\u00edtica Fazend\u00e1ria (Confaz) publicou&nbsp;publicou no dia 30 de Abril de 2025, no Di\u00e1rio Oficial da Uni\u00e3o (DOU), os Ajustes SINIEF n\u00ba 11\/2025 e n\u00ba 12\/2025, que modificam as regras de emiss\u00e3o da&nbsp;Nota Fiscal&nbsp;de Consumidor Eletr\u00f4nica (NFC-e) e da Nota Fiscal Eletr\u00f4nica (NF-e). As altera\u00e7\u00f5es entram em vigor em 3 de novembro [&hellip;]<\/p>\n","protected":false},"author":4,"featured_media":2624,"comment_status":"open","ping_status":"open","sticky":false,"template":"","format":"standard","meta":{"footnotes":""},"categories":[1],"tags":[],"class_list":["post-2623","post","type-post","status-publish","format-standard","has-post-thumbnail","hentry","category-noticias"],"yoast_head":"<!-- This site is optimized with the Yoast SEO plugin v19.6.1 - https:\/\/yoast.com\/wordpress\/plugins\/seo\/ -->\n<title>Empresas dever\u00e3o emitir NF-e em vez de NFC-e para vendas a pessoas jur\u00eddicas com CNPJ a partir de 3 de novembro. - Mainhardt Contabilidade<\/title>\n<meta name=\"robots\" content=\"index, follow, max-snippet:-1, max-image-preview:large, max-video-preview:-1\" \/>\n<link rel=\"canonical\" href=\"https:\/\/mainhardt.com.br\/contabilidade\/empresas-deverao-emitir-nf-e-em-vez-de-nfc-e-para-vendas-a-pessoas-juridicas-com-cnpj-a-partir-de-3-de-novembro\/\" \/>\n<meta property=\"og:locale\" content=\"pt_BR\" \/>\n<meta property=\"og:type\" content=\"article\" \/>\n<meta property=\"og:title\" content=\"Empresas dever\u00e3o emitir NF-e em vez de NFC-e para vendas a pessoas jur\u00eddicas com CNPJ a partir de 3 de novembro. - Mainhardt Contabilidade\" \/>\n<meta property=\"og:description\" content=\"O Conselho Nacional de Pol\u00edtica Fazend\u00e1ria (Confaz) publicou&nbsp;publicou no dia 30 de Abril de 2025, no Di\u00e1rio Oficial da Uni\u00e3o (DOU), os Ajustes SINIEF n\u00ba 11\/2025 e n\u00ba 12\/2025, que modificam as regras de emiss\u00e3o da&nbsp;Nota Fiscal&nbsp;de Consumidor Eletr\u00f4nica (NFC-e) e da Nota Fiscal Eletr\u00f4nica (NF-e). As altera\u00e7\u00f5es entram em vigor em 3 de novembro [&hellip;]\" \/>\n<meta property=\"og:url\" content=\"https:\/\/mainhardt.com.br\/contabilidade\/empresas-deverao-emitir-nf-e-em-vez-de-nfc-e-para-vendas-a-pessoas-juridicas-com-cnpj-a-partir-de-3-de-novembro\/\" \/>\n<meta property=\"og:site_name\" content=\"Mainhardt Contabilidade\" \/>\n<meta property=\"article:published_time\" content=\"2025-06-02T13:09:49+00:00\" \/>\n<meta property=\"og:image\" content=\"http:\/\/mainhardt.com.br\/contabilidade\/wp-content\/uploads\/2025\/06\/41b53ab8167cac184d7ce4087eb60842.jpg\" \/>\n\t<meta property=\"og:image:width\" content=\"1080\" \/>\n\t<meta property=\"og:image:height\" content=\"1350\" \/>\n\t<meta property=\"og:image:type\" content=\"image\/jpeg\" \/>\n<meta name=\"author\" content=\"Mainhardt\" \/>\n<meta name=\"twitter:card\" content=\"summary_large_image\" \/>\n<meta name=\"twitter:label1\" content=\"Escrito por\" \/>\n\t<meta name=\"twitter:data1\" content=\"Mainhardt\" \/>\n\t<meta name=\"twitter:label2\" content=\"Est. tempo de leitura\" \/>\n\t<meta name=\"twitter:data2\" content=\"4 minutos\" \/>\n<script type=\"application\/ld+json\" class=\"yoast-schema-graph\">{\"@context\":\"https:\/\/schema.org\",\"@graph\":[{\"@type\":\"Article\",\"@id\":\"https:\/\/mainhardt.com.br\/contabilidade\/empresas-deverao-emitir-nf-e-em-vez-de-nfc-e-para-vendas-a-pessoas-juridicas-com-cnpj-a-partir-de-3-de-novembro\/#article\",\"isPartOf\":{\"@id\":\"https:\/\/mainhardt.com.br\/contabilidade\/empresas-deverao-emitir-nf-e-em-vez-de-nfc-e-para-vendas-a-pessoas-juridicas-com-cnpj-a-partir-de-3-de-novembro\/\"},\"author\":{\"name\":\"Mainhardt\",\"@id\":\"https:\/\/mainhardt.com.br\/contabilidade\/#\/schema\/person\/5adb86ff70668fe847c2e0cb754b35c1\"},\"headline\":\"Empresas dever\u00e3o emitir NF-e em vez de NFC-e para vendas a pessoas jur\u00eddicas com CNPJ a partir de 3 de novembro.\",\"datePublished\":\"2025-06-02T13:09:49+00:00\",\"dateModified\":\"2025-06-02T13:09:49+00:00\",\"mainEntityOfPage\":{\"@id\":\"https:\/\/mainhardt.com.br\/contabilidade\/empresas-deverao-emitir-nf-e-em-vez-de-nfc-e-para-vendas-a-pessoas-juridicas-com-cnpj-a-partir-de-3-de-novembro\/\"},\"wordCount\":676,\"commentCount\":0,\"publisher\":{\"@id\":\"https:\/\/mainhardt.com.br\/contabilidade\/#organization\"},\"articleSection\":[\"Not\u00edcias\"],\"inLanguage\":\"pt-BR\",\"potentialAction\":[{\"@type\":\"CommentAction\",\"name\":\"Comment\",\"target\":[\"https:\/\/mainhardt.com.br\/contabilidade\/empresas-deverao-emitir-nf-e-em-vez-de-nfc-e-para-vendas-a-pessoas-juridicas-com-cnpj-a-partir-de-3-de-novembro\/#respond\"]}]},{\"@type\":\"WebPage\",\"@id\":\"https:\/\/mainhardt.com.br\/contabilidade\/empresas-deverao-emitir-nf-e-em-vez-de-nfc-e-para-vendas-a-pessoas-juridicas-com-cnpj-a-partir-de-3-de-novembro\/\",\"url\":\"https:\/\/mainhardt.com.br\/contabilidade\/empresas-deverao-emitir-nf-e-em-vez-de-nfc-e-para-vendas-a-pessoas-juridicas-com-cnpj-a-partir-de-3-de-novembro\/\",\"name\":\"Empresas dever\u00e3o emitir NF-e em vez de NFC-e para vendas a pessoas jur\u00eddicas com CNPJ a partir de 3 de novembro. - Mainhardt Contabilidade\",\"isPartOf\":{\"@id\":\"https:\/\/mainhardt.com.br\/contabilidade\/#website\"},\"datePublished\":\"2025-06-02T13:09:49+00:00\",\"dateModified\":\"2025-06-02T13:09:49+00:00\",\"breadcrumb\":{\"@id\":\"https:\/\/mainhardt.com.br\/contabilidade\/empresas-deverao-emitir-nf-e-em-vez-de-nfc-e-para-vendas-a-pessoas-juridicas-com-cnpj-a-partir-de-3-de-novembro\/#breadcrumb\"},\"inLanguage\":\"pt-BR\",\"potentialAction\":[{\"@type\":\"ReadAction\",\"target\":[\"https:\/\/mainhardt.com.br\/contabilidade\/empresas-deverao-emitir-nf-e-em-vez-de-nfc-e-para-vendas-a-pessoas-juridicas-com-cnpj-a-partir-de-3-de-novembro\/\"]}]},{\"@type\":\"BreadcrumbList\",\"@id\":\"https:\/\/mainhardt.com.br\/contabilidade\/empresas-deverao-emitir-nf-e-em-vez-de-nfc-e-para-vendas-a-pessoas-juridicas-com-cnpj-a-partir-de-3-de-novembro\/#breadcrumb\",\"itemListElement\":[{\"@type\":\"ListItem\",\"position\":1,\"name\":\"In\u00edcio\",\"item\":\"https:\/\/mainhardt.com.br\/contabilidade\/\"},{\"@type\":\"ListItem\",\"position\":2,\"name\":\"Empresas dever\u00e3o emitir NF-e em vez de NFC-e para vendas a pessoas jur\u00eddicas com CNPJ a partir de 3 de novembro.\"}]},{\"@type\":\"WebSite\",\"@id\":\"https:\/\/mainhardt.com.br\/contabilidade\/#website\",\"url\":\"https:\/\/mainhardt.com.br\/contabilidade\/\",\"name\":\"Mainhardt Contabilidade\",\"description\":\"Contabilidade em Santa Catarina\",\"publisher\":{\"@id\":\"https:\/\/mainhardt.com.br\/contabilidade\/#organization\"},\"potentialAction\":[{\"@type\":\"SearchAction\",\"target\":{\"@type\":\"EntryPoint\",\"urlTemplate\":\"https:\/\/mainhardt.com.br\/contabilidade\/?s={search_term_string}\"},\"query-input\":\"required name=search_term_string\"}],\"inLanguage\":\"pt-BR\"},{\"@type\":\"Organization\",\"@id\":\"https:\/\/mainhardt.com.br\/contabilidade\/#organization\",\"name\":\"Mainhardt Contabilidade\",\"url\":\"https:\/\/mainhardt.com.br\/contabilidade\/\",\"sameAs\":[],\"logo\":{\"@type\":\"ImageObject\",\"inLanguage\":\"pt-BR\",\"@id\":\"https:\/\/mainhardt.com.br\/contabilidade\/#\/schema\/logo\/image\/\",\"url\":\"https:\/\/mainhardt.com.br\/contabilidade\/wp-content\/uploads\/2022\/08\/Novo-Projeto-10.png\",\"contentUrl\":\"https:\/\/mainhardt.com.br\/contabilidade\/wp-content\/uploads\/2022\/08\/Novo-Projeto-10.png\",\"width\":170,\"height\":60,\"caption\":\"Mainhardt Contabilidade\"},\"image\":{\"@id\":\"https:\/\/mainhardt.com.br\/contabilidade\/#\/schema\/logo\/image\/\"}},{\"@type\":\"Person\",\"@id\":\"https:\/\/mainhardt.com.br\/contabilidade\/#\/schema\/person\/5adb86ff70668fe847c2e0cb754b35c1\",\"name\":\"Mainhardt\",\"image\":{\"@type\":\"ImageObject\",\"inLanguage\":\"pt-BR\",\"@id\":\"https:\/\/mainhardt.com.br\/contabilidade\/#\/schema\/person\/image\/\",\"url\":\"https:\/\/secure.gravatar.com\/avatar\/b5b5c6cabc18ed3906cf18c60e5aa253aaeba8af55a8c8b92af3925fd5c36d94?s=96&d=mm&r=g\",\"contentUrl\":\"https:\/\/secure.gravatar.com\/avatar\/b5b5c6cabc18ed3906cf18c60e5aa253aaeba8af55a8c8b92af3925fd5c36d94?s=96&d=mm&r=g\",\"caption\":\"Mainhardt\"},\"url\":\"https:\/\/mainhardt.com.br\/contabilidade\/author\/mainhardt\/\"}]}<\/script>\n<!-- \/ Yoast SEO plugin. -->","yoast_head_json":{"title":"Empresas dever\u00e3o emitir NF-e em vez de NFC-e para vendas a pessoas jur\u00eddicas com CNPJ a partir de 3 de novembro. - Mainhardt Contabilidade","robots":{"index":"index","follow":"follow","max-snippet":"max-snippet:-1","max-image-preview":"max-image-preview:large","max-video-preview":"max-video-preview:-1"},"canonical":"https:\/\/mainhardt.com.br\/contabilidade\/empresas-deverao-emitir-nf-e-em-vez-de-nfc-e-para-vendas-a-pessoas-juridicas-com-cnpj-a-partir-de-3-de-novembro\/","og_locale":"pt_BR","og_type":"article","og_title":"Empresas dever\u00e3o emitir NF-e em vez de NFC-e para vendas a pessoas jur\u00eddicas com CNPJ a partir de 3 de novembro. - Mainhardt Contabilidade","og_description":"O Conselho Nacional de Pol\u00edtica Fazend\u00e1ria (Confaz) publicou&nbsp;publicou no dia 30 de Abril de 2025, no Di\u00e1rio Oficial da Uni\u00e3o (DOU), os Ajustes SINIEF n\u00ba 11\/2025 e n\u00ba 12\/2025, que modificam as regras de emiss\u00e3o da&nbsp;Nota Fiscal&nbsp;de Consumidor Eletr\u00f4nica (NFC-e) e da Nota Fiscal Eletr\u00f4nica (NF-e). As altera\u00e7\u00f5es entram em vigor em 3 de novembro [&hellip;]","og_url":"https:\/\/mainhardt.com.br\/contabilidade\/empresas-deverao-emitir-nf-e-em-vez-de-nfc-e-para-vendas-a-pessoas-juridicas-com-cnpj-a-partir-de-3-de-novembro\/","og_site_name":"Mainhardt Contabilidade","article_published_time":"2025-06-02T13:09:49+00:00","og_image":[{"width":1080,"height":1350,"url":"http:\/\/mainhardt.com.br\/contabilidade\/wp-content\/uploads\/2025\/06\/41b53ab8167cac184d7ce4087eb60842.jpg","type":"image\/jpeg"}],"author":"Mainhardt","twitter_card":"summary_large_image","twitter_misc":{"Escrito por":"Mainhardt","Est. tempo de leitura":"4 minutos"},"schema":{"@context":"https:\/\/schema.org","@graph":[{"@type":"Article","@id":"https:\/\/mainhardt.com.br\/contabilidade\/empresas-deverao-emitir-nf-e-em-vez-de-nfc-e-para-vendas-a-pessoas-juridicas-com-cnpj-a-partir-de-3-de-novembro\/#article","isPartOf":{"@id":"https:\/\/mainhardt.com.br\/contabilidade\/empresas-deverao-emitir-nf-e-em-vez-de-nfc-e-para-vendas-a-pessoas-juridicas-com-cnpj-a-partir-de-3-de-novembro\/"},"author":{"name":"Mainhardt","@id":"https:\/\/mainhardt.com.br\/contabilidade\/#\/schema\/person\/5adb86ff70668fe847c2e0cb754b35c1"},"headline":"Empresas dever\u00e3o emitir NF-e em vez de NFC-e para vendas a pessoas jur\u00eddicas com CNPJ a partir de 3 de novembro.","datePublished":"2025-06-02T13:09:49+00:00","dateModified":"2025-06-02T13:09:49+00:00","mainEntityOfPage":{"@id":"https:\/\/mainhardt.com.br\/contabilidade\/empresas-deverao-emitir-nf-e-em-vez-de-nfc-e-para-vendas-a-pessoas-juridicas-com-cnpj-a-partir-de-3-de-novembro\/"},"wordCount":676,"commentCount":0,"publisher":{"@id":"https:\/\/mainhardt.com.br\/contabilidade\/#organization"},"articleSection":["Not\u00edcias"],"inLanguage":"pt-BR","potentialAction":[{"@type":"CommentAction","name":"Comment","target":["https:\/\/mainhardt.com.br\/contabilidade\/empresas-deverao-emitir-nf-e-em-vez-de-nfc-e-para-vendas-a-pessoas-juridicas-com-cnpj-a-partir-de-3-de-novembro\/#respond"]}]},{"@type":"WebPage","@id":"https:\/\/mainhardt.com.br\/contabilidade\/empresas-deverao-emitir-nf-e-em-vez-de-nfc-e-para-vendas-a-pessoas-juridicas-com-cnpj-a-partir-de-3-de-novembro\/","url":"https:\/\/mainhardt.com.br\/contabilidade\/empresas-deverao-emitir-nf-e-em-vez-de-nfc-e-para-vendas-a-pessoas-juridicas-com-cnpj-a-partir-de-3-de-novembro\/","name":"Empresas dever\u00e3o emitir NF-e em vez de NFC-e para vendas a pessoas jur\u00eddicas com CNPJ a partir de 3 de novembro. - Mainhardt Contabilidade","isPartOf":{"@id":"https:\/\/mainhardt.com.br\/contabilidade\/#website"},"datePublished":"2025-06-02T13:09:49+00:00","dateModified":"2025-06-02T13:09:49+00:00","breadcrumb":{"@id":"https:\/\/mainhardt.com.br\/contabilidade\/empresas-deverao-emitir-nf-e-em-vez-de-nfc-e-para-vendas-a-pessoas-juridicas-com-cnpj-a-partir-de-3-de-novembro\/#breadcrumb"},"inLanguage":"pt-BR","potentialAction":[{"@type":"ReadAction","target":["https:\/\/mainhardt.com.br\/contabilidade\/empresas-deverao-emitir-nf-e-em-vez-de-nfc-e-para-vendas-a-pessoas-juridicas-com-cnpj-a-partir-de-3-de-novembro\/"]}]},{"@type":"BreadcrumbList","@id":"https:\/\/mainhardt.com.br\/contabilidade\/empresas-deverao-emitir-nf-e-em-vez-de-nfc-e-para-vendas-a-pessoas-juridicas-com-cnpj-a-partir-de-3-de-novembro\/#breadcrumb","itemListElement":[{"@type":"ListItem","position":1,"name":"In\u00edcio","item":"https:\/\/mainhardt.com.br\/contabilidade\/"},{"@type":"ListItem","position":2,"name":"Empresas dever\u00e3o emitir NF-e em vez de NFC-e para vendas a pessoas jur\u00eddicas com CNPJ a partir de 3 de novembro."}]},{"@type":"WebSite","@id":"https:\/\/mainhardt.com.br\/contabilidade\/#website","url":"https:\/\/mainhardt.com.br\/contabilidade\/","name":"Mainhardt Contabilidade","description":"Contabilidade em Santa Catarina","publisher":{"@id":"https:\/\/mainhardt.com.br\/contabilidade\/#organization"},"potentialAction":[{"@type":"SearchAction","target":{"@type":"EntryPoint","urlTemplate":"https:\/\/mainhardt.com.br\/contabilidade\/?s={search_term_string}"},"query-input":"required name=search_term_string"}],"inLanguage":"pt-BR"},{"@type":"Organization","@id":"https:\/\/mainhardt.com.br\/contabilidade\/#organization","name":"Mainhardt Contabilidade","url":"https:\/\/mainhardt.com.br\/contabilidade\/","sameAs":[],"logo":{"@type":"ImageObject","inLanguage":"pt-BR","@id":"https:\/\/mainhardt.com.br\/contabilidade\/#\/schema\/logo\/image\/","url":"https:\/\/mainhardt.com.br\/contabilidade\/wp-content\/uploads\/2022\/08\/Novo-Projeto-10.png","contentUrl":"https:\/\/mainhardt.com.br\/contabilidade\/wp-content\/uploads\/2022\/08\/Novo-Projeto-10.png","width":170,"height":60,"caption":"Mainhardt Contabilidade"},"image":{"@id":"https:\/\/mainhardt.com.br\/contabilidade\/#\/schema\/logo\/image\/"}},{"@type":"Person","@id":"https:\/\/mainhardt.com.br\/contabilidade\/#\/schema\/person\/5adb86ff70668fe847c2e0cb754b35c1","name":"Mainhardt","image":{"@type":"ImageObject","inLanguage":"pt-BR","@id":"https:\/\/mainhardt.com.br\/contabilidade\/#\/schema\/person\/image\/","url":"https:\/\/secure.gravatar.com\/avatar\/b5b5c6cabc18ed3906cf18c60e5aa253aaeba8af55a8c8b92af3925fd5c36d94?s=96&d=mm&r=g","contentUrl":"https:\/\/secure.gravatar.com\/avatar\/b5b5c6cabc18ed3906cf18c60e5aa253aaeba8af55a8c8b92af3925fd5c36d94?s=96&d=mm&r=g","caption":"Mainhardt"},"url":"https:\/\/mainhardt.com.br\/contabilidade\/author\/mainhardt\/"}]}},"_links":{"self":[{"href":"https:\/\/mainhardt.com.br\/contabilidade\/wp-json\/wp\/v2\/posts\/2623","targetHints":{"allow":["GET"]}}],"collection":[{"href":"https:\/\/mainhardt.com.br\/contabilidade\/wp-json\/wp\/v2\/posts"}],"about":[{"href":"https:\/\/mainhardt.com.br\/contabilidade\/wp-json\/wp\/v2\/types\/post"}],"author":[{"embeddable":true,"href":"https:\/\/mainhardt.com.br\/contabilidade\/wp-json\/wp\/v2\/users\/4"}],"replies":[{"embeddable":true,"href":"https:\/\/mainhardt.com.br\/contabilidade\/wp-json\/wp\/v2\/comments?post=2623"}],"version-history":[{"count":1,"href":"https:\/\/mainhardt.com.br\/contabilidade\/wp-json\/wp\/v2\/posts\/2623\/revisions"}],"predecessor-version":[{"id":2625,"href":"https:\/\/mainhardt.com.br\/contabilidade\/wp-json\/wp\/v2\/posts\/2623\/revisions\/2625"}],"wp:featuredmedia":[{"embeddable":true,"href":"https:\/\/mainhardt.com.br\/contabilidade\/wp-json\/wp\/v2\/media\/2624"}],"wp:attachment":[{"href":"https:\/\/mainhardt.com.br\/contabilidade\/wp-json\/wp\/v2\/media?parent=2623"}],"wp:term":[{"taxonomy":"category","embeddable":true,"href":"https:\/\/mainhardt.com.br\/contabilidade\/wp-json\/wp\/v2\/categories?post=2623"},{"taxonomy":"post_tag","embeddable":true,"href":"https:\/\/mainhardt.com.br\/contabilidade\/wp-json\/wp\/v2\/tags?post=2623"}],"curies":[{"name":"wp","href":"https:\/\/api.w.org\/{rel}","templated":true}]}}