{"id":2646,"date":"2025-09-03T10:47:08","date_gmt":"2025-09-03T13:47:08","guid":{"rendered":"https:\/\/mainhardt.com.br\/contabilidade\/?p=2646"},"modified":"2025-09-03T10:47:08","modified_gmt":"2025-09-03T13:47:08","slug":"reforma-tributaria-tera-nova-compensacao-de-creditos-tributarios-a-partir-de-2026","status":"publish","type":"post","link":"https:\/\/mainhardt.com.br\/contabilidade\/reforma-tributaria-tera-nova-compensacao-de-creditos-tributarios-a-partir-de-2026\/","title":{"rendered":"Reforma tribut\u00e1ria ter\u00e1 nova compensa\u00e7\u00e3o de cr\u00e9ditos tribut\u00e1rios a partir de 2026"},"content":{"rendered":"\n<h2 class=\"wp-block-heading\">Desvendando a Reforma tribut\u00e1ria: Cr\u00e9ditos e o novo cen\u00e1rio fiscal<\/h2>\n\n\n\n<p>A <strong>Reforma tribut\u00e1ria<\/strong> est\u00e1 chegando, e com ela, uma <strong>nova sistem\u00e1tica para a compensa\u00e7\u00e3o de cr\u00e9ditos tribut\u00e1rios<\/strong>. A partir de <strong>2026<\/strong>, a forma como sua empresa recupera impostos pagos vai mudar significativamente, impactando diretamente o dia a dia fiscal e financeiro.<\/p>\n\n\n\n<p><strong>Os pilares da mudan\u00e7a:<\/strong><\/p>\n\n\n\n<p>Com a introdu\u00e7\u00e3o da <strong>Contribui\u00e7\u00e3o sobre Bens e Servi\u00e7os (CBS)<\/strong> e do <strong>Imposto sobre Bens e Servi\u00e7os (IBS)<\/strong>, a ideia \u00e9 modernizar e simplificar. Veja o que vem por a\u00ed:<\/p>\n\n\n\n<p><strong>Compensa\u00e7\u00e3o de cr\u00e9ditos automatizada:<\/strong><\/p>\n\n\n\n<p>Ser\u00e1 feita de forma autom\u00e1tica, vinculada ao novo <strong>documento fiscal eletr\u00f4nico (ROC &#8211; Registro de Opera\u00e7\u00e3o de Consumo)<\/strong>.<\/p>\n\n\n\n<p>O objetivo \u00e9 eliminar a demora na recupera\u00e7\u00e3o de cr\u00e9ditos, calculando-os em tempo real na transa\u00e7\u00e3o.<\/p>\n\n\n\n<p><strong>Split Payment (Pagamento fatiado):<\/strong><\/p>\n\n\n\n<p>Este \u00e9 um dos grandes avan\u00e7os: o imposto ser\u00e1 <strong>retido automaticamente<\/strong> no momento da opera\u00e7\u00e3o e direcionado diretamente ao fisco, sem passar pelo caixa da empresa.<\/p>\n\n\n\n<p>Isso promete maior seguran\u00e7a e redu\u00e7\u00e3o da inadimpl\u00eancia, mas exigir\u00e1 uma <strong>adapta\u00e7\u00e3o na gest\u00e3o do seu fluxo de caixa<\/strong>.<\/p>\n\n\n\n<p><strong>Continuidade do fechamento mensal:<\/strong><\/p>\n\n\n\n<p>Mesmo com a automa\u00e7\u00e3o, o <strong>fechamento mensal<\/strong> de d\u00e9bitos e cr\u00e9ditos ser\u00e1 mantido.<\/p>\n\n\n\n<p>Cr\u00e9ditos n\u00e3o aproveitados automaticamente poder\u00e3o ser demonstrados e solicitados (\u00e0 Receita Federal para CBS e ao Comit\u00ea Gestor do IBS para IBS).<\/p>\n\n\n\n<p><strong>Cr\u00e9ditos vedados:<\/strong><\/p>\n\n\n\n<p>Aten\u00e7\u00e3o: alguns itens, como bebidas alco\u00f3licas, tabaco e servi\u00e7os est\u00e9ticos, <strong>continuar\u00e3o sem direito a cr\u00e9dito<\/strong>, mantendo as restri\u00e7\u00f5es atuais.<\/p>\n\n\n\n<p><strong>O que sua empresa precisa fazer?<\/strong><\/p>\n\n\n\n<p>A adapta\u00e7\u00e3o \u00e9 crucial para n\u00e3o perder oportunidades e evitar problemas. \u00c9 fundamental:<\/p>\n\n\n\n<p><strong>Integrar setores:<\/strong> Contabilidade, fiscal, financeiro e jur\u00eddico devem trabalhar em conjunto.<\/p>\n\n\n\n<p><strong>Revisar processos:<\/strong> Sua pol\u00edtica de pre\u00e7os, prazos e recebimentos pode precisar de ajustes.<\/p>\n\n\n\n<p><strong>Investir em tecnologia:<\/strong> Sistemas que garantam a conformidade com o ROC e o split payment ser\u00e3o indispens\u00e1veis.<\/p>\n\n\n\n<p><strong>Capacitar equipes:<\/strong> Garanta que seus colaboradores entendam as novas regras e procedimentos.<\/p>\n\n\n\n<p><strong>Benef\u00edcios e desafios da transi\u00e7\u00e3o:<\/strong><\/p>\n\n\n\n<p>A expectativa \u00e9 de <strong>menos burocracia<\/strong>, <strong>maior transpar\u00eancia<\/strong> e <strong>redu\u00e7\u00e3o de lit\u00edgios<\/strong>. No entanto, a fase de transi\u00e7\u00e3o (de 2026 a 2033) ser\u00e1 um desafio, exigindo um planejamento minucioso, especialmente para empresas com opera\u00e7\u00f5es complexas.<\/p>\n\n\n\n<p>Sua empresa j\u00e1 est\u00e1 se preparando para essas mudan\u00e7as? O planejamento agora far\u00e1 toda a diferen\u00e7a no futuro!<\/p>\n","protected":false},"excerpt":{"rendered":"<p>Desvendando a Reforma tribut\u00e1ria: Cr\u00e9ditos e o novo cen\u00e1rio fiscal A Reforma tribut\u00e1ria est\u00e1 chegando, e com ela, uma nova sistem\u00e1tica para a compensa\u00e7\u00e3o de cr\u00e9ditos tribut\u00e1rios. A partir de 2026, a forma como sua empresa recupera impostos pagos vai mudar significativamente, impactando diretamente o dia a dia fiscal e financeiro. Os pilares da mudan\u00e7a: [&hellip;]<\/p>\n","protected":false},"author":4,"featured_media":2647,"comment_status":"open","ping_status":"open","sticky":false,"template":"","format":"standard","meta":{"footnotes":""},"categories":[1],"tags":[],"class_list":["post-2646","post","type-post","status-publish","format-standard","has-post-thumbnail","hentry","category-noticias"],"yoast_head":"<!-- This site is optimized with the Yoast SEO plugin v19.6.1 - https:\/\/yoast.com\/wordpress\/plugins\/seo\/ -->\n<title>Reforma tribut\u00e1ria ter\u00e1 nova compensa\u00e7\u00e3o de cr\u00e9ditos tribut\u00e1rios a partir de 2026 - Mainhardt Contabilidade<\/title>\n<meta name=\"robots\" content=\"index, follow, max-snippet:-1, max-image-preview:large, max-video-preview:-1\" \/>\n<link rel=\"canonical\" href=\"https:\/\/mainhardt.com.br\/contabilidade\/reforma-tributaria-tera-nova-compensacao-de-creditos-tributarios-a-partir-de-2026\/\" \/>\n<meta property=\"og:locale\" content=\"pt_BR\" \/>\n<meta property=\"og:type\" content=\"article\" \/>\n<meta property=\"og:title\" content=\"Reforma tribut\u00e1ria ter\u00e1 nova compensa\u00e7\u00e3o de cr\u00e9ditos tribut\u00e1rios a partir de 2026 - Mainhardt Contabilidade\" \/>\n<meta property=\"og:description\" content=\"Desvendando a Reforma tribut\u00e1ria: Cr\u00e9ditos e o novo cen\u00e1rio fiscal A Reforma tribut\u00e1ria est\u00e1 chegando, e com ela, uma nova sistem\u00e1tica para a compensa\u00e7\u00e3o de cr\u00e9ditos tribut\u00e1rios. A partir de 2026, a forma como sua empresa recupera impostos pagos vai mudar significativamente, impactando diretamente o dia a dia fiscal e financeiro. Os pilares da mudan\u00e7a: [&hellip;]\" \/>\n<meta property=\"og:url\" content=\"https:\/\/mainhardt.com.br\/contabilidade\/reforma-tributaria-tera-nova-compensacao-de-creditos-tributarios-a-partir-de-2026\/\" \/>\n<meta property=\"og:site_name\" content=\"Mainhardt Contabilidade\" \/>\n<meta property=\"article:published_time\" content=\"2025-09-03T13:47:08+00:00\" \/>\n<meta property=\"og:image\" content=\"http:\/\/mainhardt.com.br\/contabilidade\/wp-content\/uploads\/2025\/09\/24f85ce60cbccc33f5036b3e3c7899db.jpg\" \/>\n\t<meta property=\"og:image:width\" content=\"1080\" \/>\n\t<meta property=\"og:image:height\" content=\"1350\" \/>\n\t<meta property=\"og:image:type\" content=\"image\/jpeg\" \/>\n<meta name=\"author\" content=\"Mainhardt\" \/>\n<meta name=\"twitter:card\" content=\"summary_large_image\" \/>\n<meta name=\"twitter:label1\" content=\"Escrito por\" \/>\n\t<meta name=\"twitter:data1\" content=\"Mainhardt\" \/>\n<script type=\"application\/ld+json\" class=\"yoast-schema-graph\">{\"@context\":\"https:\/\/schema.org\",\"@graph\":[{\"@type\":\"Article\",\"@id\":\"https:\/\/mainhardt.com.br\/contabilidade\/reforma-tributaria-tera-nova-compensacao-de-creditos-tributarios-a-partir-de-2026\/#article\",\"isPartOf\":{\"@id\":\"https:\/\/mainhardt.com.br\/contabilidade\/reforma-tributaria-tera-nova-compensacao-de-creditos-tributarios-a-partir-de-2026\/\"},\"author\":{\"name\":\"Mainhardt\",\"@id\":\"https:\/\/mainhardt.com.br\/contabilidade\/#\/schema\/person\/5adb86ff70668fe847c2e0cb754b35c1\"},\"headline\":\"Reforma tribut\u00e1ria ter\u00e1 nova compensa\u00e7\u00e3o de cr\u00e9ditos tribut\u00e1rios a partir de 2026\",\"datePublished\":\"2025-09-03T13:47:08+00:00\",\"dateModified\":\"2025-09-03T13:47:08+00:00\",\"mainEntityOfPage\":{\"@id\":\"https:\/\/mainhardt.com.br\/contabilidade\/reforma-tributaria-tera-nova-compensacao-de-creditos-tributarios-a-partir-de-2026\/\"},\"wordCount\":425,\"commentCount\":0,\"publisher\":{\"@id\":\"https:\/\/mainhardt.com.br\/contabilidade\/#organization\"},\"articleSection\":[\"Not\u00edcias\"],\"inLanguage\":\"pt-BR\",\"potentialAction\":[{\"@type\":\"CommentAction\",\"name\":\"Comment\",\"target\":[\"https:\/\/mainhardt.com.br\/contabilidade\/reforma-tributaria-tera-nova-compensacao-de-creditos-tributarios-a-partir-de-2026\/#respond\"]}]},{\"@type\":\"WebPage\",\"@id\":\"https:\/\/mainhardt.com.br\/contabilidade\/reforma-tributaria-tera-nova-compensacao-de-creditos-tributarios-a-partir-de-2026\/\",\"url\":\"https:\/\/mainhardt.com.br\/contabilidade\/reforma-tributaria-tera-nova-compensacao-de-creditos-tributarios-a-partir-de-2026\/\",\"name\":\"Reforma tribut\u00e1ria ter\u00e1 nova compensa\u00e7\u00e3o de cr\u00e9ditos tribut\u00e1rios a partir de 2026 - Mainhardt Contabilidade\",\"isPartOf\":{\"@id\":\"https:\/\/mainhardt.com.br\/contabilidade\/#website\"},\"datePublished\":\"2025-09-03T13:47:08+00:00\",\"dateModified\":\"2025-09-03T13:47:08+00:00\",\"breadcrumb\":{\"@id\":\"https:\/\/mainhardt.com.br\/contabilidade\/reforma-tributaria-tera-nova-compensacao-de-creditos-tributarios-a-partir-de-2026\/#breadcrumb\"},\"inLanguage\":\"pt-BR\",\"potentialAction\":[{\"@type\":\"ReadAction\",\"target\":[\"https:\/\/mainhardt.com.br\/contabilidade\/reforma-tributaria-tera-nova-compensacao-de-creditos-tributarios-a-partir-de-2026\/\"]}]},{\"@type\":\"BreadcrumbList\",\"@id\":\"https:\/\/mainhardt.com.br\/contabilidade\/reforma-tributaria-tera-nova-compensacao-de-creditos-tributarios-a-partir-de-2026\/#breadcrumb\",\"itemListElement\":[{\"@type\":\"ListItem\",\"position\":1,\"name\":\"In\u00edcio\",\"item\":\"https:\/\/mainhardt.com.br\/contabilidade\/\"},{\"@type\":\"ListItem\",\"position\":2,\"name\":\"Reforma tribut\u00e1ria ter\u00e1 nova compensa\u00e7\u00e3o de cr\u00e9ditos tribut\u00e1rios a partir de 2026\"}]},{\"@type\":\"WebSite\",\"@id\":\"https:\/\/mainhardt.com.br\/contabilidade\/#website\",\"url\":\"https:\/\/mainhardt.com.br\/contabilidade\/\",\"name\":\"Mainhardt Contabilidade\",\"description\":\"Contabilidade em Santa Catarina\",\"publisher\":{\"@id\":\"https:\/\/mainhardt.com.br\/contabilidade\/#organization\"},\"potentialAction\":[{\"@type\":\"SearchAction\",\"target\":{\"@type\":\"EntryPoint\",\"urlTemplate\":\"https:\/\/mainhardt.com.br\/contabilidade\/?s={search_term_string}\"},\"query-input\":\"required name=search_term_string\"}],\"inLanguage\":\"pt-BR\"},{\"@type\":\"Organization\",\"@id\":\"https:\/\/mainhardt.com.br\/contabilidade\/#organization\",\"name\":\"Mainhardt Contabilidade\",\"url\":\"https:\/\/mainhardt.com.br\/contabilidade\/\",\"sameAs\":[],\"logo\":{\"@type\":\"ImageObject\",\"inLanguage\":\"pt-BR\",\"@id\":\"https:\/\/mainhardt.com.br\/contabilidade\/#\/schema\/logo\/image\/\",\"url\":\"https:\/\/mainhardt.com.br\/contabilidade\/wp-content\/uploads\/2022\/08\/Novo-Projeto-10.png\",\"contentUrl\":\"https:\/\/mainhardt.com.br\/contabilidade\/wp-content\/uploads\/2022\/08\/Novo-Projeto-10.png\",\"width\":170,\"height\":60,\"caption\":\"Mainhardt Contabilidade\"},\"image\":{\"@id\":\"https:\/\/mainhardt.com.br\/contabilidade\/#\/schema\/logo\/image\/\"}},{\"@type\":\"Person\",\"@id\":\"https:\/\/mainhardt.com.br\/contabilidade\/#\/schema\/person\/5adb86ff70668fe847c2e0cb754b35c1\",\"name\":\"Mainhardt\",\"image\":{\"@type\":\"ImageObject\",\"inLanguage\":\"pt-BR\",\"@id\":\"https:\/\/mainhardt.com.br\/contabilidade\/#\/schema\/person\/image\/\",\"url\":\"https:\/\/secure.gravatar.com\/avatar\/b5b5c6cabc18ed3906cf18c60e5aa253aaeba8af55a8c8b92af3925fd5c36d94?s=96&d=mm&r=g\",\"contentUrl\":\"https:\/\/secure.gravatar.com\/avatar\/b5b5c6cabc18ed3906cf18c60e5aa253aaeba8af55a8c8b92af3925fd5c36d94?s=96&d=mm&r=g\",\"caption\":\"Mainhardt\"},\"url\":\"https:\/\/mainhardt.com.br\/contabilidade\/author\/mainhardt\/\"}]}<\/script>\n<!-- \/ Yoast SEO plugin. -->","yoast_head_json":{"title":"Reforma tribut\u00e1ria ter\u00e1 nova compensa\u00e7\u00e3o de cr\u00e9ditos tribut\u00e1rios a partir de 2026 - Mainhardt Contabilidade","robots":{"index":"index","follow":"follow","max-snippet":"max-snippet:-1","max-image-preview":"max-image-preview:large","max-video-preview":"max-video-preview:-1"},"canonical":"https:\/\/mainhardt.com.br\/contabilidade\/reforma-tributaria-tera-nova-compensacao-de-creditos-tributarios-a-partir-de-2026\/","og_locale":"pt_BR","og_type":"article","og_title":"Reforma tribut\u00e1ria ter\u00e1 nova compensa\u00e7\u00e3o de cr\u00e9ditos tribut\u00e1rios a partir de 2026 - Mainhardt Contabilidade","og_description":"Desvendando a Reforma tribut\u00e1ria: Cr\u00e9ditos e o novo cen\u00e1rio fiscal A Reforma tribut\u00e1ria est\u00e1 chegando, e com ela, uma nova sistem\u00e1tica para a compensa\u00e7\u00e3o de cr\u00e9ditos tribut\u00e1rios. A partir de 2026, a forma como sua empresa recupera impostos pagos vai mudar significativamente, impactando diretamente o dia a dia fiscal e financeiro. Os pilares da mudan\u00e7a: [&hellip;]","og_url":"https:\/\/mainhardt.com.br\/contabilidade\/reforma-tributaria-tera-nova-compensacao-de-creditos-tributarios-a-partir-de-2026\/","og_site_name":"Mainhardt Contabilidade","article_published_time":"2025-09-03T13:47:08+00:00","og_image":[{"width":1080,"height":1350,"url":"http:\/\/mainhardt.com.br\/contabilidade\/wp-content\/uploads\/2025\/09\/24f85ce60cbccc33f5036b3e3c7899db.jpg","type":"image\/jpeg"}],"author":"Mainhardt","twitter_card":"summary_large_image","twitter_misc":{"Escrito por":"Mainhardt"},"schema":{"@context":"https:\/\/schema.org","@graph":[{"@type":"Article","@id":"https:\/\/mainhardt.com.br\/contabilidade\/reforma-tributaria-tera-nova-compensacao-de-creditos-tributarios-a-partir-de-2026\/#article","isPartOf":{"@id":"https:\/\/mainhardt.com.br\/contabilidade\/reforma-tributaria-tera-nova-compensacao-de-creditos-tributarios-a-partir-de-2026\/"},"author":{"name":"Mainhardt","@id":"https:\/\/mainhardt.com.br\/contabilidade\/#\/schema\/person\/5adb86ff70668fe847c2e0cb754b35c1"},"headline":"Reforma tribut\u00e1ria ter\u00e1 nova compensa\u00e7\u00e3o de cr\u00e9ditos tribut\u00e1rios a partir de 2026","datePublished":"2025-09-03T13:47:08+00:00","dateModified":"2025-09-03T13:47:08+00:00","mainEntityOfPage":{"@id":"https:\/\/mainhardt.com.br\/contabilidade\/reforma-tributaria-tera-nova-compensacao-de-creditos-tributarios-a-partir-de-2026\/"},"wordCount":425,"commentCount":0,"publisher":{"@id":"https:\/\/mainhardt.com.br\/contabilidade\/#organization"},"articleSection":["Not\u00edcias"],"inLanguage":"pt-BR","potentialAction":[{"@type":"CommentAction","name":"Comment","target":["https:\/\/mainhardt.com.br\/contabilidade\/reforma-tributaria-tera-nova-compensacao-de-creditos-tributarios-a-partir-de-2026\/#respond"]}]},{"@type":"WebPage","@id":"https:\/\/mainhardt.com.br\/contabilidade\/reforma-tributaria-tera-nova-compensacao-de-creditos-tributarios-a-partir-de-2026\/","url":"https:\/\/mainhardt.com.br\/contabilidade\/reforma-tributaria-tera-nova-compensacao-de-creditos-tributarios-a-partir-de-2026\/","name":"Reforma tribut\u00e1ria ter\u00e1 nova compensa\u00e7\u00e3o de cr\u00e9ditos tribut\u00e1rios a partir de 2026 - Mainhardt Contabilidade","isPartOf":{"@id":"https:\/\/mainhardt.com.br\/contabilidade\/#website"},"datePublished":"2025-09-03T13:47:08+00:00","dateModified":"2025-09-03T13:47:08+00:00","breadcrumb":{"@id":"https:\/\/mainhardt.com.br\/contabilidade\/reforma-tributaria-tera-nova-compensacao-de-creditos-tributarios-a-partir-de-2026\/#breadcrumb"},"inLanguage":"pt-BR","potentialAction":[{"@type":"ReadAction","target":["https:\/\/mainhardt.com.br\/contabilidade\/reforma-tributaria-tera-nova-compensacao-de-creditos-tributarios-a-partir-de-2026\/"]}]},{"@type":"BreadcrumbList","@id":"https:\/\/mainhardt.com.br\/contabilidade\/reforma-tributaria-tera-nova-compensacao-de-creditos-tributarios-a-partir-de-2026\/#breadcrumb","itemListElement":[{"@type":"ListItem","position":1,"name":"In\u00edcio","item":"https:\/\/mainhardt.com.br\/contabilidade\/"},{"@type":"ListItem","position":2,"name":"Reforma tribut\u00e1ria ter\u00e1 nova compensa\u00e7\u00e3o de cr\u00e9ditos tribut\u00e1rios a partir de 2026"}]},{"@type":"WebSite","@id":"https:\/\/mainhardt.com.br\/contabilidade\/#website","url":"https:\/\/mainhardt.com.br\/contabilidade\/","name":"Mainhardt Contabilidade","description":"Contabilidade em Santa Catarina","publisher":{"@id":"https:\/\/mainhardt.com.br\/contabilidade\/#organization"},"potentialAction":[{"@type":"SearchAction","target":{"@type":"EntryPoint","urlTemplate":"https:\/\/mainhardt.com.br\/contabilidade\/?s={search_term_string}"},"query-input":"required name=search_term_string"}],"inLanguage":"pt-BR"},{"@type":"Organization","@id":"https:\/\/mainhardt.com.br\/contabilidade\/#organization","name":"Mainhardt Contabilidade","url":"https:\/\/mainhardt.com.br\/contabilidade\/","sameAs":[],"logo":{"@type":"ImageObject","inLanguage":"pt-BR","@id":"https:\/\/mainhardt.com.br\/contabilidade\/#\/schema\/logo\/image\/","url":"https:\/\/mainhardt.com.br\/contabilidade\/wp-content\/uploads\/2022\/08\/Novo-Projeto-10.png","contentUrl":"https:\/\/mainhardt.com.br\/contabilidade\/wp-content\/uploads\/2022\/08\/Novo-Projeto-10.png","width":170,"height":60,"caption":"Mainhardt Contabilidade"},"image":{"@id":"https:\/\/mainhardt.com.br\/contabilidade\/#\/schema\/logo\/image\/"}},{"@type":"Person","@id":"https:\/\/mainhardt.com.br\/contabilidade\/#\/schema\/person\/5adb86ff70668fe847c2e0cb754b35c1","name":"Mainhardt","image":{"@type":"ImageObject","inLanguage":"pt-BR","@id":"https:\/\/mainhardt.com.br\/contabilidade\/#\/schema\/person\/image\/","url":"https:\/\/secure.gravatar.com\/avatar\/b5b5c6cabc18ed3906cf18c60e5aa253aaeba8af55a8c8b92af3925fd5c36d94?s=96&d=mm&r=g","contentUrl":"https:\/\/secure.gravatar.com\/avatar\/b5b5c6cabc18ed3906cf18c60e5aa253aaeba8af55a8c8b92af3925fd5c36d94?s=96&d=mm&r=g","caption":"Mainhardt"},"url":"https:\/\/mainhardt.com.br\/contabilidade\/author\/mainhardt\/"}]}},"_links":{"self":[{"href":"https:\/\/mainhardt.com.br\/contabilidade\/wp-json\/wp\/v2\/posts\/2646","targetHints":{"allow":["GET"]}}],"collection":[{"href":"https:\/\/mainhardt.com.br\/contabilidade\/wp-json\/wp\/v2\/posts"}],"about":[{"href":"https:\/\/mainhardt.com.br\/contabilidade\/wp-json\/wp\/v2\/types\/post"}],"author":[{"embeddable":true,"href":"https:\/\/mainhardt.com.br\/contabilidade\/wp-json\/wp\/v2\/users\/4"}],"replies":[{"embeddable":true,"href":"https:\/\/mainhardt.com.br\/contabilidade\/wp-json\/wp\/v2\/comments?post=2646"}],"version-history":[{"count":1,"href":"https:\/\/mainhardt.com.br\/contabilidade\/wp-json\/wp\/v2\/posts\/2646\/revisions"}],"predecessor-version":[{"id":2648,"href":"https:\/\/mainhardt.com.br\/contabilidade\/wp-json\/wp\/v2\/posts\/2646\/revisions\/2648"}],"wp:featuredmedia":[{"embeddable":true,"href":"https:\/\/mainhardt.com.br\/contabilidade\/wp-json\/wp\/v2\/media\/2647"}],"wp:attachment":[{"href":"https:\/\/mainhardt.com.br\/contabilidade\/wp-json\/wp\/v2\/media?parent=2646"}],"wp:term":[{"taxonomy":"category","embeddable":true,"href":"https:\/\/mainhardt.com.br\/contabilidade\/wp-json\/wp\/v2\/categories?post=2646"},{"taxonomy":"post_tag","embeddable":true,"href":"https:\/\/mainhardt.com.br\/contabilidade\/wp-json\/wp\/v2\/tags?post=2646"}],"curies":[{"name":"wp","href":"https:\/\/api.w.org\/{rel}","templated":true}]}}