{"id":403,"date":"2021-08-12T15:48:11","date_gmt":"2021-08-12T18:48:11","guid":{"rendered":"https:\/\/www.mainhardt.com.br\/?p=403"},"modified":"2021-08-12T15:48:11","modified_gmt":"2021-08-12T18:48:11","slug":"como-o-programa-catarinense-de-recuperacao-fiscal-pode-beneficiar-sua-empresa","status":"publish","type":"post","link":"https:\/\/mainhardt.com.br\/contabilidade\/como-o-programa-catarinense-de-recuperacao-fiscal-pode-beneficiar-sua-empresa\/","title":{"rendered":"Como o Programa Catarinense de Recupera\u00e7\u00e3o Fiscal pode beneficiar sua empresa"},"content":{"rendered":"\n<p>Foi sancionado pelo governador do Estado o Programa Catarinense de Recupera\u00e7\u00e3o Fiscal de 2021 (PREFIS-SC\/2021), que tem como objeto solucionar problemas de endividamentos fiscais ocorridos no per\u00edodo da Pandemia.<\/p>\n\n\n\n<p>Em regra geral, o PREFIS permite a regulariza\u00e7\u00e3o dos d\u00e9bitos tribut\u00e1rios relativos ao ICMS, ITCMD e IPVA com redu\u00e7\u00e3o de multa e juros, com prazo de pagamento de at\u00e9 60 (sessenta) meses.<\/p>\n\n\n\n<p>ICMS<\/p>\n\n\n\n<p>Poder\u00e3o ser objeto do PREFIS, o ICMS com fato gerador at\u00e9 31 de dezembro de 2020.<\/p>\n\n\n\n<p>Modalidade parcelada:<\/p>\n\n\n\n<p>Fatos Geradores: entre 1\u00ba de mar\u00e7o de 2020 e 31 de dezembro de 2020.<\/p>\n\n\n\n<p>Primeiro pagamento: at\u00e9 31 de agosto de 2021.<\/p>\n\n\n\n<p>A redu\u00e7\u00e3o de multa e juros obedecer\u00e1 a seguinte propor\u00e7\u00e3o, sendo que:<\/p>\n\n\n\n<p>30% &#8211; na hip\u00f3tese de pagamento parcelado em at\u00e9 60 (sessenta) presta\u00e7\u00f5es mensais, iguais e sucessivas.<br>50% &#8211; na hip\u00f3tese de pagamento parcelado em at\u00e9 48 (quarenta e oito) presta\u00e7\u00f5es mensais, iguais e sucessivas.<br>60% &#8211; na hip\u00f3tese de pagamento parcelado em at\u00e9 36 (trinta e seis) presta\u00e7\u00f5es mensais, iguais e sucessivas.<br>75% &#8211; na hip\u00f3tese de pagamento parcelado em at\u00e9 24 (vinte e quatro) presta\u00e7\u00f5es mensais, iguais e sucessivas.<br>80% &#8211; na hip\u00f3tese de pagamento parcelado em at\u00e9 12 (doze) presta\u00e7\u00f5es mensais, iguais e sucessivas.<br>Modalidade parcela \u00fanica<\/p>\n\n\n\n<p>Fatos Geradores: at\u00e9 31 de dezembro de 2020.<\/p>\n\n\n\n<p>A redu\u00e7\u00e3o de multa e juros obedecer\u00e1 a seguinte propor\u00e7\u00e3o, sendo que 90% &#8211; hip\u00f3tese de pagamento do d\u00e9bito em parcela \u00fanica at\u00e9 31 de agosto de 2021.<\/p>\n\n\n\n<p>ITCMD<\/p>\n\n\n\n<p>Poder\u00e3o ser objeto do PREFIS os seguintes cr\u00e9ditos tribut\u00e1rios de ITCMD:<\/p>\n\n\n\n<p>N\u00e3o constitu\u00eddos de of\u00edcio, vencidos at\u00e9 31 de dezembro de 2020.<br>Constitu\u00eddos de of\u00edcio at\u00e9 31 de dezembro de 2020, inscritos ou n\u00e3o em d\u00edvida ativa;<br>Redu\u00e7\u00e3o de multa e juros at\u00e9 90%.<br>IPVA<\/p>\n\n\n\n<p>Poder\u00e3o ser objeto do PREFIS os cr\u00e9ditos tribut\u00e1rios relativos ao IPVA, constitu\u00eddos ou n\u00e3o, inscritos ou n\u00e3o em d\u00edvida ativa, com as seguintes regras:<\/p>\n\n\n\n<p>Fatos Geradores: at\u00e9 31 de dezembro de 2020.<br>Redu\u00e7\u00e3o de 90% (noventa por cento), na hip\u00f3tese de pagamento integral do d\u00e9bito at\u00e9 31 de agosto de 2021.<br>O PREFIS-SC\/2021 revela-se como uma interessante oportunidade de regulariza\u00e7\u00e3o de d\u00e9bitos fiscais junto ao Governo do Estado. Por exemplo, levando-se em considera\u00e7\u00e3o que em muitos casos a multa e os juros comp\u00f5e a maior parte da d\u00edvida fiscal do contribuinte, uma redu\u00e7\u00e3o de 90% nessas rubricas implicaria em um desconto de mais de 50% do valor devido.<\/p>\n\n\n\n<p>A Mainhardt Contabilidade disp\u00f5e de um time de profissionais especializados em quest\u00f5es tribut\u00e1rias e fiscais, com amplo conhecimento das quest\u00f5es ligadas a programas de recupera\u00e7\u00e3o fiscal como o PREFIS.<\/p>\n\n\n\n<p>Em caso de d\u00favidas, entre em contato e conte conosco para todos os esclarecimentos que necessitar:<\/p>\n\n\n\n<p><\/p>\n\n\n\n<p><\/p>\n\n\n\n<p><\/p>\n\n\n\n<p><\/p>\n\n\n\n<p>  <\/p>\n\n\n\n<p><\/p>\n","protected":false},"excerpt":{"rendered":"<p>Foi sancionado pelo governador do Estado o Programa Catarinense de Recupera\u00e7\u00e3o Fiscal de 2021 (PREFIS-SC\/2021), que tem como objeto solucionar problemas de endividamentos fiscais ocorridos no per\u00edodo da Pandemia. Em regra geral, o PREFIS permite a regulariza\u00e7\u00e3o dos d\u00e9bitos tribut\u00e1rios relativos ao ICMS, ITCMD e IPVA com redu\u00e7\u00e3o de multa e juros, com prazo de [&hellip;]<\/p>\n","protected":false},"author":1,"featured_media":365,"comment_status":"open","ping_status":"open","sticky":false,"template":"","format":"standard","meta":{"footnotes":""},"categories":[1],"tags":[],"class_list":["post-403","post","type-post","status-publish","format-standard","has-post-thumbnail","hentry","category-noticias"],"yoast_head":"<!-- This site is optimized with the Yoast SEO plugin v19.6.1 - https:\/\/yoast.com\/wordpress\/plugins\/seo\/ -->\n<title>Como o Programa Catarinense de Recupera\u00e7\u00e3o Fiscal pode beneficiar sua empresa - Mainhardt Contabilidade<\/title>\n<meta name=\"robots\" content=\"index, follow, max-snippet:-1, max-image-preview:large, max-video-preview:-1\" \/>\n<link rel=\"canonical\" href=\"https:\/\/mainhardt.com.br\/contabilidade\/como-o-programa-catarinense-de-recuperacao-fiscal-pode-beneficiar-sua-empresa\/\" \/>\n<meta property=\"og:locale\" content=\"pt_BR\" \/>\n<meta property=\"og:type\" content=\"article\" \/>\n<meta property=\"og:title\" content=\"Como o Programa Catarinense de Recupera\u00e7\u00e3o Fiscal pode beneficiar sua empresa - Mainhardt Contabilidade\" \/>\n<meta property=\"og:description\" content=\"Foi sancionado pelo governador do Estado o Programa Catarinense de Recupera\u00e7\u00e3o Fiscal de 2021 (PREFIS-SC\/2021), que tem como objeto solucionar problemas de endividamentos fiscais ocorridos no per\u00edodo da Pandemia. Em regra geral, o PREFIS permite a regulariza\u00e7\u00e3o dos d\u00e9bitos tribut\u00e1rios relativos ao ICMS, ITCMD e IPVA com redu\u00e7\u00e3o de multa e juros, com prazo de [&hellip;]\" \/>\n<meta property=\"og:url\" content=\"https:\/\/mainhardt.com.br\/contabilidade\/como-o-programa-catarinense-de-recuperacao-fiscal-pode-beneficiar-sua-empresa\/\" \/>\n<meta property=\"og:site_name\" content=\"Mainhardt Contabilidade\" \/>\n<meta property=\"article:published_time\" content=\"2021-08-12T18:48:11+00:00\" \/>\n<meta property=\"og:image\" content=\"http:\/\/mainhardt.com.br\/contabilidade\/wp-content\/uploads\/2021\/06\/fundo-azul.jpg\" \/>\n\t<meta property=\"og:image:width\" content=\"580\" \/>\n\t<meta property=\"og:image:height\" content=\"580\" \/>\n\t<meta property=\"og:image:type\" content=\"image\/jpeg\" \/>\n<meta name=\"author\" content=\"su.wp\" \/>\n<meta name=\"twitter:card\" content=\"summary_large_image\" \/>\n<meta name=\"twitter:label1\" content=\"Escrito por\" \/>\n\t<meta name=\"twitter:data1\" content=\"su.wp\" \/>\n\t<meta name=\"twitter:label2\" content=\"Est. tempo de leitura\" \/>\n\t<meta name=\"twitter:data2\" content=\"2 minutos\" \/>\n<script type=\"application\/ld+json\" class=\"yoast-schema-graph\">{\"@context\":\"https:\/\/schema.org\",\"@graph\":[{\"@type\":\"Article\",\"@id\":\"https:\/\/mainhardt.com.br\/contabilidade\/como-o-programa-catarinense-de-recuperacao-fiscal-pode-beneficiar-sua-empresa\/#article\",\"isPartOf\":{\"@id\":\"https:\/\/mainhardt.com.br\/contabilidade\/como-o-programa-catarinense-de-recuperacao-fiscal-pode-beneficiar-sua-empresa\/\"},\"author\":{\"name\":\"su.wp\",\"@id\":\"https:\/\/mainhardt.com.br\/contabilidade\/#\/schema\/person\/fbae9da6eebfcbf5302053bba49451b5\"},\"headline\":\"Como o Programa Catarinense de Recupera\u00e7\u00e3o Fiscal pode beneficiar sua empresa\",\"datePublished\":\"2021-08-12T18:48:11+00:00\",\"dateModified\":\"2021-08-12T18:48:11+00:00\",\"mainEntityOfPage\":{\"@id\":\"https:\/\/mainhardt.com.br\/contabilidade\/como-o-programa-catarinense-de-recuperacao-fiscal-pode-beneficiar-sua-empresa\/\"},\"wordCount\":470,\"commentCount\":0,\"publisher\":{\"@id\":\"https:\/\/mainhardt.com.br\/contabilidade\/#organization\"},\"articleSection\":[\"Not\u00edcias\"],\"inLanguage\":\"pt-BR\",\"potentialAction\":[{\"@type\":\"CommentAction\",\"name\":\"Comment\",\"target\":[\"https:\/\/mainhardt.com.br\/contabilidade\/como-o-programa-catarinense-de-recuperacao-fiscal-pode-beneficiar-sua-empresa\/#respond\"]}]},{\"@type\":\"WebPage\",\"@id\":\"https:\/\/mainhardt.com.br\/contabilidade\/como-o-programa-catarinense-de-recuperacao-fiscal-pode-beneficiar-sua-empresa\/\",\"url\":\"https:\/\/mainhardt.com.br\/contabilidade\/como-o-programa-catarinense-de-recuperacao-fiscal-pode-beneficiar-sua-empresa\/\",\"name\":\"Como o Programa Catarinense de Recupera\u00e7\u00e3o Fiscal pode beneficiar sua empresa - Mainhardt Contabilidade\",\"isPartOf\":{\"@id\":\"https:\/\/mainhardt.com.br\/contabilidade\/#website\"},\"datePublished\":\"2021-08-12T18:48:11+00:00\",\"dateModified\":\"2021-08-12T18:48:11+00:00\",\"breadcrumb\":{\"@id\":\"https:\/\/mainhardt.com.br\/contabilidade\/como-o-programa-catarinense-de-recuperacao-fiscal-pode-beneficiar-sua-empresa\/#breadcrumb\"},\"inLanguage\":\"pt-BR\",\"potentialAction\":[{\"@type\":\"ReadAction\",\"target\":[\"https:\/\/mainhardt.com.br\/contabilidade\/como-o-programa-catarinense-de-recuperacao-fiscal-pode-beneficiar-sua-empresa\/\"]}]},{\"@type\":\"BreadcrumbList\",\"@id\":\"https:\/\/mainhardt.com.br\/contabilidade\/como-o-programa-catarinense-de-recuperacao-fiscal-pode-beneficiar-sua-empresa\/#breadcrumb\",\"itemListElement\":[{\"@type\":\"ListItem\",\"position\":1,\"name\":\"In\u00edcio\",\"item\":\"https:\/\/mainhardt.com.br\/contabilidade\/\"},{\"@type\":\"ListItem\",\"position\":2,\"name\":\"Como o Programa Catarinense de Recupera\u00e7\u00e3o Fiscal pode beneficiar sua empresa\"}]},{\"@type\":\"WebSite\",\"@id\":\"https:\/\/mainhardt.com.br\/contabilidade\/#website\",\"url\":\"https:\/\/mainhardt.com.br\/contabilidade\/\",\"name\":\"Mainhardt Contabilidade\",\"description\":\"Contabilidade em Santa Catarina\",\"publisher\":{\"@id\":\"https:\/\/mainhardt.com.br\/contabilidade\/#organization\"},\"potentialAction\":[{\"@type\":\"SearchAction\",\"target\":{\"@type\":\"EntryPoint\",\"urlTemplate\":\"https:\/\/mainhardt.com.br\/contabilidade\/?s={search_term_string}\"},\"query-input\":\"required name=search_term_string\"}],\"inLanguage\":\"pt-BR\"},{\"@type\":\"Organization\",\"@id\":\"https:\/\/mainhardt.com.br\/contabilidade\/#organization\",\"name\":\"Mainhardt Contabilidade\",\"url\":\"https:\/\/mainhardt.com.br\/contabilidade\/\",\"sameAs\":[],\"logo\":{\"@type\":\"ImageObject\",\"inLanguage\":\"pt-BR\",\"@id\":\"https:\/\/mainhardt.com.br\/contabilidade\/#\/schema\/logo\/image\/\",\"url\":\"https:\/\/mainhardt.com.br\/contabilidade\/wp-content\/uploads\/2022\/08\/Novo-Projeto-10.png\",\"contentUrl\":\"https:\/\/mainhardt.com.br\/contabilidade\/wp-content\/uploads\/2022\/08\/Novo-Projeto-10.png\",\"width\":170,\"height\":60,\"caption\":\"Mainhardt Contabilidade\"},\"image\":{\"@id\":\"https:\/\/mainhardt.com.br\/contabilidade\/#\/schema\/logo\/image\/\"}},{\"@type\":\"Person\",\"@id\":\"https:\/\/mainhardt.com.br\/contabilidade\/#\/schema\/person\/fbae9da6eebfcbf5302053bba49451b5\",\"name\":\"su.wp\",\"image\":{\"@type\":\"ImageObject\",\"inLanguage\":\"pt-BR\",\"@id\":\"https:\/\/mainhardt.com.br\/contabilidade\/#\/schema\/person\/image\/\",\"url\":\"https:\/\/secure.gravatar.com\/avatar\/4660c4d944a5ce7de85f33ede443a76d3abfdf976c7c53c8b98877a5a0a8870f?s=96&d=mm&r=g\",\"contentUrl\":\"https:\/\/secure.gravatar.com\/avatar\/4660c4d944a5ce7de85f33ede443a76d3abfdf976c7c53c8b98877a5a0a8870f?s=96&d=mm&r=g\",\"caption\":\"su.wp\"},\"sameAs\":[\"http:\/\/wptemplate.dev.com\"],\"url\":\"https:\/\/mainhardt.com.br\/contabilidade\/author\/su-wp\/\"}]}<\/script>\n<!-- \/ Yoast SEO plugin. -->","yoast_head_json":{"title":"Como o Programa Catarinense de Recupera\u00e7\u00e3o Fiscal pode beneficiar sua empresa - Mainhardt Contabilidade","robots":{"index":"index","follow":"follow","max-snippet":"max-snippet:-1","max-image-preview":"max-image-preview:large","max-video-preview":"max-video-preview:-1"},"canonical":"https:\/\/mainhardt.com.br\/contabilidade\/como-o-programa-catarinense-de-recuperacao-fiscal-pode-beneficiar-sua-empresa\/","og_locale":"pt_BR","og_type":"article","og_title":"Como o Programa Catarinense de Recupera\u00e7\u00e3o Fiscal pode beneficiar sua empresa - Mainhardt Contabilidade","og_description":"Foi sancionado pelo governador do Estado o Programa Catarinense de Recupera\u00e7\u00e3o Fiscal de 2021 (PREFIS-SC\/2021), que tem como objeto solucionar problemas de endividamentos fiscais ocorridos no per\u00edodo da Pandemia. Em regra geral, o PREFIS permite a regulariza\u00e7\u00e3o dos d\u00e9bitos tribut\u00e1rios relativos ao ICMS, ITCMD e IPVA com redu\u00e7\u00e3o de multa e juros, com prazo de [&hellip;]","og_url":"https:\/\/mainhardt.com.br\/contabilidade\/como-o-programa-catarinense-de-recuperacao-fiscal-pode-beneficiar-sua-empresa\/","og_site_name":"Mainhardt Contabilidade","article_published_time":"2021-08-12T18:48:11+00:00","og_image":[{"width":580,"height":580,"url":"http:\/\/mainhardt.com.br\/contabilidade\/wp-content\/uploads\/2021\/06\/fundo-azul.jpg","type":"image\/jpeg"}],"author":"su.wp","twitter_card":"summary_large_image","twitter_misc":{"Escrito por":"su.wp","Est. tempo de leitura":"2 minutos"},"schema":{"@context":"https:\/\/schema.org","@graph":[{"@type":"Article","@id":"https:\/\/mainhardt.com.br\/contabilidade\/como-o-programa-catarinense-de-recuperacao-fiscal-pode-beneficiar-sua-empresa\/#article","isPartOf":{"@id":"https:\/\/mainhardt.com.br\/contabilidade\/como-o-programa-catarinense-de-recuperacao-fiscal-pode-beneficiar-sua-empresa\/"},"author":{"name":"su.wp","@id":"https:\/\/mainhardt.com.br\/contabilidade\/#\/schema\/person\/fbae9da6eebfcbf5302053bba49451b5"},"headline":"Como o Programa Catarinense de Recupera\u00e7\u00e3o Fiscal pode beneficiar sua empresa","datePublished":"2021-08-12T18:48:11+00:00","dateModified":"2021-08-12T18:48:11+00:00","mainEntityOfPage":{"@id":"https:\/\/mainhardt.com.br\/contabilidade\/como-o-programa-catarinense-de-recuperacao-fiscal-pode-beneficiar-sua-empresa\/"},"wordCount":470,"commentCount":0,"publisher":{"@id":"https:\/\/mainhardt.com.br\/contabilidade\/#organization"},"articleSection":["Not\u00edcias"],"inLanguage":"pt-BR","potentialAction":[{"@type":"CommentAction","name":"Comment","target":["https:\/\/mainhardt.com.br\/contabilidade\/como-o-programa-catarinense-de-recuperacao-fiscal-pode-beneficiar-sua-empresa\/#respond"]}]},{"@type":"WebPage","@id":"https:\/\/mainhardt.com.br\/contabilidade\/como-o-programa-catarinense-de-recuperacao-fiscal-pode-beneficiar-sua-empresa\/","url":"https:\/\/mainhardt.com.br\/contabilidade\/como-o-programa-catarinense-de-recuperacao-fiscal-pode-beneficiar-sua-empresa\/","name":"Como o Programa Catarinense de Recupera\u00e7\u00e3o Fiscal pode beneficiar sua empresa - Mainhardt Contabilidade","isPartOf":{"@id":"https:\/\/mainhardt.com.br\/contabilidade\/#website"},"datePublished":"2021-08-12T18:48:11+00:00","dateModified":"2021-08-12T18:48:11+00:00","breadcrumb":{"@id":"https:\/\/mainhardt.com.br\/contabilidade\/como-o-programa-catarinense-de-recuperacao-fiscal-pode-beneficiar-sua-empresa\/#breadcrumb"},"inLanguage":"pt-BR","potentialAction":[{"@type":"ReadAction","target":["https:\/\/mainhardt.com.br\/contabilidade\/como-o-programa-catarinense-de-recuperacao-fiscal-pode-beneficiar-sua-empresa\/"]}]},{"@type":"BreadcrumbList","@id":"https:\/\/mainhardt.com.br\/contabilidade\/como-o-programa-catarinense-de-recuperacao-fiscal-pode-beneficiar-sua-empresa\/#breadcrumb","itemListElement":[{"@type":"ListItem","position":1,"name":"In\u00edcio","item":"https:\/\/mainhardt.com.br\/contabilidade\/"},{"@type":"ListItem","position":2,"name":"Como o Programa Catarinense de Recupera\u00e7\u00e3o Fiscal pode beneficiar sua empresa"}]},{"@type":"WebSite","@id":"https:\/\/mainhardt.com.br\/contabilidade\/#website","url":"https:\/\/mainhardt.com.br\/contabilidade\/","name":"Mainhardt Contabilidade","description":"Contabilidade em Santa Catarina","publisher":{"@id":"https:\/\/mainhardt.com.br\/contabilidade\/#organization"},"potentialAction":[{"@type":"SearchAction","target":{"@type":"EntryPoint","urlTemplate":"https:\/\/mainhardt.com.br\/contabilidade\/?s={search_term_string}"},"query-input":"required name=search_term_string"}],"inLanguage":"pt-BR"},{"@type":"Organization","@id":"https:\/\/mainhardt.com.br\/contabilidade\/#organization","name":"Mainhardt Contabilidade","url":"https:\/\/mainhardt.com.br\/contabilidade\/","sameAs":[],"logo":{"@type":"ImageObject","inLanguage":"pt-BR","@id":"https:\/\/mainhardt.com.br\/contabilidade\/#\/schema\/logo\/image\/","url":"https:\/\/mainhardt.com.br\/contabilidade\/wp-content\/uploads\/2022\/08\/Novo-Projeto-10.png","contentUrl":"https:\/\/mainhardt.com.br\/contabilidade\/wp-content\/uploads\/2022\/08\/Novo-Projeto-10.png","width":170,"height":60,"caption":"Mainhardt Contabilidade"},"image":{"@id":"https:\/\/mainhardt.com.br\/contabilidade\/#\/schema\/logo\/image\/"}},{"@type":"Person","@id":"https:\/\/mainhardt.com.br\/contabilidade\/#\/schema\/person\/fbae9da6eebfcbf5302053bba49451b5","name":"su.wp","image":{"@type":"ImageObject","inLanguage":"pt-BR","@id":"https:\/\/mainhardt.com.br\/contabilidade\/#\/schema\/person\/image\/","url":"https:\/\/secure.gravatar.com\/avatar\/4660c4d944a5ce7de85f33ede443a76d3abfdf976c7c53c8b98877a5a0a8870f?s=96&d=mm&r=g","contentUrl":"https:\/\/secure.gravatar.com\/avatar\/4660c4d944a5ce7de85f33ede443a76d3abfdf976c7c53c8b98877a5a0a8870f?s=96&d=mm&r=g","caption":"su.wp"},"sameAs":["http:\/\/wptemplate.dev.com"],"url":"https:\/\/mainhardt.com.br\/contabilidade\/author\/su-wp\/"}]}},"_links":{"self":[{"href":"https:\/\/mainhardt.com.br\/contabilidade\/wp-json\/wp\/v2\/posts\/403","targetHints":{"allow":["GET"]}}],"collection":[{"href":"https:\/\/mainhardt.com.br\/contabilidade\/wp-json\/wp\/v2\/posts"}],"about":[{"href":"https:\/\/mainhardt.com.br\/contabilidade\/wp-json\/wp\/v2\/types\/post"}],"author":[{"embeddable":true,"href":"https:\/\/mainhardt.com.br\/contabilidade\/wp-json\/wp\/v2\/users\/1"}],"replies":[{"embeddable":true,"href":"https:\/\/mainhardt.com.br\/contabilidade\/wp-json\/wp\/v2\/comments?post=403"}],"version-history":[{"count":1,"href":"https:\/\/mainhardt.com.br\/contabilidade\/wp-json\/wp\/v2\/posts\/403\/revisions"}],"predecessor-version":[{"id":419,"href":"https:\/\/mainhardt.com.br\/contabilidade\/wp-json\/wp\/v2\/posts\/403\/revisions\/419"}],"wp:featuredmedia":[{"embeddable":true,"href":"https:\/\/mainhardt.com.br\/contabilidade\/wp-json\/wp\/v2\/media\/365"}],"wp:attachment":[{"href":"https:\/\/mainhardt.com.br\/contabilidade\/wp-json\/wp\/v2\/media?parent=403"}],"wp:term":[{"taxonomy":"category","embeddable":true,"href":"https:\/\/mainhardt.com.br\/contabilidade\/wp-json\/wp\/v2\/categories?post=403"},{"taxonomy":"post_tag","embeddable":true,"href":"https:\/\/mainhardt.com.br\/contabilidade\/wp-json\/wp\/v2\/tags?post=403"}],"curies":[{"name":"wp","href":"https:\/\/api.w.org\/{rel}","templated":true}]}}