{"id":416,"date":"2021-08-12T15:26:28","date_gmt":"2021-08-12T18:26:28","guid":{"rendered":"https:\/\/www.mainhardt.com.br\/?p=416"},"modified":"2021-08-12T15:32:00","modified_gmt":"2021-08-12T18:32:00","slug":"stf-retoma-julgamento-da-exclusao-do-issqn-da-base-de-calculo-do-pis-e-da-cofins","status":"publish","type":"post","link":"https:\/\/mainhardt.com.br\/contabilidade\/stf-retoma-julgamento-da-exclusao-do-issqn-da-base-de-calculo-do-pis-e-da-cofins\/","title":{"rendered":"STF retoma julgamento da exclus\u00e3o do ISSQN da base de c\u00e1lculo do PIS e da COFINS"},"content":{"rendered":"\n<p>O Supremo Tribunal Federal retomar\u00e1 em 20.08.2021 o julgamento da tese tribut\u00e1ria que discute a possibilidade de exclus\u00e3o do Imposto Sobre Servi\u00e7os de Qualquer Natureza (ISSQN) da base de c\u00e1lculo do PIS e da COFINS, mediante o Recurso Extraordin\u00e1rio 592.616\/RS, utilizado como representativo ao Tema 118 de Repercuss\u00e3o Geral no STF desde 2008.<\/p>\n\n\n\n<p>Assim como no julgamento da exclus\u00e3o do ICMS da base do PIS\/COFINS (RE 574706, Tema 69 das Repercuss\u00f5es Gerais), o fundamento jur\u00eddico da a\u00e7\u00e3o consiste no fato de o ISS n\u00e3o se enquadrar no conceito de faturamento ou receita e portanto n\u00e3o deve compor a base de c\u00e1lculo do PIS\/COFINS.<\/p>\n\n\n\n<p>O caso tem relevante impacto para a empresas prestadoras de servi\u00e7o, optantes pelo Lucro Real ou Presumido, consequentemente, contribuinte do ISS, eis que sua atividade se encontra elencada no anexo da Lei Complementar 116\/2003.<\/p>\n\n\n\n<p>H\u00e1 risco de modula\u00e7\u00e3o dos efeitos deste julgamento para restringir o cr\u00e9dito relativo ao per\u00edodo passado (\u00faltimos cinco anos) somente aos contribuintes que discutem a mat\u00e9ria na via judicial, dado o alcance da tese e o impacto nas contas do Tesouro Nacional.<\/p>\n\n\n\n<p>O ingresso da discuss\u00e3o via mandado de seguran\u00e7a antes de finalizado o julgamento pelo STF, permitir\u00e1 a tomada de cr\u00e9dito dos \u00faltimos cinco anos anteriores ao seu ajuizamento, bem como o aproveitamento do benef\u00edcio na apura\u00e7\u00e3o mensal.<\/p>\n\n\n\n<p>A Mainhardt Contabilidade disp\u00f5e de um time de profissionais especializados em quest\u00f5es tribut\u00e1rias, com amplo conhecimento das quest\u00f5es ligadas \u00e0 legisla\u00e7\u00e3o fiscal.<\/p>\n\n\n\n<p>Em caso de d\u00favidas sobre exclus\u00e3o do ISSQN da base de c\u00e1lculo do PIS e da COFINS, entre em contato e conte conosco para todos os esclarecimentos que necessitar:<\/p>\n","protected":false},"excerpt":{"rendered":"<p>O Supremo Tribunal Federal retomar\u00e1 em 20.08.2021 o julgamento da tese tribut\u00e1ria que discute a possibilidade de exclus\u00e3o do Imposto Sobre Servi\u00e7os de Qualquer Natureza (ISSQN) da base de c\u00e1lculo do PIS e da COFINS, mediante o Recurso Extraordin\u00e1rio 592.616\/RS, utilizado como representativo ao Tema 118 de Repercuss\u00e3o Geral no STF desde 2008. Assim como [&hellip;]<\/p>\n","protected":false},"author":1,"featured_media":365,"comment_status":"open","ping_status":"open","sticky":false,"template":"","format":"standard","meta":{"footnotes":""},"categories":[1],"tags":[],"class_list":["post-416","post","type-post","status-publish","format-standard","has-post-thumbnail","hentry","category-noticias"],"yoast_head":"<!-- This site is optimized with the Yoast SEO plugin v19.6.1 - https:\/\/yoast.com\/wordpress\/plugins\/seo\/ -->\n<title>STF retoma julgamento da exclus\u00e3o do ISSQN da base de c\u00e1lculo do PIS e da COFINS - Mainhardt Contabilidade<\/title>\n<meta name=\"robots\" content=\"index, follow, max-snippet:-1, max-image-preview:large, max-video-preview:-1\" \/>\n<link rel=\"canonical\" href=\"https:\/\/mainhardt.com.br\/contabilidade\/stf-retoma-julgamento-da-exclusao-do-issqn-da-base-de-calculo-do-pis-e-da-cofins\/\" \/>\n<meta property=\"og:locale\" content=\"pt_BR\" \/>\n<meta property=\"og:type\" content=\"article\" \/>\n<meta property=\"og:title\" content=\"STF retoma julgamento da exclus\u00e3o do ISSQN da base de c\u00e1lculo do PIS e da COFINS - Mainhardt Contabilidade\" \/>\n<meta property=\"og:description\" content=\"O Supremo Tribunal Federal retomar\u00e1 em 20.08.2021 o julgamento da tese tribut\u00e1ria que discute a possibilidade de exclus\u00e3o do Imposto Sobre Servi\u00e7os de Qualquer Natureza (ISSQN) da base de c\u00e1lculo do PIS e da COFINS, mediante o Recurso Extraordin\u00e1rio 592.616\/RS, utilizado como representativo ao Tema 118 de Repercuss\u00e3o Geral no STF desde 2008. Assim como [&hellip;]\" \/>\n<meta property=\"og:url\" content=\"https:\/\/mainhardt.com.br\/contabilidade\/stf-retoma-julgamento-da-exclusao-do-issqn-da-base-de-calculo-do-pis-e-da-cofins\/\" \/>\n<meta property=\"og:site_name\" content=\"Mainhardt Contabilidade\" \/>\n<meta property=\"article:published_time\" content=\"2021-08-12T18:26:28+00:00\" \/>\n<meta property=\"article:modified_time\" content=\"2021-08-12T18:32:00+00:00\" \/>\n<meta property=\"og:image\" content=\"http:\/\/mainhardt.com.br\/contabilidade\/wp-content\/uploads\/2021\/06\/fundo-azul.jpg\" \/>\n\t<meta property=\"og:image:width\" content=\"580\" \/>\n\t<meta property=\"og:image:height\" content=\"580\" \/>\n\t<meta property=\"og:image:type\" content=\"image\/jpeg\" \/>\n<meta name=\"author\" content=\"su.wp\" \/>\n<meta name=\"twitter:card\" content=\"summary_large_image\" \/>\n<meta name=\"twitter:label1\" content=\"Escrito por\" \/>\n\t<meta name=\"twitter:data1\" content=\"su.wp\" \/>\n\t<meta name=\"twitter:label2\" content=\"Est. tempo de leitura\" \/>\n\t<meta name=\"twitter:data2\" content=\"1 minuto\" \/>\n<script type=\"application\/ld+json\" class=\"yoast-schema-graph\">{\"@context\":\"https:\/\/schema.org\",\"@graph\":[{\"@type\":\"Article\",\"@id\":\"https:\/\/mainhardt.com.br\/contabilidade\/stf-retoma-julgamento-da-exclusao-do-issqn-da-base-de-calculo-do-pis-e-da-cofins\/#article\",\"isPartOf\":{\"@id\":\"https:\/\/mainhardt.com.br\/contabilidade\/stf-retoma-julgamento-da-exclusao-do-issqn-da-base-de-calculo-do-pis-e-da-cofins\/\"},\"author\":{\"name\":\"su.wp\",\"@id\":\"https:\/\/mainhardt.com.br\/contabilidade\/#\/schema\/person\/fbae9da6eebfcbf5302053bba49451b5\"},\"headline\":\"STF retoma julgamento da exclus\u00e3o do ISSQN da base de c\u00e1lculo do PIS e da COFINS\",\"datePublished\":\"2021-08-12T18:26:28+00:00\",\"dateModified\":\"2021-08-12T18:32:00+00:00\",\"mainEntityOfPage\":{\"@id\":\"https:\/\/mainhardt.com.br\/contabilidade\/stf-retoma-julgamento-da-exclusao-do-issqn-da-base-de-calculo-do-pis-e-da-cofins\/\"},\"wordCount\":311,\"commentCount\":0,\"publisher\":{\"@id\":\"https:\/\/mainhardt.com.br\/contabilidade\/#organization\"},\"articleSection\":[\"Not\u00edcias\"],\"inLanguage\":\"pt-BR\",\"potentialAction\":[{\"@type\":\"CommentAction\",\"name\":\"Comment\",\"target\":[\"https:\/\/mainhardt.com.br\/contabilidade\/stf-retoma-julgamento-da-exclusao-do-issqn-da-base-de-calculo-do-pis-e-da-cofins\/#respond\"]}]},{\"@type\":\"WebPage\",\"@id\":\"https:\/\/mainhardt.com.br\/contabilidade\/stf-retoma-julgamento-da-exclusao-do-issqn-da-base-de-calculo-do-pis-e-da-cofins\/\",\"url\":\"https:\/\/mainhardt.com.br\/contabilidade\/stf-retoma-julgamento-da-exclusao-do-issqn-da-base-de-calculo-do-pis-e-da-cofins\/\",\"name\":\"STF retoma julgamento da exclus\u00e3o do ISSQN da base de c\u00e1lculo do PIS e da COFINS - Mainhardt Contabilidade\",\"isPartOf\":{\"@id\":\"https:\/\/mainhardt.com.br\/contabilidade\/#website\"},\"datePublished\":\"2021-08-12T18:26:28+00:00\",\"dateModified\":\"2021-08-12T18:32:00+00:00\",\"breadcrumb\":{\"@id\":\"https:\/\/mainhardt.com.br\/contabilidade\/stf-retoma-julgamento-da-exclusao-do-issqn-da-base-de-calculo-do-pis-e-da-cofins\/#breadcrumb\"},\"inLanguage\":\"pt-BR\",\"potentialAction\":[{\"@type\":\"ReadAction\",\"target\":[\"https:\/\/mainhardt.com.br\/contabilidade\/stf-retoma-julgamento-da-exclusao-do-issqn-da-base-de-calculo-do-pis-e-da-cofins\/\"]}]},{\"@type\":\"BreadcrumbList\",\"@id\":\"https:\/\/mainhardt.com.br\/contabilidade\/stf-retoma-julgamento-da-exclusao-do-issqn-da-base-de-calculo-do-pis-e-da-cofins\/#breadcrumb\",\"itemListElement\":[{\"@type\":\"ListItem\",\"position\":1,\"name\":\"In\u00edcio\",\"item\":\"https:\/\/mainhardt.com.br\/contabilidade\/\"},{\"@type\":\"ListItem\",\"position\":2,\"name\":\"STF retoma julgamento da exclus\u00e3o do ISSQN da base de c\u00e1lculo do PIS e da COFINS\"}]},{\"@type\":\"WebSite\",\"@id\":\"https:\/\/mainhardt.com.br\/contabilidade\/#website\",\"url\":\"https:\/\/mainhardt.com.br\/contabilidade\/\",\"name\":\"Mainhardt Contabilidade\",\"description\":\"Contabilidade em Santa Catarina\",\"publisher\":{\"@id\":\"https:\/\/mainhardt.com.br\/contabilidade\/#organization\"},\"potentialAction\":[{\"@type\":\"SearchAction\",\"target\":{\"@type\":\"EntryPoint\",\"urlTemplate\":\"https:\/\/mainhardt.com.br\/contabilidade\/?s={search_term_string}\"},\"query-input\":\"required name=search_term_string\"}],\"inLanguage\":\"pt-BR\"},{\"@type\":\"Organization\",\"@id\":\"https:\/\/mainhardt.com.br\/contabilidade\/#organization\",\"name\":\"Mainhardt Contabilidade\",\"url\":\"https:\/\/mainhardt.com.br\/contabilidade\/\",\"sameAs\":[],\"logo\":{\"@type\":\"ImageObject\",\"inLanguage\":\"pt-BR\",\"@id\":\"https:\/\/mainhardt.com.br\/contabilidade\/#\/schema\/logo\/image\/\",\"url\":\"https:\/\/mainhardt.com.br\/contabilidade\/wp-content\/uploads\/2022\/08\/Novo-Projeto-10.png\",\"contentUrl\":\"https:\/\/mainhardt.com.br\/contabilidade\/wp-content\/uploads\/2022\/08\/Novo-Projeto-10.png\",\"width\":170,\"height\":60,\"caption\":\"Mainhardt Contabilidade\"},\"image\":{\"@id\":\"https:\/\/mainhardt.com.br\/contabilidade\/#\/schema\/logo\/image\/\"}},{\"@type\":\"Person\",\"@id\":\"https:\/\/mainhardt.com.br\/contabilidade\/#\/schema\/person\/fbae9da6eebfcbf5302053bba49451b5\",\"name\":\"su.wp\",\"image\":{\"@type\":\"ImageObject\",\"inLanguage\":\"pt-BR\",\"@id\":\"https:\/\/mainhardt.com.br\/contabilidade\/#\/schema\/person\/image\/\",\"url\":\"https:\/\/secure.gravatar.com\/avatar\/4660c4d944a5ce7de85f33ede443a76d3abfdf976c7c53c8b98877a5a0a8870f?s=96&d=mm&r=g\",\"contentUrl\":\"https:\/\/secure.gravatar.com\/avatar\/4660c4d944a5ce7de85f33ede443a76d3abfdf976c7c53c8b98877a5a0a8870f?s=96&d=mm&r=g\",\"caption\":\"su.wp\"},\"sameAs\":[\"http:\/\/wptemplate.dev.com\"],\"url\":\"https:\/\/mainhardt.com.br\/contabilidade\/author\/su-wp\/\"}]}<\/script>\n<!-- \/ Yoast SEO plugin. -->","yoast_head_json":{"title":"STF retoma julgamento da exclus\u00e3o do ISSQN da base de c\u00e1lculo do PIS e da COFINS - Mainhardt Contabilidade","robots":{"index":"index","follow":"follow","max-snippet":"max-snippet:-1","max-image-preview":"max-image-preview:large","max-video-preview":"max-video-preview:-1"},"canonical":"https:\/\/mainhardt.com.br\/contabilidade\/stf-retoma-julgamento-da-exclusao-do-issqn-da-base-de-calculo-do-pis-e-da-cofins\/","og_locale":"pt_BR","og_type":"article","og_title":"STF retoma julgamento da exclus\u00e3o do ISSQN da base de c\u00e1lculo do PIS e da COFINS - Mainhardt Contabilidade","og_description":"O Supremo Tribunal Federal retomar\u00e1 em 20.08.2021 o julgamento da tese tribut\u00e1ria que discute a possibilidade de exclus\u00e3o do Imposto Sobre Servi\u00e7os de Qualquer Natureza (ISSQN) da base de c\u00e1lculo do PIS e da COFINS, mediante o Recurso Extraordin\u00e1rio 592.616\/RS, utilizado como representativo ao Tema 118 de Repercuss\u00e3o Geral no STF desde 2008. Assim como [&hellip;]","og_url":"https:\/\/mainhardt.com.br\/contabilidade\/stf-retoma-julgamento-da-exclusao-do-issqn-da-base-de-calculo-do-pis-e-da-cofins\/","og_site_name":"Mainhardt Contabilidade","article_published_time":"2021-08-12T18:26:28+00:00","article_modified_time":"2021-08-12T18:32:00+00:00","og_image":[{"width":580,"height":580,"url":"http:\/\/mainhardt.com.br\/contabilidade\/wp-content\/uploads\/2021\/06\/fundo-azul.jpg","type":"image\/jpeg"}],"author":"su.wp","twitter_card":"summary_large_image","twitter_misc":{"Escrito por":"su.wp","Est. tempo de leitura":"1 minuto"},"schema":{"@context":"https:\/\/schema.org","@graph":[{"@type":"Article","@id":"https:\/\/mainhardt.com.br\/contabilidade\/stf-retoma-julgamento-da-exclusao-do-issqn-da-base-de-calculo-do-pis-e-da-cofins\/#article","isPartOf":{"@id":"https:\/\/mainhardt.com.br\/contabilidade\/stf-retoma-julgamento-da-exclusao-do-issqn-da-base-de-calculo-do-pis-e-da-cofins\/"},"author":{"name":"su.wp","@id":"https:\/\/mainhardt.com.br\/contabilidade\/#\/schema\/person\/fbae9da6eebfcbf5302053bba49451b5"},"headline":"STF retoma julgamento da exclus\u00e3o do ISSQN da base de c\u00e1lculo do PIS e da COFINS","datePublished":"2021-08-12T18:26:28+00:00","dateModified":"2021-08-12T18:32:00+00:00","mainEntityOfPage":{"@id":"https:\/\/mainhardt.com.br\/contabilidade\/stf-retoma-julgamento-da-exclusao-do-issqn-da-base-de-calculo-do-pis-e-da-cofins\/"},"wordCount":311,"commentCount":0,"publisher":{"@id":"https:\/\/mainhardt.com.br\/contabilidade\/#organization"},"articleSection":["Not\u00edcias"],"inLanguage":"pt-BR","potentialAction":[{"@type":"CommentAction","name":"Comment","target":["https:\/\/mainhardt.com.br\/contabilidade\/stf-retoma-julgamento-da-exclusao-do-issqn-da-base-de-calculo-do-pis-e-da-cofins\/#respond"]}]},{"@type":"WebPage","@id":"https:\/\/mainhardt.com.br\/contabilidade\/stf-retoma-julgamento-da-exclusao-do-issqn-da-base-de-calculo-do-pis-e-da-cofins\/","url":"https:\/\/mainhardt.com.br\/contabilidade\/stf-retoma-julgamento-da-exclusao-do-issqn-da-base-de-calculo-do-pis-e-da-cofins\/","name":"STF retoma julgamento da exclus\u00e3o do ISSQN da base de c\u00e1lculo do PIS e da COFINS - Mainhardt Contabilidade","isPartOf":{"@id":"https:\/\/mainhardt.com.br\/contabilidade\/#website"},"datePublished":"2021-08-12T18:26:28+00:00","dateModified":"2021-08-12T18:32:00+00:00","breadcrumb":{"@id":"https:\/\/mainhardt.com.br\/contabilidade\/stf-retoma-julgamento-da-exclusao-do-issqn-da-base-de-calculo-do-pis-e-da-cofins\/#breadcrumb"},"inLanguage":"pt-BR","potentialAction":[{"@type":"ReadAction","target":["https:\/\/mainhardt.com.br\/contabilidade\/stf-retoma-julgamento-da-exclusao-do-issqn-da-base-de-calculo-do-pis-e-da-cofins\/"]}]},{"@type":"BreadcrumbList","@id":"https:\/\/mainhardt.com.br\/contabilidade\/stf-retoma-julgamento-da-exclusao-do-issqn-da-base-de-calculo-do-pis-e-da-cofins\/#breadcrumb","itemListElement":[{"@type":"ListItem","position":1,"name":"In\u00edcio","item":"https:\/\/mainhardt.com.br\/contabilidade\/"},{"@type":"ListItem","position":2,"name":"STF retoma julgamento da exclus\u00e3o do ISSQN da base de c\u00e1lculo do PIS e da COFINS"}]},{"@type":"WebSite","@id":"https:\/\/mainhardt.com.br\/contabilidade\/#website","url":"https:\/\/mainhardt.com.br\/contabilidade\/","name":"Mainhardt Contabilidade","description":"Contabilidade em Santa Catarina","publisher":{"@id":"https:\/\/mainhardt.com.br\/contabilidade\/#organization"},"potentialAction":[{"@type":"SearchAction","target":{"@type":"EntryPoint","urlTemplate":"https:\/\/mainhardt.com.br\/contabilidade\/?s={search_term_string}"},"query-input":"required name=search_term_string"}],"inLanguage":"pt-BR"},{"@type":"Organization","@id":"https:\/\/mainhardt.com.br\/contabilidade\/#organization","name":"Mainhardt Contabilidade","url":"https:\/\/mainhardt.com.br\/contabilidade\/","sameAs":[],"logo":{"@type":"ImageObject","inLanguage":"pt-BR","@id":"https:\/\/mainhardt.com.br\/contabilidade\/#\/schema\/logo\/image\/","url":"https:\/\/mainhardt.com.br\/contabilidade\/wp-content\/uploads\/2022\/08\/Novo-Projeto-10.png","contentUrl":"https:\/\/mainhardt.com.br\/contabilidade\/wp-content\/uploads\/2022\/08\/Novo-Projeto-10.png","width":170,"height":60,"caption":"Mainhardt Contabilidade"},"image":{"@id":"https:\/\/mainhardt.com.br\/contabilidade\/#\/schema\/logo\/image\/"}},{"@type":"Person","@id":"https:\/\/mainhardt.com.br\/contabilidade\/#\/schema\/person\/fbae9da6eebfcbf5302053bba49451b5","name":"su.wp","image":{"@type":"ImageObject","inLanguage":"pt-BR","@id":"https:\/\/mainhardt.com.br\/contabilidade\/#\/schema\/person\/image\/","url":"https:\/\/secure.gravatar.com\/avatar\/4660c4d944a5ce7de85f33ede443a76d3abfdf976c7c53c8b98877a5a0a8870f?s=96&d=mm&r=g","contentUrl":"https:\/\/secure.gravatar.com\/avatar\/4660c4d944a5ce7de85f33ede443a76d3abfdf976c7c53c8b98877a5a0a8870f?s=96&d=mm&r=g","caption":"su.wp"},"sameAs":["http:\/\/wptemplate.dev.com"],"url":"https:\/\/mainhardt.com.br\/contabilidade\/author\/su-wp\/"}]}},"_links":{"self":[{"href":"https:\/\/mainhardt.com.br\/contabilidade\/wp-json\/wp\/v2\/posts\/416","targetHints":{"allow":["GET"]}}],"collection":[{"href":"https:\/\/mainhardt.com.br\/contabilidade\/wp-json\/wp\/v2\/posts"}],"about":[{"href":"https:\/\/mainhardt.com.br\/contabilidade\/wp-json\/wp\/v2\/types\/post"}],"author":[{"embeddable":true,"href":"https:\/\/mainhardt.com.br\/contabilidade\/wp-json\/wp\/v2\/users\/1"}],"replies":[{"embeddable":true,"href":"https:\/\/mainhardt.com.br\/contabilidade\/wp-json\/wp\/v2\/comments?post=416"}],"version-history":[{"count":2,"href":"https:\/\/mainhardt.com.br\/contabilidade\/wp-json\/wp\/v2\/posts\/416\/revisions"}],"predecessor-version":[{"id":418,"href":"https:\/\/mainhardt.com.br\/contabilidade\/wp-json\/wp\/v2\/posts\/416\/revisions\/418"}],"wp:featuredmedia":[{"embeddable":true,"href":"https:\/\/mainhardt.com.br\/contabilidade\/wp-json\/wp\/v2\/media\/365"}],"wp:attachment":[{"href":"https:\/\/mainhardt.com.br\/contabilidade\/wp-json\/wp\/v2\/media?parent=416"}],"wp:term":[{"taxonomy":"category","embeddable":true,"href":"https:\/\/mainhardt.com.br\/contabilidade\/wp-json\/wp\/v2\/categories?post=416"},{"taxonomy":"post_tag","embeddable":true,"href":"https:\/\/mainhardt.com.br\/contabilidade\/wp-json\/wp\/v2\/tags?post=416"}],"curies":[{"name":"wp","href":"https:\/\/api.w.org\/{rel}","templated":true}]}}