{"id":420,"date":"2021-08-12T15:55:56","date_gmt":"2021-08-12T18:55:56","guid":{"rendered":"https:\/\/www.mainhardt.com.br\/?p=420"},"modified":"2021-08-12T16:13:22","modified_gmt":"2021-08-12T19:13:22","slug":"mainhardt-contabilidade-assume-a-gestao-contabil-do-instituto-gene","status":"publish","type":"post","link":"https:\/\/mainhardt.com.br\/contabilidade\/mainhardt-contabilidade-assume-a-gestao-contabil-do-instituto-gene\/","title":{"rendered":"Mainhardt Contabilidade assume a gest\u00e3o cont\u00e1bil do Instituto Gene"},"content":{"rendered":"\n<p>A Mainhardt Contabilidade assumiu a gest\u00e3o cont\u00e1bil do Instituto Gene, entidade respons\u00e1vel pela administra\u00e7\u00e3o do Centro de Inova\u00e7\u00e3o de Blumenau. O in\u00edcio dos trabalhos foi nesta segunda-feira, 02\/08.<\/p>\n\n\n\n<p>A Mainhardt tamb\u00e9m passa a patrocinar o espa\u00e7o do Centro de Inova\u00e7\u00e3o.<\/p>\n\n\n\n<p>Veja o que diz Marcelo Cunha Junior, gerente comercial da Mainhardt:<\/p>\n\n\n\n<p>\u201cO ambiente de inova\u00e7\u00e3o tem se expandido muito e est\u00e1 cada vez mais pr\u00f3ximo e inserido nas rotinas cont\u00e1beis e fiscais, ambiente onde lidamos com muita tecnologia. Por este motivo nos tornamos tamb\u00e9m o novo patrocinador do Centro de Inova\u00e7\u00e3o de Blumenau\u201d.<\/p>\n\n\n\n<p>\u201cCada vez mais somos procurados por startups e empresas de inova\u00e7\u00e3o pela nossa experi\u00eancia em diversos segmentos. Estas empresas demandam um n\u00edvel de elevado complexidade, pois est\u00e3o sempre na mira dos investidores e constantemente precisam apresentar seus n\u00fameros de forma transparente, confi\u00e1vel e organizada\u201d.<\/p>\n\n\n\n<p>\u201cA Mainhardt \u00e9 uma organiza\u00e7\u00e3o altamente alinhada com inova\u00e7\u00f5es tecnol\u00f3gicas voltadas aos ambientes fiscais, cont\u00e1beis e de recursos humanos. Nossos servi\u00e7os prezam por um perfil gerencial de toda a atividade cont\u00e1bil, produzindo relat\u00f3rios que fundamentam n\u00e3o s\u00f3 os aspectos legais, mas tamb\u00e9m a an\u00e1lise de desempenho e tomada de decis\u00f5es\u201d.<\/p>\n\n\n\n<p>INSTITUTO GENE<\/p>\n\n\n\n<p>Prestes a completar 30 anos, o Instituto Gene \u00e9 vinculado \u00e0 Furb, a universidade regional de Blumenau.<\/p>\n\n\n\n<p>Nasceu com o objetivo de ser uma Incubadora de empresas multidisciplinar com a miss\u00e3o de estimular o empreendedorismo e apoiar empresas e projetos inovadores.<\/p>\n\n\n\n<p>Por meio desta linha de a\u00e7\u00e3o, o Instituto Gene possibilita a gera\u00e7\u00e3o de empresas inovadoras, a consolida\u00e7\u00e3o do papel da pesquisa como propulsora da inova\u00e7\u00e3o, o aperfei\u00e7oamento e o desenvolvimento profissional e a inclus\u00e3o social por meio da difus\u00e3o do acesso \u00e0s novas tecnologias.<\/p>\n\n\n\n<p>O Instituto Gene \u00e9 constitu\u00eddo por uma oferta integrada de espa\u00e7os, equipamentos, servi\u00e7os e eventos de apoio \u00e0 cria\u00e7\u00e3o, desenvolvimento e consolida\u00e7\u00e3o de empresas, permitindo que os empreendedores se foquem na concretiza\u00e7\u00e3o da sua proposta de valor e na introdu\u00e7\u00e3o dos seus produtos e servi\u00e7os no mercado.<\/p>\n\n\n\n<p>A institui\u00e7\u00e3o \u00e9 respons\u00e1vel pela gest\u00e3o do Centro de Inova\u00e7\u00e3o de Blumenau, onde est\u00e3o abrigadas diversas empresas de tecnologia, com ambientes formados por salas, audit\u00f3rio e espa\u00e7os de conviv\u00eancia e de est\u00edmulo \u00e0 inova\u00e7\u00e3o.<\/p>\n","protected":false},"excerpt":{"rendered":"<p>A Mainhardt Contabilidade assumiu a gest\u00e3o cont\u00e1bil do Instituto Gene, entidade respons\u00e1vel pela administra\u00e7\u00e3o do Centro de Inova\u00e7\u00e3o de Blumenau. O in\u00edcio dos trabalhos foi nesta segunda-feira, 02\/08. A Mainhardt tamb\u00e9m passa a patrocinar o espa\u00e7o do Centro de Inova\u00e7\u00e3o. Veja o que diz Marcelo Cunha Junior, gerente comercial da Mainhardt: \u201cO ambiente de inova\u00e7\u00e3o [&hellip;]<\/p>\n","protected":false},"author":1,"featured_media":365,"comment_status":"open","ping_status":"open","sticky":false,"template":"","format":"standard","meta":{"footnotes":""},"categories":[1],"tags":[],"class_list":["post-420","post","type-post","status-publish","format-standard","has-post-thumbnail","hentry","category-noticias"],"yoast_head":"<!-- This site is optimized with the Yoast SEO plugin v19.6.1 - https:\/\/yoast.com\/wordpress\/plugins\/seo\/ -->\n<title>Mainhardt Contabilidade assume a gest\u00e3o cont\u00e1bil do Instituto Gene - Mainhardt Contabilidade<\/title>\n<meta name=\"robots\" content=\"index, follow, max-snippet:-1, max-image-preview:large, max-video-preview:-1\" \/>\n<link rel=\"canonical\" href=\"https:\/\/mainhardt.com.br\/contabilidade\/mainhardt-contabilidade-assume-a-gestao-contabil-do-instituto-gene\/\" \/>\n<meta property=\"og:locale\" content=\"pt_BR\" \/>\n<meta property=\"og:type\" content=\"article\" \/>\n<meta property=\"og:title\" content=\"Mainhardt Contabilidade assume a gest\u00e3o cont\u00e1bil do Instituto Gene - Mainhardt Contabilidade\" \/>\n<meta property=\"og:description\" content=\"A Mainhardt Contabilidade assumiu a gest\u00e3o cont\u00e1bil do Instituto Gene, entidade respons\u00e1vel pela administra\u00e7\u00e3o do Centro de Inova\u00e7\u00e3o de Blumenau. O in\u00edcio dos trabalhos foi nesta segunda-feira, 02\/08. A Mainhardt tamb\u00e9m passa a patrocinar o espa\u00e7o do Centro de Inova\u00e7\u00e3o. Veja o que diz Marcelo Cunha Junior, gerente comercial da Mainhardt: \u201cO ambiente de inova\u00e7\u00e3o [&hellip;]\" \/>\n<meta property=\"og:url\" content=\"https:\/\/mainhardt.com.br\/contabilidade\/mainhardt-contabilidade-assume-a-gestao-contabil-do-instituto-gene\/\" \/>\n<meta property=\"og:site_name\" content=\"Mainhardt Contabilidade\" \/>\n<meta property=\"article:published_time\" content=\"2021-08-12T18:55:56+00:00\" \/>\n<meta property=\"article:modified_time\" content=\"2021-08-12T19:13:22+00:00\" \/>\n<meta property=\"og:image\" content=\"http:\/\/mainhardt.com.br\/contabilidade\/wp-content\/uploads\/2021\/06\/fundo-azul.jpg\" \/>\n\t<meta property=\"og:image:width\" content=\"580\" \/>\n\t<meta property=\"og:image:height\" content=\"580\" \/>\n\t<meta property=\"og:image:type\" content=\"image\/jpeg\" \/>\n<meta name=\"author\" content=\"su.wp\" \/>\n<meta name=\"twitter:card\" content=\"summary_large_image\" \/>\n<meta name=\"twitter:label1\" content=\"Escrito por\" \/>\n\t<meta name=\"twitter:data1\" content=\"su.wp\" \/>\n\t<meta name=\"twitter:label2\" content=\"Est. tempo de leitura\" \/>\n\t<meta name=\"twitter:data2\" content=\"2 minutos\" \/>\n<script type=\"application\/ld+json\" class=\"yoast-schema-graph\">{\"@context\":\"https:\/\/schema.org\",\"@graph\":[{\"@type\":\"Article\",\"@id\":\"https:\/\/mainhardt.com.br\/contabilidade\/mainhardt-contabilidade-assume-a-gestao-contabil-do-instituto-gene\/#article\",\"isPartOf\":{\"@id\":\"https:\/\/mainhardt.com.br\/contabilidade\/mainhardt-contabilidade-assume-a-gestao-contabil-do-instituto-gene\/\"},\"author\":{\"name\":\"su.wp\",\"@id\":\"https:\/\/mainhardt.com.br\/contabilidade\/#\/schema\/person\/fbae9da6eebfcbf5302053bba49451b5\"},\"headline\":\"Mainhardt Contabilidade assume a gest\u00e3o cont\u00e1bil do Instituto Gene\",\"datePublished\":\"2021-08-12T18:55:56+00:00\",\"dateModified\":\"2021-08-12T19:13:22+00:00\",\"mainEntityOfPage\":{\"@id\":\"https:\/\/mainhardt.com.br\/contabilidade\/mainhardt-contabilidade-assume-a-gestao-contabil-do-instituto-gene\/\"},\"wordCount\":414,\"commentCount\":0,\"publisher\":{\"@id\":\"https:\/\/mainhardt.com.br\/contabilidade\/#organization\"},\"articleSection\":[\"Not\u00edcias\"],\"inLanguage\":\"pt-BR\",\"potentialAction\":[{\"@type\":\"CommentAction\",\"name\":\"Comment\",\"target\":[\"https:\/\/mainhardt.com.br\/contabilidade\/mainhardt-contabilidade-assume-a-gestao-contabil-do-instituto-gene\/#respond\"]}]},{\"@type\":\"WebPage\",\"@id\":\"https:\/\/mainhardt.com.br\/contabilidade\/mainhardt-contabilidade-assume-a-gestao-contabil-do-instituto-gene\/\",\"url\":\"https:\/\/mainhardt.com.br\/contabilidade\/mainhardt-contabilidade-assume-a-gestao-contabil-do-instituto-gene\/\",\"name\":\"Mainhardt Contabilidade assume a gest\u00e3o cont\u00e1bil do Instituto Gene - Mainhardt Contabilidade\",\"isPartOf\":{\"@id\":\"https:\/\/mainhardt.com.br\/contabilidade\/#website\"},\"datePublished\":\"2021-08-12T18:55:56+00:00\",\"dateModified\":\"2021-08-12T19:13:22+00:00\",\"breadcrumb\":{\"@id\":\"https:\/\/mainhardt.com.br\/contabilidade\/mainhardt-contabilidade-assume-a-gestao-contabil-do-instituto-gene\/#breadcrumb\"},\"inLanguage\":\"pt-BR\",\"potentialAction\":[{\"@type\":\"ReadAction\",\"target\":[\"https:\/\/mainhardt.com.br\/contabilidade\/mainhardt-contabilidade-assume-a-gestao-contabil-do-instituto-gene\/\"]}]},{\"@type\":\"BreadcrumbList\",\"@id\":\"https:\/\/mainhardt.com.br\/contabilidade\/mainhardt-contabilidade-assume-a-gestao-contabil-do-instituto-gene\/#breadcrumb\",\"itemListElement\":[{\"@type\":\"ListItem\",\"position\":1,\"name\":\"In\u00edcio\",\"item\":\"https:\/\/mainhardt.com.br\/contabilidade\/\"},{\"@type\":\"ListItem\",\"position\":2,\"name\":\"Mainhardt Contabilidade assume a gest\u00e3o cont\u00e1bil do Instituto Gene\"}]},{\"@type\":\"WebSite\",\"@id\":\"https:\/\/mainhardt.com.br\/contabilidade\/#website\",\"url\":\"https:\/\/mainhardt.com.br\/contabilidade\/\",\"name\":\"Mainhardt Contabilidade\",\"description\":\"Contabilidade em Santa Catarina\",\"publisher\":{\"@id\":\"https:\/\/mainhardt.com.br\/contabilidade\/#organization\"},\"potentialAction\":[{\"@type\":\"SearchAction\",\"target\":{\"@type\":\"EntryPoint\",\"urlTemplate\":\"https:\/\/mainhardt.com.br\/contabilidade\/?s={search_term_string}\"},\"query-input\":\"required name=search_term_string\"}],\"inLanguage\":\"pt-BR\"},{\"@type\":\"Organization\",\"@id\":\"https:\/\/mainhardt.com.br\/contabilidade\/#organization\",\"name\":\"Mainhardt Contabilidade\",\"url\":\"https:\/\/mainhardt.com.br\/contabilidade\/\",\"sameAs\":[],\"logo\":{\"@type\":\"ImageObject\",\"inLanguage\":\"pt-BR\",\"@id\":\"https:\/\/mainhardt.com.br\/contabilidade\/#\/schema\/logo\/image\/\",\"url\":\"https:\/\/mainhardt.com.br\/contabilidade\/wp-content\/uploads\/2022\/08\/Novo-Projeto-10.png\",\"contentUrl\":\"https:\/\/mainhardt.com.br\/contabilidade\/wp-content\/uploads\/2022\/08\/Novo-Projeto-10.png\",\"width\":170,\"height\":60,\"caption\":\"Mainhardt Contabilidade\"},\"image\":{\"@id\":\"https:\/\/mainhardt.com.br\/contabilidade\/#\/schema\/logo\/image\/\"}},{\"@type\":\"Person\",\"@id\":\"https:\/\/mainhardt.com.br\/contabilidade\/#\/schema\/person\/fbae9da6eebfcbf5302053bba49451b5\",\"name\":\"su.wp\",\"image\":{\"@type\":\"ImageObject\",\"inLanguage\":\"pt-BR\",\"@id\":\"https:\/\/mainhardt.com.br\/contabilidade\/#\/schema\/person\/image\/\",\"url\":\"https:\/\/secure.gravatar.com\/avatar\/4660c4d944a5ce7de85f33ede443a76d3abfdf976c7c53c8b98877a5a0a8870f?s=96&d=mm&r=g\",\"contentUrl\":\"https:\/\/secure.gravatar.com\/avatar\/4660c4d944a5ce7de85f33ede443a76d3abfdf976c7c53c8b98877a5a0a8870f?s=96&d=mm&r=g\",\"caption\":\"su.wp\"},\"sameAs\":[\"http:\/\/wptemplate.dev.com\"],\"url\":\"https:\/\/mainhardt.com.br\/contabilidade\/author\/su-wp\/\"}]}<\/script>\n<!-- \/ Yoast SEO plugin. -->","yoast_head_json":{"title":"Mainhardt Contabilidade assume a gest\u00e3o cont\u00e1bil do Instituto Gene - Mainhardt Contabilidade","robots":{"index":"index","follow":"follow","max-snippet":"max-snippet:-1","max-image-preview":"max-image-preview:large","max-video-preview":"max-video-preview:-1"},"canonical":"https:\/\/mainhardt.com.br\/contabilidade\/mainhardt-contabilidade-assume-a-gestao-contabil-do-instituto-gene\/","og_locale":"pt_BR","og_type":"article","og_title":"Mainhardt Contabilidade assume a gest\u00e3o cont\u00e1bil do Instituto Gene - Mainhardt Contabilidade","og_description":"A Mainhardt Contabilidade assumiu a gest\u00e3o cont\u00e1bil do Instituto Gene, entidade respons\u00e1vel pela administra\u00e7\u00e3o do Centro de Inova\u00e7\u00e3o de Blumenau. O in\u00edcio dos trabalhos foi nesta segunda-feira, 02\/08. A Mainhardt tamb\u00e9m passa a patrocinar o espa\u00e7o do Centro de Inova\u00e7\u00e3o. Veja o que diz Marcelo Cunha Junior, gerente comercial da Mainhardt: \u201cO ambiente de inova\u00e7\u00e3o [&hellip;]","og_url":"https:\/\/mainhardt.com.br\/contabilidade\/mainhardt-contabilidade-assume-a-gestao-contabil-do-instituto-gene\/","og_site_name":"Mainhardt Contabilidade","article_published_time":"2021-08-12T18:55:56+00:00","article_modified_time":"2021-08-12T19:13:22+00:00","og_image":[{"width":580,"height":580,"url":"http:\/\/mainhardt.com.br\/contabilidade\/wp-content\/uploads\/2021\/06\/fundo-azul.jpg","type":"image\/jpeg"}],"author":"su.wp","twitter_card":"summary_large_image","twitter_misc":{"Escrito por":"su.wp","Est. tempo de leitura":"2 minutos"},"schema":{"@context":"https:\/\/schema.org","@graph":[{"@type":"Article","@id":"https:\/\/mainhardt.com.br\/contabilidade\/mainhardt-contabilidade-assume-a-gestao-contabil-do-instituto-gene\/#article","isPartOf":{"@id":"https:\/\/mainhardt.com.br\/contabilidade\/mainhardt-contabilidade-assume-a-gestao-contabil-do-instituto-gene\/"},"author":{"name":"su.wp","@id":"https:\/\/mainhardt.com.br\/contabilidade\/#\/schema\/person\/fbae9da6eebfcbf5302053bba49451b5"},"headline":"Mainhardt Contabilidade assume a gest\u00e3o cont\u00e1bil do Instituto Gene","datePublished":"2021-08-12T18:55:56+00:00","dateModified":"2021-08-12T19:13:22+00:00","mainEntityOfPage":{"@id":"https:\/\/mainhardt.com.br\/contabilidade\/mainhardt-contabilidade-assume-a-gestao-contabil-do-instituto-gene\/"},"wordCount":414,"commentCount":0,"publisher":{"@id":"https:\/\/mainhardt.com.br\/contabilidade\/#organization"},"articleSection":["Not\u00edcias"],"inLanguage":"pt-BR","potentialAction":[{"@type":"CommentAction","name":"Comment","target":["https:\/\/mainhardt.com.br\/contabilidade\/mainhardt-contabilidade-assume-a-gestao-contabil-do-instituto-gene\/#respond"]}]},{"@type":"WebPage","@id":"https:\/\/mainhardt.com.br\/contabilidade\/mainhardt-contabilidade-assume-a-gestao-contabil-do-instituto-gene\/","url":"https:\/\/mainhardt.com.br\/contabilidade\/mainhardt-contabilidade-assume-a-gestao-contabil-do-instituto-gene\/","name":"Mainhardt Contabilidade assume a gest\u00e3o cont\u00e1bil do Instituto Gene - Mainhardt Contabilidade","isPartOf":{"@id":"https:\/\/mainhardt.com.br\/contabilidade\/#website"},"datePublished":"2021-08-12T18:55:56+00:00","dateModified":"2021-08-12T19:13:22+00:00","breadcrumb":{"@id":"https:\/\/mainhardt.com.br\/contabilidade\/mainhardt-contabilidade-assume-a-gestao-contabil-do-instituto-gene\/#breadcrumb"},"inLanguage":"pt-BR","potentialAction":[{"@type":"ReadAction","target":["https:\/\/mainhardt.com.br\/contabilidade\/mainhardt-contabilidade-assume-a-gestao-contabil-do-instituto-gene\/"]}]},{"@type":"BreadcrumbList","@id":"https:\/\/mainhardt.com.br\/contabilidade\/mainhardt-contabilidade-assume-a-gestao-contabil-do-instituto-gene\/#breadcrumb","itemListElement":[{"@type":"ListItem","position":1,"name":"In\u00edcio","item":"https:\/\/mainhardt.com.br\/contabilidade\/"},{"@type":"ListItem","position":2,"name":"Mainhardt Contabilidade assume a gest\u00e3o cont\u00e1bil do Instituto Gene"}]},{"@type":"WebSite","@id":"https:\/\/mainhardt.com.br\/contabilidade\/#website","url":"https:\/\/mainhardt.com.br\/contabilidade\/","name":"Mainhardt Contabilidade","description":"Contabilidade em Santa Catarina","publisher":{"@id":"https:\/\/mainhardt.com.br\/contabilidade\/#organization"},"potentialAction":[{"@type":"SearchAction","target":{"@type":"EntryPoint","urlTemplate":"https:\/\/mainhardt.com.br\/contabilidade\/?s={search_term_string}"},"query-input":"required name=search_term_string"}],"inLanguage":"pt-BR"},{"@type":"Organization","@id":"https:\/\/mainhardt.com.br\/contabilidade\/#organization","name":"Mainhardt Contabilidade","url":"https:\/\/mainhardt.com.br\/contabilidade\/","sameAs":[],"logo":{"@type":"ImageObject","inLanguage":"pt-BR","@id":"https:\/\/mainhardt.com.br\/contabilidade\/#\/schema\/logo\/image\/","url":"https:\/\/mainhardt.com.br\/contabilidade\/wp-content\/uploads\/2022\/08\/Novo-Projeto-10.png","contentUrl":"https:\/\/mainhardt.com.br\/contabilidade\/wp-content\/uploads\/2022\/08\/Novo-Projeto-10.png","width":170,"height":60,"caption":"Mainhardt Contabilidade"},"image":{"@id":"https:\/\/mainhardt.com.br\/contabilidade\/#\/schema\/logo\/image\/"}},{"@type":"Person","@id":"https:\/\/mainhardt.com.br\/contabilidade\/#\/schema\/person\/fbae9da6eebfcbf5302053bba49451b5","name":"su.wp","image":{"@type":"ImageObject","inLanguage":"pt-BR","@id":"https:\/\/mainhardt.com.br\/contabilidade\/#\/schema\/person\/image\/","url":"https:\/\/secure.gravatar.com\/avatar\/4660c4d944a5ce7de85f33ede443a76d3abfdf976c7c53c8b98877a5a0a8870f?s=96&d=mm&r=g","contentUrl":"https:\/\/secure.gravatar.com\/avatar\/4660c4d944a5ce7de85f33ede443a76d3abfdf976c7c53c8b98877a5a0a8870f?s=96&d=mm&r=g","caption":"su.wp"},"sameAs":["http:\/\/wptemplate.dev.com"],"url":"https:\/\/mainhardt.com.br\/contabilidade\/author\/su-wp\/"}]}},"_links":{"self":[{"href":"https:\/\/mainhardt.com.br\/contabilidade\/wp-json\/wp\/v2\/posts\/420","targetHints":{"allow":["GET"]}}],"collection":[{"href":"https:\/\/mainhardt.com.br\/contabilidade\/wp-json\/wp\/v2\/posts"}],"about":[{"href":"https:\/\/mainhardt.com.br\/contabilidade\/wp-json\/wp\/v2\/types\/post"}],"author":[{"embeddable":true,"href":"https:\/\/mainhardt.com.br\/contabilidade\/wp-json\/wp\/v2\/users\/1"}],"replies":[{"embeddable":true,"href":"https:\/\/mainhardt.com.br\/contabilidade\/wp-json\/wp\/v2\/comments?post=420"}],"version-history":[{"count":5,"href":"https:\/\/mainhardt.com.br\/contabilidade\/wp-json\/wp\/v2\/posts\/420\/revisions"}],"predecessor-version":[{"id":428,"href":"https:\/\/mainhardt.com.br\/contabilidade\/wp-json\/wp\/v2\/posts\/420\/revisions\/428"}],"wp:featuredmedia":[{"embeddable":true,"href":"https:\/\/mainhardt.com.br\/contabilidade\/wp-json\/wp\/v2\/media\/365"}],"wp:attachment":[{"href":"https:\/\/mainhardt.com.br\/contabilidade\/wp-json\/wp\/v2\/media?parent=420"}],"wp:term":[{"taxonomy":"category","embeddable":true,"href":"https:\/\/mainhardt.com.br\/contabilidade\/wp-json\/wp\/v2\/categories?post=420"},{"taxonomy":"post_tag","embeddable":true,"href":"https:\/\/mainhardt.com.br\/contabilidade\/wp-json\/wp\/v2\/tags?post=420"}],"curies":[{"name":"wp","href":"https:\/\/api.w.org\/{rel}","templated":true}]}}