{"id":451,"date":"2021-08-13T10:59:17","date_gmt":"2021-08-13T13:59:17","guid":{"rendered":"https:\/\/www.mainhardt.com.br\/?p=451"},"modified":"2021-08-13T10:59:17","modified_gmt":"2021-08-13T13:59:17","slug":"saiba-o-que-a-lei-da-liberdade-economica%e2%80%8b-alterou-em-relacao-as-regras-trabalhistas","status":"publish","type":"post","link":"https:\/\/mainhardt.com.br\/contabilidade\/saiba-o-que-a-lei-da-liberdade-economica%e2%80%8b-alterou-em-relacao-as-regras-trabalhistas\/","title":{"rendered":"Saiba o que a \u201cLei da Liberdade Econ\u00f4mica&#8221;\u200b alterou em rela\u00e7\u00e3o \u00e0s regras trabalhistas"},"content":{"rendered":"\n<p><strong>Lei n\u00ba 13.874\/2019 prev\u00ea redu\u00e7\u00e3o de burocracias empresariais e facilidades para empreender<\/strong><\/p>\n\n\n\n<p><\/p>\n\n\n\n<p>A MP n\u00ba 881\/2019, em 20 de setembro de 2019, foi convertida, mediante a san\u00e7\u00e3o presidencial, na Lei n\u00ba 13.874\/2019, chamada de \u201cLei da Liberdade Econ\u00f4mica\u201d. Al\u00e9m das quest\u00f5es referentes \u00e0 diminui\u00e7\u00e3o da burocracia e \u00e0 facilita\u00e7\u00e3o na abertura de empresas, principalmente as de micro e pequeno porte, esta lei trouxe algumas modifica\u00e7\u00f5es na legisla\u00e7\u00e3o trabalhista.<\/p>\n\n\n\n<p>Dentre elas podemos mencionar a dispensa de registro de ponto para empresas com at\u00e9 20 empregados; marca\u00e7\u00e3o da jornada fora do estabelecimento; ponto por exce\u00e7\u00e3o e ado\u00e7\u00e3o da Carteira de Trabalho e Previd\u00eancia Social, preferencialmente, por meio eletr\u00f4nico.<\/p>\n\n\n\n<p><strong>Ponto<\/strong><\/p>\n\n\n\n<p>Em rela\u00e7\u00e3o ponto obrigat\u00f3rio, destacamos que, de acordo com a legisla\u00e7\u00e3o, o registro dos hor\u00e1rios de entrada e sa\u00edda do trabalho passa a ser obrigat\u00f3rio somente para empresas com mais de 20 funcion\u00e1rios (altera\u00e7\u00e3o no art. 74, par\u00e1grafo segundo, da CLT). Lembrando que, at\u00e9 ent\u00e3o, a obrigatoriedade era para empresas com dez ou mais empregados.<\/p>\n\n\n\n<p>No tocante ao trabalho fora do estabelecimento, o hor\u00e1rio dever\u00e1 ser anotado por meio de registro manual, mec\u00e2nico ou eletr\u00f4nico em poder do colaborador (altera\u00e7\u00e3o no art. 74, par\u00e1grafo terceiro, da CLT).<\/p>\n\n\n\n<p>Por fim, permitiu-se o registro de ponto por exce\u00e7\u00e3o, isto \u00e9, a marca\u00e7\u00e3o apenas dos hor\u00e1rios que n\u00e3o coincidam com a jornada contratual (altera\u00e7\u00e3o no art. 74, par\u00e1grafo quarto, da CLT). Para sua ado\u00e7\u00e3o, ser\u00e1 necess\u00e1ria a formaliza\u00e7\u00e3o de acordo individual escrito, conven\u00e7\u00e3o coletiva ou acordo coletivo de trabalho.<\/p>\n\n\n\n<p><strong>Carteira de Trabalho<\/strong><\/p>\n\n\n\n<p>Relativamente \u00e0 CTPS (Carteira de Trabalho e Previd\u00eancia Social), determinou-se que a emiss\u00e3o dos novos documentos se dar\u00e1, \u201cpreferencialmente\u201d em meio eletr\u00f4nico (caput do art. 14, da CLT) e ter\u00e1 como identifica\u00e7\u00e3o \u00fanica do empregado o n\u00famero de CPF (caput do art. 16, da CLT). As carteiras de trabalho continuar\u00e3o a ser impressas, mas apenas em situa\u00e7\u00f5es excepcionais.<\/p>\n\n\n\n<p>O prazo para registro e anota\u00e7\u00f5es na CTPS igualmente foi alterado. Passou de 48 horas, a partir da admiss\u00e3o do trabalhador, para cinco dias \u00fateis (caput do art. 29, da CLT). Os registros eletr\u00f4nicos gerados pelo empregador nos sistemas informatizados da CTPS equivalem \u00e0s anota\u00e7\u00f5es a que se refere esta Lei (art. 29, par\u00e1grafo s\u00e9timo, da CLT). O trabalhador dever\u00e1 ter acesso \u00e0s informa\u00e7\u00f5es da sua CTPS no prazo de at\u00e9 48 horas a partir de sua anota\u00e7\u00e3o (art. 29, par\u00e1grafo oitavo, da CLT).<\/p>\n\n\n\n<p><\/p>\n","protected":false},"excerpt":{"rendered":"<p>Lei n\u00ba 13.874\/2019 prev\u00ea redu\u00e7\u00e3o de burocracias empresariais e facilidades para empreender A MP n\u00ba 881\/2019, em 20 de setembro de 2019, foi convertida, mediante a san\u00e7\u00e3o presidencial, na Lei n\u00ba 13.874\/2019, chamada de \u201cLei da Liberdade Econ\u00f4mica\u201d. Al\u00e9m das quest\u00f5es referentes \u00e0 diminui\u00e7\u00e3o da burocracia e \u00e0 facilita\u00e7\u00e3o na abertura de empresas, principalmente as [&hellip;]<\/p>\n","protected":false},"author":1,"featured_media":365,"comment_status":"open","ping_status":"open","sticky":false,"template":"","format":"standard","meta":{"footnotes":""},"categories":[1],"tags":[],"class_list":["post-451","post","type-post","status-publish","format-standard","has-post-thumbnail","hentry","category-noticias"],"yoast_head":"<!-- This site is optimized with the Yoast SEO plugin v19.6.1 - https:\/\/yoast.com\/wordpress\/plugins\/seo\/ -->\n<title>Saiba o que a \u201cLei da Liberdade Econ\u00f4mica&quot;\u200b alterou em rela\u00e7\u00e3o \u00e0s regras trabalhistas - Mainhardt Contabilidade<\/title>\n<meta name=\"robots\" content=\"index, follow, max-snippet:-1, max-image-preview:large, max-video-preview:-1\" \/>\n<link rel=\"canonical\" href=\"https:\/\/mainhardt.com.br\/contabilidade\/saiba-o-que-a-lei-da-liberdade-economica\u200b-alterou-em-relacao-as-regras-trabalhistas\/\" \/>\n<meta property=\"og:locale\" content=\"pt_BR\" \/>\n<meta property=\"og:type\" content=\"article\" \/>\n<meta property=\"og:title\" content=\"Saiba o que a \u201cLei da Liberdade Econ\u00f4mica&quot;\u200b alterou em rela\u00e7\u00e3o \u00e0s regras trabalhistas - Mainhardt Contabilidade\" \/>\n<meta property=\"og:description\" content=\"Lei n\u00ba 13.874\/2019 prev\u00ea redu\u00e7\u00e3o de burocracias empresariais e facilidades para empreender A MP n\u00ba 881\/2019, em 20 de setembro de 2019, foi convertida, mediante a san\u00e7\u00e3o presidencial, na Lei n\u00ba 13.874\/2019, chamada de \u201cLei da Liberdade Econ\u00f4mica\u201d. Al\u00e9m das quest\u00f5es referentes \u00e0 diminui\u00e7\u00e3o da burocracia e \u00e0 facilita\u00e7\u00e3o na abertura de empresas, principalmente as [&hellip;]\" \/>\n<meta property=\"og:url\" content=\"https:\/\/mainhardt.com.br\/contabilidade\/saiba-o-que-a-lei-da-liberdade-economica\u200b-alterou-em-relacao-as-regras-trabalhistas\/\" \/>\n<meta property=\"og:site_name\" content=\"Mainhardt Contabilidade\" \/>\n<meta property=\"article:published_time\" content=\"2021-08-13T13:59:17+00:00\" \/>\n<meta property=\"og:image\" content=\"http:\/\/mainhardt.com.br\/contabilidade\/wp-content\/uploads\/2021\/06\/fundo-azul.jpg\" \/>\n\t<meta property=\"og:image:width\" content=\"580\" \/>\n\t<meta property=\"og:image:height\" content=\"580\" \/>\n\t<meta property=\"og:image:type\" content=\"image\/jpeg\" \/>\n<meta name=\"author\" content=\"su.wp\" \/>\n<meta name=\"twitter:card\" content=\"summary_large_image\" \/>\n<meta name=\"twitter:label1\" content=\"Escrito por\" \/>\n\t<meta name=\"twitter:data1\" content=\"su.wp\" \/>\n\t<meta name=\"twitter:label2\" content=\"Est. tempo de leitura\" \/>\n\t<meta name=\"twitter:data2\" content=\"2 minutos\" \/>\n<script type=\"application\/ld+json\" class=\"yoast-schema-graph\">{\"@context\":\"https:\/\/schema.org\",\"@graph\":[{\"@type\":\"Article\",\"@id\":\"https:\/\/mainhardt.com.br\/contabilidade\/saiba-o-que-a-lei-da-liberdade-economica%e2%80%8b-alterou-em-relacao-as-regras-trabalhistas\/#article\",\"isPartOf\":{\"@id\":\"https:\/\/mainhardt.com.br\/contabilidade\/saiba-o-que-a-lei-da-liberdade-economica%e2%80%8b-alterou-em-relacao-as-regras-trabalhistas\/\"},\"author\":{\"name\":\"su.wp\",\"@id\":\"https:\/\/mainhardt.com.br\/contabilidade\/#\/schema\/person\/fbae9da6eebfcbf5302053bba49451b5\"},\"headline\":\"Saiba o que a \u201cLei da Liberdade Econ\u00f4mica&#8221;\u200b alterou em rela\u00e7\u00e3o \u00e0s regras trabalhistas\",\"datePublished\":\"2021-08-13T13:59:17+00:00\",\"dateModified\":\"2021-08-13T13:59:17+00:00\",\"mainEntityOfPage\":{\"@id\":\"https:\/\/mainhardt.com.br\/contabilidade\/saiba-o-que-a-lei-da-liberdade-economica%e2%80%8b-alterou-em-relacao-as-regras-trabalhistas\/\"},\"wordCount\":438,\"commentCount\":0,\"publisher\":{\"@id\":\"https:\/\/mainhardt.com.br\/contabilidade\/#organization\"},\"articleSection\":[\"Not\u00edcias\"],\"inLanguage\":\"pt-BR\",\"potentialAction\":[{\"@type\":\"CommentAction\",\"name\":\"Comment\",\"target\":[\"https:\/\/mainhardt.com.br\/contabilidade\/saiba-o-que-a-lei-da-liberdade-economica%e2%80%8b-alterou-em-relacao-as-regras-trabalhistas\/#respond\"]}]},{\"@type\":\"WebPage\",\"@id\":\"https:\/\/mainhardt.com.br\/contabilidade\/saiba-o-que-a-lei-da-liberdade-economica%e2%80%8b-alterou-em-relacao-as-regras-trabalhistas\/\",\"url\":\"https:\/\/mainhardt.com.br\/contabilidade\/saiba-o-que-a-lei-da-liberdade-economica%e2%80%8b-alterou-em-relacao-as-regras-trabalhistas\/\",\"name\":\"Saiba o que a \u201cLei da Liberdade Econ\u00f4mica\\\"\u200b alterou em rela\u00e7\u00e3o \u00e0s regras trabalhistas - Mainhardt Contabilidade\",\"isPartOf\":{\"@id\":\"https:\/\/mainhardt.com.br\/contabilidade\/#website\"},\"datePublished\":\"2021-08-13T13:59:17+00:00\",\"dateModified\":\"2021-08-13T13:59:17+00:00\",\"breadcrumb\":{\"@id\":\"https:\/\/mainhardt.com.br\/contabilidade\/saiba-o-que-a-lei-da-liberdade-economica%e2%80%8b-alterou-em-relacao-as-regras-trabalhistas\/#breadcrumb\"},\"inLanguage\":\"pt-BR\",\"potentialAction\":[{\"@type\":\"ReadAction\",\"target\":[\"https:\/\/mainhardt.com.br\/contabilidade\/saiba-o-que-a-lei-da-liberdade-economica%e2%80%8b-alterou-em-relacao-as-regras-trabalhistas\/\"]}]},{\"@type\":\"BreadcrumbList\",\"@id\":\"https:\/\/mainhardt.com.br\/contabilidade\/saiba-o-que-a-lei-da-liberdade-economica%e2%80%8b-alterou-em-relacao-as-regras-trabalhistas\/#breadcrumb\",\"itemListElement\":[{\"@type\":\"ListItem\",\"position\":1,\"name\":\"In\u00edcio\",\"item\":\"https:\/\/mainhardt.com.br\/contabilidade\/\"},{\"@type\":\"ListItem\",\"position\":2,\"name\":\"Saiba o que a \u201cLei da Liberdade Econ\u00f4mica&#8221;\u200b alterou em rela\u00e7\u00e3o \u00e0s regras trabalhistas\"}]},{\"@type\":\"WebSite\",\"@id\":\"https:\/\/mainhardt.com.br\/contabilidade\/#website\",\"url\":\"https:\/\/mainhardt.com.br\/contabilidade\/\",\"name\":\"Mainhardt Contabilidade\",\"description\":\"Contabilidade em Santa Catarina\",\"publisher\":{\"@id\":\"https:\/\/mainhardt.com.br\/contabilidade\/#organization\"},\"potentialAction\":[{\"@type\":\"SearchAction\",\"target\":{\"@type\":\"EntryPoint\",\"urlTemplate\":\"https:\/\/mainhardt.com.br\/contabilidade\/?s={search_term_string}\"},\"query-input\":\"required name=search_term_string\"}],\"inLanguage\":\"pt-BR\"},{\"@type\":\"Organization\",\"@id\":\"https:\/\/mainhardt.com.br\/contabilidade\/#organization\",\"name\":\"Mainhardt Contabilidade\",\"url\":\"https:\/\/mainhardt.com.br\/contabilidade\/\",\"sameAs\":[],\"logo\":{\"@type\":\"ImageObject\",\"inLanguage\":\"pt-BR\",\"@id\":\"https:\/\/mainhardt.com.br\/contabilidade\/#\/schema\/logo\/image\/\",\"url\":\"https:\/\/mainhardt.com.br\/contabilidade\/wp-content\/uploads\/2022\/08\/Novo-Projeto-10.png\",\"contentUrl\":\"https:\/\/mainhardt.com.br\/contabilidade\/wp-content\/uploads\/2022\/08\/Novo-Projeto-10.png\",\"width\":170,\"height\":60,\"caption\":\"Mainhardt Contabilidade\"},\"image\":{\"@id\":\"https:\/\/mainhardt.com.br\/contabilidade\/#\/schema\/logo\/image\/\"}},{\"@type\":\"Person\",\"@id\":\"https:\/\/mainhardt.com.br\/contabilidade\/#\/schema\/person\/fbae9da6eebfcbf5302053bba49451b5\",\"name\":\"su.wp\",\"image\":{\"@type\":\"ImageObject\",\"inLanguage\":\"pt-BR\",\"@id\":\"https:\/\/mainhardt.com.br\/contabilidade\/#\/schema\/person\/image\/\",\"url\":\"https:\/\/secure.gravatar.com\/avatar\/4660c4d944a5ce7de85f33ede443a76d3abfdf976c7c53c8b98877a5a0a8870f?s=96&d=mm&r=g\",\"contentUrl\":\"https:\/\/secure.gravatar.com\/avatar\/4660c4d944a5ce7de85f33ede443a76d3abfdf976c7c53c8b98877a5a0a8870f?s=96&d=mm&r=g\",\"caption\":\"su.wp\"},\"sameAs\":[\"http:\/\/wptemplate.dev.com\"],\"url\":\"https:\/\/mainhardt.com.br\/contabilidade\/author\/su-wp\/\"}]}<\/script>\n<!-- \/ Yoast SEO plugin. -->","yoast_head_json":{"title":"Saiba o que a \u201cLei da Liberdade Econ\u00f4mica\"\u200b alterou em rela\u00e7\u00e3o \u00e0s regras trabalhistas - Mainhardt Contabilidade","robots":{"index":"index","follow":"follow","max-snippet":"max-snippet:-1","max-image-preview":"max-image-preview:large","max-video-preview":"max-video-preview:-1"},"canonical":"https:\/\/mainhardt.com.br\/contabilidade\/saiba-o-que-a-lei-da-liberdade-economica\u200b-alterou-em-relacao-as-regras-trabalhistas\/","og_locale":"pt_BR","og_type":"article","og_title":"Saiba o que a \u201cLei da Liberdade Econ\u00f4mica\"\u200b alterou em rela\u00e7\u00e3o \u00e0s regras trabalhistas - Mainhardt Contabilidade","og_description":"Lei n\u00ba 13.874\/2019 prev\u00ea redu\u00e7\u00e3o de burocracias empresariais e facilidades para empreender A MP n\u00ba 881\/2019, em 20 de setembro de 2019, foi convertida, mediante a san\u00e7\u00e3o presidencial, na Lei n\u00ba 13.874\/2019, chamada de \u201cLei da Liberdade Econ\u00f4mica\u201d. Al\u00e9m das quest\u00f5es referentes \u00e0 diminui\u00e7\u00e3o da burocracia e \u00e0 facilita\u00e7\u00e3o na abertura de empresas, principalmente as [&hellip;]","og_url":"https:\/\/mainhardt.com.br\/contabilidade\/saiba-o-que-a-lei-da-liberdade-economica\u200b-alterou-em-relacao-as-regras-trabalhistas\/","og_site_name":"Mainhardt Contabilidade","article_published_time":"2021-08-13T13:59:17+00:00","og_image":[{"width":580,"height":580,"url":"http:\/\/mainhardt.com.br\/contabilidade\/wp-content\/uploads\/2021\/06\/fundo-azul.jpg","type":"image\/jpeg"}],"author":"su.wp","twitter_card":"summary_large_image","twitter_misc":{"Escrito por":"su.wp","Est. tempo de leitura":"2 minutos"},"schema":{"@context":"https:\/\/schema.org","@graph":[{"@type":"Article","@id":"https:\/\/mainhardt.com.br\/contabilidade\/saiba-o-que-a-lei-da-liberdade-economica%e2%80%8b-alterou-em-relacao-as-regras-trabalhistas\/#article","isPartOf":{"@id":"https:\/\/mainhardt.com.br\/contabilidade\/saiba-o-que-a-lei-da-liberdade-economica%e2%80%8b-alterou-em-relacao-as-regras-trabalhistas\/"},"author":{"name":"su.wp","@id":"https:\/\/mainhardt.com.br\/contabilidade\/#\/schema\/person\/fbae9da6eebfcbf5302053bba49451b5"},"headline":"Saiba o que a \u201cLei da Liberdade Econ\u00f4mica&#8221;\u200b alterou em rela\u00e7\u00e3o \u00e0s regras trabalhistas","datePublished":"2021-08-13T13:59:17+00:00","dateModified":"2021-08-13T13:59:17+00:00","mainEntityOfPage":{"@id":"https:\/\/mainhardt.com.br\/contabilidade\/saiba-o-que-a-lei-da-liberdade-economica%e2%80%8b-alterou-em-relacao-as-regras-trabalhistas\/"},"wordCount":438,"commentCount":0,"publisher":{"@id":"https:\/\/mainhardt.com.br\/contabilidade\/#organization"},"articleSection":["Not\u00edcias"],"inLanguage":"pt-BR","potentialAction":[{"@type":"CommentAction","name":"Comment","target":["https:\/\/mainhardt.com.br\/contabilidade\/saiba-o-que-a-lei-da-liberdade-economica%e2%80%8b-alterou-em-relacao-as-regras-trabalhistas\/#respond"]}]},{"@type":"WebPage","@id":"https:\/\/mainhardt.com.br\/contabilidade\/saiba-o-que-a-lei-da-liberdade-economica%e2%80%8b-alterou-em-relacao-as-regras-trabalhistas\/","url":"https:\/\/mainhardt.com.br\/contabilidade\/saiba-o-que-a-lei-da-liberdade-economica%e2%80%8b-alterou-em-relacao-as-regras-trabalhistas\/","name":"Saiba o que a \u201cLei da Liberdade Econ\u00f4mica\"\u200b alterou em rela\u00e7\u00e3o \u00e0s regras trabalhistas - Mainhardt Contabilidade","isPartOf":{"@id":"https:\/\/mainhardt.com.br\/contabilidade\/#website"},"datePublished":"2021-08-13T13:59:17+00:00","dateModified":"2021-08-13T13:59:17+00:00","breadcrumb":{"@id":"https:\/\/mainhardt.com.br\/contabilidade\/saiba-o-que-a-lei-da-liberdade-economica%e2%80%8b-alterou-em-relacao-as-regras-trabalhistas\/#breadcrumb"},"inLanguage":"pt-BR","potentialAction":[{"@type":"ReadAction","target":["https:\/\/mainhardt.com.br\/contabilidade\/saiba-o-que-a-lei-da-liberdade-economica%e2%80%8b-alterou-em-relacao-as-regras-trabalhistas\/"]}]},{"@type":"BreadcrumbList","@id":"https:\/\/mainhardt.com.br\/contabilidade\/saiba-o-que-a-lei-da-liberdade-economica%e2%80%8b-alterou-em-relacao-as-regras-trabalhistas\/#breadcrumb","itemListElement":[{"@type":"ListItem","position":1,"name":"In\u00edcio","item":"https:\/\/mainhardt.com.br\/contabilidade\/"},{"@type":"ListItem","position":2,"name":"Saiba o que a \u201cLei da Liberdade Econ\u00f4mica&#8221;\u200b alterou em rela\u00e7\u00e3o \u00e0s regras trabalhistas"}]},{"@type":"WebSite","@id":"https:\/\/mainhardt.com.br\/contabilidade\/#website","url":"https:\/\/mainhardt.com.br\/contabilidade\/","name":"Mainhardt Contabilidade","description":"Contabilidade em Santa Catarina","publisher":{"@id":"https:\/\/mainhardt.com.br\/contabilidade\/#organization"},"potentialAction":[{"@type":"SearchAction","target":{"@type":"EntryPoint","urlTemplate":"https:\/\/mainhardt.com.br\/contabilidade\/?s={search_term_string}"},"query-input":"required name=search_term_string"}],"inLanguage":"pt-BR"},{"@type":"Organization","@id":"https:\/\/mainhardt.com.br\/contabilidade\/#organization","name":"Mainhardt Contabilidade","url":"https:\/\/mainhardt.com.br\/contabilidade\/","sameAs":[],"logo":{"@type":"ImageObject","inLanguage":"pt-BR","@id":"https:\/\/mainhardt.com.br\/contabilidade\/#\/schema\/logo\/image\/","url":"https:\/\/mainhardt.com.br\/contabilidade\/wp-content\/uploads\/2022\/08\/Novo-Projeto-10.png","contentUrl":"https:\/\/mainhardt.com.br\/contabilidade\/wp-content\/uploads\/2022\/08\/Novo-Projeto-10.png","width":170,"height":60,"caption":"Mainhardt Contabilidade"},"image":{"@id":"https:\/\/mainhardt.com.br\/contabilidade\/#\/schema\/logo\/image\/"}},{"@type":"Person","@id":"https:\/\/mainhardt.com.br\/contabilidade\/#\/schema\/person\/fbae9da6eebfcbf5302053bba49451b5","name":"su.wp","image":{"@type":"ImageObject","inLanguage":"pt-BR","@id":"https:\/\/mainhardt.com.br\/contabilidade\/#\/schema\/person\/image\/","url":"https:\/\/secure.gravatar.com\/avatar\/4660c4d944a5ce7de85f33ede443a76d3abfdf976c7c53c8b98877a5a0a8870f?s=96&d=mm&r=g","contentUrl":"https:\/\/secure.gravatar.com\/avatar\/4660c4d944a5ce7de85f33ede443a76d3abfdf976c7c53c8b98877a5a0a8870f?s=96&d=mm&r=g","caption":"su.wp"},"sameAs":["http:\/\/wptemplate.dev.com"],"url":"https:\/\/mainhardt.com.br\/contabilidade\/author\/su-wp\/"}]}},"_links":{"self":[{"href":"https:\/\/mainhardt.com.br\/contabilidade\/wp-json\/wp\/v2\/posts\/451","targetHints":{"allow":["GET"]}}],"collection":[{"href":"https:\/\/mainhardt.com.br\/contabilidade\/wp-json\/wp\/v2\/posts"}],"about":[{"href":"https:\/\/mainhardt.com.br\/contabilidade\/wp-json\/wp\/v2\/types\/post"}],"author":[{"embeddable":true,"href":"https:\/\/mainhardt.com.br\/contabilidade\/wp-json\/wp\/v2\/users\/1"}],"replies":[{"embeddable":true,"href":"https:\/\/mainhardt.com.br\/contabilidade\/wp-json\/wp\/v2\/comments?post=451"}],"version-history":[{"count":1,"href":"https:\/\/mainhardt.com.br\/contabilidade\/wp-json\/wp\/v2\/posts\/451\/revisions"}],"predecessor-version":[{"id":452,"href":"https:\/\/mainhardt.com.br\/contabilidade\/wp-json\/wp\/v2\/posts\/451\/revisions\/452"}],"wp:featuredmedia":[{"embeddable":true,"href":"https:\/\/mainhardt.com.br\/contabilidade\/wp-json\/wp\/v2\/media\/365"}],"wp:attachment":[{"href":"https:\/\/mainhardt.com.br\/contabilidade\/wp-json\/wp\/v2\/media?parent=451"}],"wp:term":[{"taxonomy":"category","embeddable":true,"href":"https:\/\/mainhardt.com.br\/contabilidade\/wp-json\/wp\/v2\/categories?post=451"},{"taxonomy":"post_tag","embeddable":true,"href":"https:\/\/mainhardt.com.br\/contabilidade\/wp-json\/wp\/v2\/tags?post=451"}],"curies":[{"name":"wp","href":"https:\/\/api.w.org\/{rel}","templated":true}]}}