{"id":632,"date":"2021-08-26T15:39:18","date_gmt":"2021-08-26T18:39:18","guid":{"rendered":"https:\/\/www.mainhardt.com.br\/?p=632"},"modified":"2021-08-26T15:39:18","modified_gmt":"2021-08-26T18:39:18","slug":"receita-federal-alerta-sobre-inconsistencias-na-gfip","status":"publish","type":"post","link":"https:\/\/mainhardt.com.br\/contabilidade\/receita-federal-alerta-sobre-inconsistencias-na-gfip\/","title":{"rendered":"Receita Federal alerta sobre inconsist\u00eancias na GFIP"},"content":{"rendered":"\n<p>A Opera\u00e7\u00e3o Falso Simples identificou que 31.899 empresas n\u00e3o optantes pelo SIMPLES NACIONAL informaram indevidamente a condi\u00e7\u00e3o de optante por esse regime na GFI<\/p>\n\n\n\n<p><\/p>\n\n\n\n<p>A partir do cruzamento de informa\u00e7\u00f5es, foi identificado que empresas n\u00e3o optantes pelo Simples Nacional t\u00eam informado indevidamente a condi\u00e7\u00e3o de optante por esse regime na Guia de Recolhimento do FGTS e Informa\u00e7\u00f5es \u00e0 Previd\u00eancia Social (GFIP). Isso pode resultar na falta de recolhimento de contribui\u00e7\u00e3o previdenci\u00e1ria por parte da empresa.<\/p>\n\n\n\n<p>Dando continuidade \u00e0 opera\u00e7\u00e3o Falso Simples \u2013 Malha Fiscal da Pessoa Jur\u00eddica, que realiza an\u00e1lise de dados e cruzamento de informa\u00e7\u00f5es prestadas pela pr\u00f3pria pessoa e tamb\u00e9m por terceiros, a Receita Federal encaminhar\u00e1 comunica\u00e7\u00f5es a 31.899 cidad\u00e3os em todo pa\u00eds. O objetivo \u00e9 a regulariza\u00e7\u00e3o espont\u00e2nea das diverg\u00eancias identificadas at\u00e9 30 de setembro de 2021.<\/p>\n\n\n\n<p>Os contribuintes que informaram indevidamente a op\u00e7\u00e3o pelo Simples Nacional em GFIP receber\u00e3o Aviso de Autorregulariza\u00e7\u00e3o por via postal e por meio de mensagem na Caixa Postal no e-CAC da Receita Federal.<\/p>\n\n\n\n<p>Os Avisos de Autorregulariza\u00e7\u00e3o que est\u00e3o sendo encaminhados \u00e0s empresas cont\u00eam demonstrativo das inconsist\u00eancias apuradas e estabelecem o prazo at\u00e9 30 de setembro de 2021 para retificar as declara\u00e7\u00f5es. Ap\u00f3s o prazo, novas verifica\u00e7\u00f5es ser\u00e3o realizadas.<\/p>\n\n\n\n<p>A Receita Federal espera que os contribuintes aproveitem o prazo concedido para a regulariza\u00e7\u00e3o, evitando riscos fiscais e autua\u00e7\u00f5es com multas que podem variar de 75% a 225% da contribui\u00e7\u00e3o previdenci\u00e1ria que deixou de ser declarada, al\u00e9m de juros.<\/p>\n\n\n\n<p>A opera\u00e7\u00e3o Falso Simples teve in\u00edcio em 2019, quando 14.381 cidad\u00e3os foram comunicados e orientados a providenciar as corre\u00e7\u00f5es. As inconsist\u00eancias verificadas nesta nova fase s\u00e3o do ano-calend\u00e1rio 2018.<\/p>\n\n\n\n<p>O total de ind\u00edcios de sonega\u00e7\u00e3o verificado nesta fase da opera\u00e7\u00e3o, apenas para os ano-calend\u00e1rio de 2018, \u00e9 de aproximadamente R$ 803 milh\u00f5es, para todo o pa\u00eds.<\/p>\n","protected":false},"excerpt":{"rendered":"<p>A Opera\u00e7\u00e3o Falso Simples identificou que 31.899 empresas n\u00e3o optantes pelo SIMPLES NACIONAL informaram indevidamente a condi\u00e7\u00e3o de optante por esse regime na GFI A partir do cruzamento de informa\u00e7\u00f5es, foi identificado que empresas n\u00e3o optantes pelo Simples Nacional t\u00eam informado indevidamente a condi\u00e7\u00e3o de optante por esse regime na Guia de Recolhimento do FGTS [&hellip;]<\/p>\n","protected":false},"author":1,"featured_media":365,"comment_status":"open","ping_status":"open","sticky":false,"template":"","format":"standard","meta":{"footnotes":""},"categories":[1],"tags":[],"class_list":["post-632","post","type-post","status-publish","format-standard","has-post-thumbnail","hentry","category-noticias"],"yoast_head":"<!-- This site is optimized with the Yoast SEO plugin v19.6.1 - https:\/\/yoast.com\/wordpress\/plugins\/seo\/ -->\n<title>Receita Federal alerta sobre inconsist\u00eancias na GFIP - Mainhardt Contabilidade<\/title>\n<meta name=\"robots\" content=\"index, follow, max-snippet:-1, max-image-preview:large, max-video-preview:-1\" \/>\n<link rel=\"canonical\" href=\"https:\/\/mainhardt.com.br\/contabilidade\/receita-federal-alerta-sobre-inconsistencias-na-gfip\/\" \/>\n<meta property=\"og:locale\" content=\"pt_BR\" \/>\n<meta property=\"og:type\" content=\"article\" \/>\n<meta property=\"og:title\" content=\"Receita Federal alerta sobre inconsist\u00eancias na GFIP - Mainhardt Contabilidade\" \/>\n<meta property=\"og:description\" content=\"A Opera\u00e7\u00e3o Falso Simples identificou que 31.899 empresas n\u00e3o optantes pelo SIMPLES NACIONAL informaram indevidamente a condi\u00e7\u00e3o de optante por esse regime na GFI A partir do cruzamento de informa\u00e7\u00f5es, foi identificado que empresas n\u00e3o optantes pelo Simples Nacional t\u00eam informado indevidamente a condi\u00e7\u00e3o de optante por esse regime na Guia de Recolhimento do FGTS [&hellip;]\" \/>\n<meta property=\"og:url\" content=\"https:\/\/mainhardt.com.br\/contabilidade\/receita-federal-alerta-sobre-inconsistencias-na-gfip\/\" \/>\n<meta property=\"og:site_name\" content=\"Mainhardt Contabilidade\" \/>\n<meta property=\"article:published_time\" content=\"2021-08-26T18:39:18+00:00\" \/>\n<meta property=\"og:image\" content=\"http:\/\/mainhardt.com.br\/contabilidade\/wp-content\/uploads\/2021\/06\/fundo-azul.jpg\" \/>\n\t<meta property=\"og:image:width\" content=\"580\" \/>\n\t<meta property=\"og:image:height\" content=\"580\" \/>\n\t<meta property=\"og:image:type\" content=\"image\/jpeg\" \/>\n<meta name=\"author\" content=\"su.wp\" \/>\n<meta name=\"twitter:card\" content=\"summary_large_image\" \/>\n<meta name=\"twitter:label1\" content=\"Escrito por\" \/>\n\t<meta name=\"twitter:data1\" content=\"su.wp\" \/>\n\t<meta name=\"twitter:label2\" content=\"Est. tempo de leitura\" \/>\n\t<meta name=\"twitter:data2\" content=\"2 minutos\" \/>\n<script type=\"application\/ld+json\" class=\"yoast-schema-graph\">{\"@context\":\"https:\/\/schema.org\",\"@graph\":[{\"@type\":\"Article\",\"@id\":\"https:\/\/mainhardt.com.br\/contabilidade\/receita-federal-alerta-sobre-inconsistencias-na-gfip\/#article\",\"isPartOf\":{\"@id\":\"https:\/\/mainhardt.com.br\/contabilidade\/receita-federal-alerta-sobre-inconsistencias-na-gfip\/\"},\"author\":{\"name\":\"su.wp\",\"@id\":\"https:\/\/mainhardt.com.br\/contabilidade\/#\/schema\/person\/fbae9da6eebfcbf5302053bba49451b5\"},\"headline\":\"Receita Federal alerta sobre inconsist\u00eancias na GFIP\",\"datePublished\":\"2021-08-26T18:39:18+00:00\",\"dateModified\":\"2021-08-26T18:39:18+00:00\",\"mainEntityOfPage\":{\"@id\":\"https:\/\/mainhardt.com.br\/contabilidade\/receita-federal-alerta-sobre-inconsistencias-na-gfip\/\"},\"wordCount\":335,\"commentCount\":0,\"publisher\":{\"@id\":\"https:\/\/mainhardt.com.br\/contabilidade\/#organization\"},\"articleSection\":[\"Not\u00edcias\"],\"inLanguage\":\"pt-BR\",\"potentialAction\":[{\"@type\":\"CommentAction\",\"name\":\"Comment\",\"target\":[\"https:\/\/mainhardt.com.br\/contabilidade\/receita-federal-alerta-sobre-inconsistencias-na-gfip\/#respond\"]}]},{\"@type\":\"WebPage\",\"@id\":\"https:\/\/mainhardt.com.br\/contabilidade\/receita-federal-alerta-sobre-inconsistencias-na-gfip\/\",\"url\":\"https:\/\/mainhardt.com.br\/contabilidade\/receita-federal-alerta-sobre-inconsistencias-na-gfip\/\",\"name\":\"Receita Federal alerta sobre inconsist\u00eancias na GFIP - Mainhardt Contabilidade\",\"isPartOf\":{\"@id\":\"https:\/\/mainhardt.com.br\/contabilidade\/#website\"},\"datePublished\":\"2021-08-26T18:39:18+00:00\",\"dateModified\":\"2021-08-26T18:39:18+00:00\",\"breadcrumb\":{\"@id\":\"https:\/\/mainhardt.com.br\/contabilidade\/receita-federal-alerta-sobre-inconsistencias-na-gfip\/#breadcrumb\"},\"inLanguage\":\"pt-BR\",\"potentialAction\":[{\"@type\":\"ReadAction\",\"target\":[\"https:\/\/mainhardt.com.br\/contabilidade\/receita-federal-alerta-sobre-inconsistencias-na-gfip\/\"]}]},{\"@type\":\"BreadcrumbList\",\"@id\":\"https:\/\/mainhardt.com.br\/contabilidade\/receita-federal-alerta-sobre-inconsistencias-na-gfip\/#breadcrumb\",\"itemListElement\":[{\"@type\":\"ListItem\",\"position\":1,\"name\":\"In\u00edcio\",\"item\":\"https:\/\/mainhardt.com.br\/contabilidade\/\"},{\"@type\":\"ListItem\",\"position\":2,\"name\":\"Receita Federal alerta sobre inconsist\u00eancias na GFIP\"}]},{\"@type\":\"WebSite\",\"@id\":\"https:\/\/mainhardt.com.br\/contabilidade\/#website\",\"url\":\"https:\/\/mainhardt.com.br\/contabilidade\/\",\"name\":\"Mainhardt Contabilidade\",\"description\":\"Contabilidade em Santa Catarina\",\"publisher\":{\"@id\":\"https:\/\/mainhardt.com.br\/contabilidade\/#organization\"},\"potentialAction\":[{\"@type\":\"SearchAction\",\"target\":{\"@type\":\"EntryPoint\",\"urlTemplate\":\"https:\/\/mainhardt.com.br\/contabilidade\/?s={search_term_string}\"},\"query-input\":\"required name=search_term_string\"}],\"inLanguage\":\"pt-BR\"},{\"@type\":\"Organization\",\"@id\":\"https:\/\/mainhardt.com.br\/contabilidade\/#organization\",\"name\":\"Mainhardt Contabilidade\",\"url\":\"https:\/\/mainhardt.com.br\/contabilidade\/\",\"sameAs\":[],\"logo\":{\"@type\":\"ImageObject\",\"inLanguage\":\"pt-BR\",\"@id\":\"https:\/\/mainhardt.com.br\/contabilidade\/#\/schema\/logo\/image\/\",\"url\":\"https:\/\/mainhardt.com.br\/contabilidade\/wp-content\/uploads\/2022\/08\/Novo-Projeto-10.png\",\"contentUrl\":\"https:\/\/mainhardt.com.br\/contabilidade\/wp-content\/uploads\/2022\/08\/Novo-Projeto-10.png\",\"width\":170,\"height\":60,\"caption\":\"Mainhardt Contabilidade\"},\"image\":{\"@id\":\"https:\/\/mainhardt.com.br\/contabilidade\/#\/schema\/logo\/image\/\"}},{\"@type\":\"Person\",\"@id\":\"https:\/\/mainhardt.com.br\/contabilidade\/#\/schema\/person\/fbae9da6eebfcbf5302053bba49451b5\",\"name\":\"su.wp\",\"image\":{\"@type\":\"ImageObject\",\"inLanguage\":\"pt-BR\",\"@id\":\"https:\/\/mainhardt.com.br\/contabilidade\/#\/schema\/person\/image\/\",\"url\":\"https:\/\/secure.gravatar.com\/avatar\/4660c4d944a5ce7de85f33ede443a76d3abfdf976c7c53c8b98877a5a0a8870f?s=96&d=mm&r=g\",\"contentUrl\":\"https:\/\/secure.gravatar.com\/avatar\/4660c4d944a5ce7de85f33ede443a76d3abfdf976c7c53c8b98877a5a0a8870f?s=96&d=mm&r=g\",\"caption\":\"su.wp\"},\"sameAs\":[\"http:\/\/wptemplate.dev.com\"],\"url\":\"https:\/\/mainhardt.com.br\/contabilidade\/author\/su-wp\/\"}]}<\/script>\n<!-- \/ Yoast SEO plugin. -->","yoast_head_json":{"title":"Receita Federal alerta sobre inconsist\u00eancias na GFIP - Mainhardt Contabilidade","robots":{"index":"index","follow":"follow","max-snippet":"max-snippet:-1","max-image-preview":"max-image-preview:large","max-video-preview":"max-video-preview:-1"},"canonical":"https:\/\/mainhardt.com.br\/contabilidade\/receita-federal-alerta-sobre-inconsistencias-na-gfip\/","og_locale":"pt_BR","og_type":"article","og_title":"Receita Federal alerta sobre inconsist\u00eancias na GFIP - Mainhardt Contabilidade","og_description":"A Opera\u00e7\u00e3o Falso Simples identificou que 31.899 empresas n\u00e3o optantes pelo SIMPLES NACIONAL informaram indevidamente a condi\u00e7\u00e3o de optante por esse regime na GFI A partir do cruzamento de informa\u00e7\u00f5es, foi identificado que empresas n\u00e3o optantes pelo Simples Nacional t\u00eam informado indevidamente a condi\u00e7\u00e3o de optante por esse regime na Guia de Recolhimento do FGTS [&hellip;]","og_url":"https:\/\/mainhardt.com.br\/contabilidade\/receita-federal-alerta-sobre-inconsistencias-na-gfip\/","og_site_name":"Mainhardt Contabilidade","article_published_time":"2021-08-26T18:39:18+00:00","og_image":[{"width":580,"height":580,"url":"http:\/\/mainhardt.com.br\/contabilidade\/wp-content\/uploads\/2021\/06\/fundo-azul.jpg","type":"image\/jpeg"}],"author":"su.wp","twitter_card":"summary_large_image","twitter_misc":{"Escrito por":"su.wp","Est. tempo de leitura":"2 minutos"},"schema":{"@context":"https:\/\/schema.org","@graph":[{"@type":"Article","@id":"https:\/\/mainhardt.com.br\/contabilidade\/receita-federal-alerta-sobre-inconsistencias-na-gfip\/#article","isPartOf":{"@id":"https:\/\/mainhardt.com.br\/contabilidade\/receita-federal-alerta-sobre-inconsistencias-na-gfip\/"},"author":{"name":"su.wp","@id":"https:\/\/mainhardt.com.br\/contabilidade\/#\/schema\/person\/fbae9da6eebfcbf5302053bba49451b5"},"headline":"Receita Federal alerta sobre inconsist\u00eancias na GFIP","datePublished":"2021-08-26T18:39:18+00:00","dateModified":"2021-08-26T18:39:18+00:00","mainEntityOfPage":{"@id":"https:\/\/mainhardt.com.br\/contabilidade\/receita-federal-alerta-sobre-inconsistencias-na-gfip\/"},"wordCount":335,"commentCount":0,"publisher":{"@id":"https:\/\/mainhardt.com.br\/contabilidade\/#organization"},"articleSection":["Not\u00edcias"],"inLanguage":"pt-BR","potentialAction":[{"@type":"CommentAction","name":"Comment","target":["https:\/\/mainhardt.com.br\/contabilidade\/receita-federal-alerta-sobre-inconsistencias-na-gfip\/#respond"]}]},{"@type":"WebPage","@id":"https:\/\/mainhardt.com.br\/contabilidade\/receita-federal-alerta-sobre-inconsistencias-na-gfip\/","url":"https:\/\/mainhardt.com.br\/contabilidade\/receita-federal-alerta-sobre-inconsistencias-na-gfip\/","name":"Receita Federal alerta sobre inconsist\u00eancias na GFIP - Mainhardt Contabilidade","isPartOf":{"@id":"https:\/\/mainhardt.com.br\/contabilidade\/#website"},"datePublished":"2021-08-26T18:39:18+00:00","dateModified":"2021-08-26T18:39:18+00:00","breadcrumb":{"@id":"https:\/\/mainhardt.com.br\/contabilidade\/receita-federal-alerta-sobre-inconsistencias-na-gfip\/#breadcrumb"},"inLanguage":"pt-BR","potentialAction":[{"@type":"ReadAction","target":["https:\/\/mainhardt.com.br\/contabilidade\/receita-federal-alerta-sobre-inconsistencias-na-gfip\/"]}]},{"@type":"BreadcrumbList","@id":"https:\/\/mainhardt.com.br\/contabilidade\/receita-federal-alerta-sobre-inconsistencias-na-gfip\/#breadcrumb","itemListElement":[{"@type":"ListItem","position":1,"name":"In\u00edcio","item":"https:\/\/mainhardt.com.br\/contabilidade\/"},{"@type":"ListItem","position":2,"name":"Receita Federal alerta sobre inconsist\u00eancias na GFIP"}]},{"@type":"WebSite","@id":"https:\/\/mainhardt.com.br\/contabilidade\/#website","url":"https:\/\/mainhardt.com.br\/contabilidade\/","name":"Mainhardt Contabilidade","description":"Contabilidade em Santa Catarina","publisher":{"@id":"https:\/\/mainhardt.com.br\/contabilidade\/#organization"},"potentialAction":[{"@type":"SearchAction","target":{"@type":"EntryPoint","urlTemplate":"https:\/\/mainhardt.com.br\/contabilidade\/?s={search_term_string}"},"query-input":"required name=search_term_string"}],"inLanguage":"pt-BR"},{"@type":"Organization","@id":"https:\/\/mainhardt.com.br\/contabilidade\/#organization","name":"Mainhardt Contabilidade","url":"https:\/\/mainhardt.com.br\/contabilidade\/","sameAs":[],"logo":{"@type":"ImageObject","inLanguage":"pt-BR","@id":"https:\/\/mainhardt.com.br\/contabilidade\/#\/schema\/logo\/image\/","url":"https:\/\/mainhardt.com.br\/contabilidade\/wp-content\/uploads\/2022\/08\/Novo-Projeto-10.png","contentUrl":"https:\/\/mainhardt.com.br\/contabilidade\/wp-content\/uploads\/2022\/08\/Novo-Projeto-10.png","width":170,"height":60,"caption":"Mainhardt Contabilidade"},"image":{"@id":"https:\/\/mainhardt.com.br\/contabilidade\/#\/schema\/logo\/image\/"}},{"@type":"Person","@id":"https:\/\/mainhardt.com.br\/contabilidade\/#\/schema\/person\/fbae9da6eebfcbf5302053bba49451b5","name":"su.wp","image":{"@type":"ImageObject","inLanguage":"pt-BR","@id":"https:\/\/mainhardt.com.br\/contabilidade\/#\/schema\/person\/image\/","url":"https:\/\/secure.gravatar.com\/avatar\/4660c4d944a5ce7de85f33ede443a76d3abfdf976c7c53c8b98877a5a0a8870f?s=96&d=mm&r=g","contentUrl":"https:\/\/secure.gravatar.com\/avatar\/4660c4d944a5ce7de85f33ede443a76d3abfdf976c7c53c8b98877a5a0a8870f?s=96&d=mm&r=g","caption":"su.wp"},"sameAs":["http:\/\/wptemplate.dev.com"],"url":"https:\/\/mainhardt.com.br\/contabilidade\/author\/su-wp\/"}]}},"_links":{"self":[{"href":"https:\/\/mainhardt.com.br\/contabilidade\/wp-json\/wp\/v2\/posts\/632","targetHints":{"allow":["GET"]}}],"collection":[{"href":"https:\/\/mainhardt.com.br\/contabilidade\/wp-json\/wp\/v2\/posts"}],"about":[{"href":"https:\/\/mainhardt.com.br\/contabilidade\/wp-json\/wp\/v2\/types\/post"}],"author":[{"embeddable":true,"href":"https:\/\/mainhardt.com.br\/contabilidade\/wp-json\/wp\/v2\/users\/1"}],"replies":[{"embeddable":true,"href":"https:\/\/mainhardt.com.br\/contabilidade\/wp-json\/wp\/v2\/comments?post=632"}],"version-history":[{"count":1,"href":"https:\/\/mainhardt.com.br\/contabilidade\/wp-json\/wp\/v2\/posts\/632\/revisions"}],"predecessor-version":[{"id":633,"href":"https:\/\/mainhardt.com.br\/contabilidade\/wp-json\/wp\/v2\/posts\/632\/revisions\/633"}],"wp:featuredmedia":[{"embeddable":true,"href":"https:\/\/mainhardt.com.br\/contabilidade\/wp-json\/wp\/v2\/media\/365"}],"wp:attachment":[{"href":"https:\/\/mainhardt.com.br\/contabilidade\/wp-json\/wp\/v2\/media?parent=632"}],"wp:term":[{"taxonomy":"category","embeddable":true,"href":"https:\/\/mainhardt.com.br\/contabilidade\/wp-json\/wp\/v2\/categories?post=632"},{"taxonomy":"post_tag","embeddable":true,"href":"https:\/\/mainhardt.com.br\/contabilidade\/wp-json\/wp\/v2\/tags?post=632"}],"curies":[{"name":"wp","href":"https:\/\/api.w.org\/{rel}","templated":true}]}}