{"id":641,"date":"2021-09-08T11:52:30","date_gmt":"2021-09-08T14:52:30","guid":{"rendered":"https:\/\/www.mainhardt.com.br\/?p=641"},"modified":"2021-09-08T11:52:30","modified_gmt":"2021-09-08T14:52:30","slug":"governo-de-sc-propoe-parcelar-debitos-do-icms-em-ate-120-parcelas","status":"publish","type":"post","link":"https:\/\/mainhardt.com.br\/contabilidade\/governo-de-sc-propoe-parcelar-debitos-do-icms-em-ate-120-parcelas\/","title":{"rendered":"Governo de SC prop\u00f5e parcelar d\u00e9bitos do ICMS em at\u00e9 120 parcelas"},"content":{"rendered":"\n<p>Proposta abrange fatos geradores ocorridos at\u00e9 31 de dezembro de 2020<\/p>\n\n\n\n<p><\/p>\n\n\n\n<p>O Governo do Estado apresentou \u00e0 Assembleia Legislativa de Santa Catarina um projeto de lei que solicita autoriza\u00e7\u00e3o junto ao Conselho Nacional de Pol\u00edtica Fazend\u00e1ria (Confaz) de parcelamento de ICMS para empresas, especialmente as prestadoras de servi\u00e7o de transporte de passageiros ou cargas e aos demais setores impactados pelos decretos de restri\u00e7\u00e3o de atividades em fun\u00e7\u00e3o da pandemia de Covid-19.<\/p>\n\n\n\n<p><strong>Veja detalhes do projeto, de acordo com informa\u00e7\u00f5es do Governo do Estado:<\/strong><\/p>\n\n\n\n<p>* Esse projeto permite o parcelamento por dez anos do ICMS vinculado ao percentual de faturamento das empresas.<br>* \u00c9 uma a\u00e7\u00e3o que atinge muitos setores econ\u00f4micos e permite que os empres\u00e1rios consigam pagar seus d\u00e9bitos.<br>* <strong>A proposta inclui parcelamento de d\u00e9bitos de ICMS relativos a fatos geradores ocorridos at\u00e9 31 de dezembro de 2020, em at\u00e9 120 vezes.<\/strong><br>* O PL n\u00e3o autoriza a dispensa dos juros e da multa incidentes sobre o d\u00e9bito tribut\u00e1rio.<br>* De acordo com o Governo, o Estado quer auxiliar empresas que j\u00e1 se encontravam em dificuldade financeira em per\u00edodo anterior \u00e0 pandemia, concedendo parcelamento dos impostos, por\u00e9m, sem excluir multas e juros.<br>* Recentemente, o Estado disponibilizou o Programa Catarinense de Recupera\u00e7\u00e3o Fiscal de 2021 (Prefis-SC\/2021), que ofereceu descontos de at\u00e9 90% em multas e juros de impostos, incluindo o ICMS.<br>* Nesta edi\u00e7\u00e3o, foi autorizado pagamento parcial dos d\u00e9bitos tribut\u00e1rios, com desconto proporcional,<\/p>\n","protected":false},"excerpt":{"rendered":"<p>Proposta abrange fatos geradores ocorridos at\u00e9 31 de dezembro de 2020 O Governo do Estado apresentou \u00e0 Assembleia Legislativa de Santa Catarina um projeto de lei que solicita autoriza\u00e7\u00e3o junto ao Conselho Nacional de Pol\u00edtica Fazend\u00e1ria (Confaz) de parcelamento de ICMS para empresas, especialmente as prestadoras de servi\u00e7o de transporte de passageiros ou cargas e [&hellip;]<\/p>\n","protected":false},"author":1,"featured_media":365,"comment_status":"open","ping_status":"open","sticky":false,"template":"","format":"standard","meta":{"footnotes":""},"categories":[1],"tags":[],"class_list":["post-641","post","type-post","status-publish","format-standard","has-post-thumbnail","hentry","category-noticias"],"yoast_head":"<!-- This site is optimized with the Yoast SEO plugin v19.6.1 - https:\/\/yoast.com\/wordpress\/plugins\/seo\/ -->\n<title>Governo de SC prop\u00f5e parcelar d\u00e9bitos do ICMS em at\u00e9 120 parcelas - Mainhardt Contabilidade<\/title>\n<meta name=\"robots\" content=\"index, follow, max-snippet:-1, max-image-preview:large, max-video-preview:-1\" \/>\n<link rel=\"canonical\" href=\"https:\/\/mainhardt.com.br\/contabilidade\/governo-de-sc-propoe-parcelar-debitos-do-icms-em-ate-120-parcelas\/\" \/>\n<meta property=\"og:locale\" content=\"pt_BR\" \/>\n<meta property=\"og:type\" content=\"article\" \/>\n<meta property=\"og:title\" content=\"Governo de SC prop\u00f5e parcelar d\u00e9bitos do ICMS em at\u00e9 120 parcelas - Mainhardt Contabilidade\" \/>\n<meta property=\"og:description\" content=\"Proposta abrange fatos geradores ocorridos at\u00e9 31 de dezembro de 2020 O Governo do Estado apresentou \u00e0 Assembleia Legislativa de Santa Catarina um projeto de lei que solicita autoriza\u00e7\u00e3o junto ao Conselho Nacional de Pol\u00edtica Fazend\u00e1ria (Confaz) de parcelamento de ICMS para empresas, especialmente as prestadoras de servi\u00e7o de transporte de passageiros ou cargas e [&hellip;]\" \/>\n<meta property=\"og:url\" content=\"https:\/\/mainhardt.com.br\/contabilidade\/governo-de-sc-propoe-parcelar-debitos-do-icms-em-ate-120-parcelas\/\" \/>\n<meta property=\"og:site_name\" content=\"Mainhardt Contabilidade\" \/>\n<meta property=\"article:published_time\" content=\"2021-09-08T14:52:30+00:00\" \/>\n<meta property=\"og:image\" content=\"http:\/\/mainhardt.com.br\/contabilidade\/wp-content\/uploads\/2021\/06\/fundo-azul.jpg\" \/>\n\t<meta property=\"og:image:width\" content=\"580\" \/>\n\t<meta property=\"og:image:height\" content=\"580\" \/>\n\t<meta property=\"og:image:type\" content=\"image\/jpeg\" \/>\n<meta name=\"author\" content=\"su.wp\" \/>\n<meta name=\"twitter:card\" content=\"summary_large_image\" \/>\n<meta name=\"twitter:label1\" content=\"Escrito por\" \/>\n\t<meta name=\"twitter:data1\" content=\"su.wp\" \/>\n\t<meta name=\"twitter:label2\" content=\"Est. tempo de leitura\" \/>\n\t<meta name=\"twitter:data2\" content=\"1 minuto\" \/>\n<script type=\"application\/ld+json\" class=\"yoast-schema-graph\">{\"@context\":\"https:\/\/schema.org\",\"@graph\":[{\"@type\":\"Article\",\"@id\":\"https:\/\/mainhardt.com.br\/contabilidade\/governo-de-sc-propoe-parcelar-debitos-do-icms-em-ate-120-parcelas\/#article\",\"isPartOf\":{\"@id\":\"https:\/\/mainhardt.com.br\/contabilidade\/governo-de-sc-propoe-parcelar-debitos-do-icms-em-ate-120-parcelas\/\"},\"author\":{\"name\":\"su.wp\",\"@id\":\"https:\/\/mainhardt.com.br\/contabilidade\/#\/schema\/person\/fbae9da6eebfcbf5302053bba49451b5\"},\"headline\":\"Governo de SC prop\u00f5e parcelar d\u00e9bitos do ICMS em at\u00e9 120 parcelas\",\"datePublished\":\"2021-09-08T14:52:30+00:00\",\"dateModified\":\"2021-09-08T14:52:30+00:00\",\"mainEntityOfPage\":{\"@id\":\"https:\/\/mainhardt.com.br\/contabilidade\/governo-de-sc-propoe-parcelar-debitos-do-icms-em-ate-120-parcelas\/\"},\"wordCount\":252,\"commentCount\":0,\"publisher\":{\"@id\":\"https:\/\/mainhardt.com.br\/contabilidade\/#organization\"},\"articleSection\":[\"Not\u00edcias\"],\"inLanguage\":\"pt-BR\",\"potentialAction\":[{\"@type\":\"CommentAction\",\"name\":\"Comment\",\"target\":[\"https:\/\/mainhardt.com.br\/contabilidade\/governo-de-sc-propoe-parcelar-debitos-do-icms-em-ate-120-parcelas\/#respond\"]}]},{\"@type\":\"WebPage\",\"@id\":\"https:\/\/mainhardt.com.br\/contabilidade\/governo-de-sc-propoe-parcelar-debitos-do-icms-em-ate-120-parcelas\/\",\"url\":\"https:\/\/mainhardt.com.br\/contabilidade\/governo-de-sc-propoe-parcelar-debitos-do-icms-em-ate-120-parcelas\/\",\"name\":\"Governo de SC prop\u00f5e parcelar d\u00e9bitos do ICMS em at\u00e9 120 parcelas - Mainhardt Contabilidade\",\"isPartOf\":{\"@id\":\"https:\/\/mainhardt.com.br\/contabilidade\/#website\"},\"datePublished\":\"2021-09-08T14:52:30+00:00\",\"dateModified\":\"2021-09-08T14:52:30+00:00\",\"breadcrumb\":{\"@id\":\"https:\/\/mainhardt.com.br\/contabilidade\/governo-de-sc-propoe-parcelar-debitos-do-icms-em-ate-120-parcelas\/#breadcrumb\"},\"inLanguage\":\"pt-BR\",\"potentialAction\":[{\"@type\":\"ReadAction\",\"target\":[\"https:\/\/mainhardt.com.br\/contabilidade\/governo-de-sc-propoe-parcelar-debitos-do-icms-em-ate-120-parcelas\/\"]}]},{\"@type\":\"BreadcrumbList\",\"@id\":\"https:\/\/mainhardt.com.br\/contabilidade\/governo-de-sc-propoe-parcelar-debitos-do-icms-em-ate-120-parcelas\/#breadcrumb\",\"itemListElement\":[{\"@type\":\"ListItem\",\"position\":1,\"name\":\"In\u00edcio\",\"item\":\"https:\/\/mainhardt.com.br\/contabilidade\/\"},{\"@type\":\"ListItem\",\"position\":2,\"name\":\"Governo de SC prop\u00f5e parcelar d\u00e9bitos do ICMS em at\u00e9 120 parcelas\"}]},{\"@type\":\"WebSite\",\"@id\":\"https:\/\/mainhardt.com.br\/contabilidade\/#website\",\"url\":\"https:\/\/mainhardt.com.br\/contabilidade\/\",\"name\":\"Mainhardt Contabilidade\",\"description\":\"Contabilidade em Santa Catarina\",\"publisher\":{\"@id\":\"https:\/\/mainhardt.com.br\/contabilidade\/#organization\"},\"potentialAction\":[{\"@type\":\"SearchAction\",\"target\":{\"@type\":\"EntryPoint\",\"urlTemplate\":\"https:\/\/mainhardt.com.br\/contabilidade\/?s={search_term_string}\"},\"query-input\":\"required name=search_term_string\"}],\"inLanguage\":\"pt-BR\"},{\"@type\":\"Organization\",\"@id\":\"https:\/\/mainhardt.com.br\/contabilidade\/#organization\",\"name\":\"Mainhardt Contabilidade\",\"url\":\"https:\/\/mainhardt.com.br\/contabilidade\/\",\"sameAs\":[],\"logo\":{\"@type\":\"ImageObject\",\"inLanguage\":\"pt-BR\",\"@id\":\"https:\/\/mainhardt.com.br\/contabilidade\/#\/schema\/logo\/image\/\",\"url\":\"https:\/\/mainhardt.com.br\/contabilidade\/wp-content\/uploads\/2022\/08\/Novo-Projeto-10.png\",\"contentUrl\":\"https:\/\/mainhardt.com.br\/contabilidade\/wp-content\/uploads\/2022\/08\/Novo-Projeto-10.png\",\"width\":170,\"height\":60,\"caption\":\"Mainhardt Contabilidade\"},\"image\":{\"@id\":\"https:\/\/mainhardt.com.br\/contabilidade\/#\/schema\/logo\/image\/\"}},{\"@type\":\"Person\",\"@id\":\"https:\/\/mainhardt.com.br\/contabilidade\/#\/schema\/person\/fbae9da6eebfcbf5302053bba49451b5\",\"name\":\"su.wp\",\"image\":{\"@type\":\"ImageObject\",\"inLanguage\":\"pt-BR\",\"@id\":\"https:\/\/mainhardt.com.br\/contabilidade\/#\/schema\/person\/image\/\",\"url\":\"https:\/\/secure.gravatar.com\/avatar\/4660c4d944a5ce7de85f33ede443a76d3abfdf976c7c53c8b98877a5a0a8870f?s=96&d=mm&r=g\",\"contentUrl\":\"https:\/\/secure.gravatar.com\/avatar\/4660c4d944a5ce7de85f33ede443a76d3abfdf976c7c53c8b98877a5a0a8870f?s=96&d=mm&r=g\",\"caption\":\"su.wp\"},\"sameAs\":[\"http:\/\/wptemplate.dev.com\"],\"url\":\"https:\/\/mainhardt.com.br\/contabilidade\/author\/su-wp\/\"}]}<\/script>\n<!-- \/ Yoast SEO plugin. -->","yoast_head_json":{"title":"Governo de SC prop\u00f5e parcelar d\u00e9bitos do ICMS em at\u00e9 120 parcelas - Mainhardt Contabilidade","robots":{"index":"index","follow":"follow","max-snippet":"max-snippet:-1","max-image-preview":"max-image-preview:large","max-video-preview":"max-video-preview:-1"},"canonical":"https:\/\/mainhardt.com.br\/contabilidade\/governo-de-sc-propoe-parcelar-debitos-do-icms-em-ate-120-parcelas\/","og_locale":"pt_BR","og_type":"article","og_title":"Governo de SC prop\u00f5e parcelar d\u00e9bitos do ICMS em at\u00e9 120 parcelas - Mainhardt Contabilidade","og_description":"Proposta abrange fatos geradores ocorridos at\u00e9 31 de dezembro de 2020 O Governo do Estado apresentou \u00e0 Assembleia Legislativa de Santa Catarina um projeto de lei que solicita autoriza\u00e7\u00e3o junto ao Conselho Nacional de Pol\u00edtica Fazend\u00e1ria (Confaz) de parcelamento de ICMS para empresas, especialmente as prestadoras de servi\u00e7o de transporte de passageiros ou cargas e [&hellip;]","og_url":"https:\/\/mainhardt.com.br\/contabilidade\/governo-de-sc-propoe-parcelar-debitos-do-icms-em-ate-120-parcelas\/","og_site_name":"Mainhardt Contabilidade","article_published_time":"2021-09-08T14:52:30+00:00","og_image":[{"width":580,"height":580,"url":"http:\/\/mainhardt.com.br\/contabilidade\/wp-content\/uploads\/2021\/06\/fundo-azul.jpg","type":"image\/jpeg"}],"author":"su.wp","twitter_card":"summary_large_image","twitter_misc":{"Escrito por":"su.wp","Est. tempo de leitura":"1 minuto"},"schema":{"@context":"https:\/\/schema.org","@graph":[{"@type":"Article","@id":"https:\/\/mainhardt.com.br\/contabilidade\/governo-de-sc-propoe-parcelar-debitos-do-icms-em-ate-120-parcelas\/#article","isPartOf":{"@id":"https:\/\/mainhardt.com.br\/contabilidade\/governo-de-sc-propoe-parcelar-debitos-do-icms-em-ate-120-parcelas\/"},"author":{"name":"su.wp","@id":"https:\/\/mainhardt.com.br\/contabilidade\/#\/schema\/person\/fbae9da6eebfcbf5302053bba49451b5"},"headline":"Governo de SC prop\u00f5e parcelar d\u00e9bitos do ICMS em at\u00e9 120 parcelas","datePublished":"2021-09-08T14:52:30+00:00","dateModified":"2021-09-08T14:52:30+00:00","mainEntityOfPage":{"@id":"https:\/\/mainhardt.com.br\/contabilidade\/governo-de-sc-propoe-parcelar-debitos-do-icms-em-ate-120-parcelas\/"},"wordCount":252,"commentCount":0,"publisher":{"@id":"https:\/\/mainhardt.com.br\/contabilidade\/#organization"},"articleSection":["Not\u00edcias"],"inLanguage":"pt-BR","potentialAction":[{"@type":"CommentAction","name":"Comment","target":["https:\/\/mainhardt.com.br\/contabilidade\/governo-de-sc-propoe-parcelar-debitos-do-icms-em-ate-120-parcelas\/#respond"]}]},{"@type":"WebPage","@id":"https:\/\/mainhardt.com.br\/contabilidade\/governo-de-sc-propoe-parcelar-debitos-do-icms-em-ate-120-parcelas\/","url":"https:\/\/mainhardt.com.br\/contabilidade\/governo-de-sc-propoe-parcelar-debitos-do-icms-em-ate-120-parcelas\/","name":"Governo de SC prop\u00f5e parcelar d\u00e9bitos do ICMS em at\u00e9 120 parcelas - Mainhardt Contabilidade","isPartOf":{"@id":"https:\/\/mainhardt.com.br\/contabilidade\/#website"},"datePublished":"2021-09-08T14:52:30+00:00","dateModified":"2021-09-08T14:52:30+00:00","breadcrumb":{"@id":"https:\/\/mainhardt.com.br\/contabilidade\/governo-de-sc-propoe-parcelar-debitos-do-icms-em-ate-120-parcelas\/#breadcrumb"},"inLanguage":"pt-BR","potentialAction":[{"@type":"ReadAction","target":["https:\/\/mainhardt.com.br\/contabilidade\/governo-de-sc-propoe-parcelar-debitos-do-icms-em-ate-120-parcelas\/"]}]},{"@type":"BreadcrumbList","@id":"https:\/\/mainhardt.com.br\/contabilidade\/governo-de-sc-propoe-parcelar-debitos-do-icms-em-ate-120-parcelas\/#breadcrumb","itemListElement":[{"@type":"ListItem","position":1,"name":"In\u00edcio","item":"https:\/\/mainhardt.com.br\/contabilidade\/"},{"@type":"ListItem","position":2,"name":"Governo de SC prop\u00f5e parcelar d\u00e9bitos do ICMS em at\u00e9 120 parcelas"}]},{"@type":"WebSite","@id":"https:\/\/mainhardt.com.br\/contabilidade\/#website","url":"https:\/\/mainhardt.com.br\/contabilidade\/","name":"Mainhardt Contabilidade","description":"Contabilidade em Santa Catarina","publisher":{"@id":"https:\/\/mainhardt.com.br\/contabilidade\/#organization"},"potentialAction":[{"@type":"SearchAction","target":{"@type":"EntryPoint","urlTemplate":"https:\/\/mainhardt.com.br\/contabilidade\/?s={search_term_string}"},"query-input":"required name=search_term_string"}],"inLanguage":"pt-BR"},{"@type":"Organization","@id":"https:\/\/mainhardt.com.br\/contabilidade\/#organization","name":"Mainhardt Contabilidade","url":"https:\/\/mainhardt.com.br\/contabilidade\/","sameAs":[],"logo":{"@type":"ImageObject","inLanguage":"pt-BR","@id":"https:\/\/mainhardt.com.br\/contabilidade\/#\/schema\/logo\/image\/","url":"https:\/\/mainhardt.com.br\/contabilidade\/wp-content\/uploads\/2022\/08\/Novo-Projeto-10.png","contentUrl":"https:\/\/mainhardt.com.br\/contabilidade\/wp-content\/uploads\/2022\/08\/Novo-Projeto-10.png","width":170,"height":60,"caption":"Mainhardt Contabilidade"},"image":{"@id":"https:\/\/mainhardt.com.br\/contabilidade\/#\/schema\/logo\/image\/"}},{"@type":"Person","@id":"https:\/\/mainhardt.com.br\/contabilidade\/#\/schema\/person\/fbae9da6eebfcbf5302053bba49451b5","name":"su.wp","image":{"@type":"ImageObject","inLanguage":"pt-BR","@id":"https:\/\/mainhardt.com.br\/contabilidade\/#\/schema\/person\/image\/","url":"https:\/\/secure.gravatar.com\/avatar\/4660c4d944a5ce7de85f33ede443a76d3abfdf976c7c53c8b98877a5a0a8870f?s=96&d=mm&r=g","contentUrl":"https:\/\/secure.gravatar.com\/avatar\/4660c4d944a5ce7de85f33ede443a76d3abfdf976c7c53c8b98877a5a0a8870f?s=96&d=mm&r=g","caption":"su.wp"},"sameAs":["http:\/\/wptemplate.dev.com"],"url":"https:\/\/mainhardt.com.br\/contabilidade\/author\/su-wp\/"}]}},"_links":{"self":[{"href":"https:\/\/mainhardt.com.br\/contabilidade\/wp-json\/wp\/v2\/posts\/641","targetHints":{"allow":["GET"]}}],"collection":[{"href":"https:\/\/mainhardt.com.br\/contabilidade\/wp-json\/wp\/v2\/posts"}],"about":[{"href":"https:\/\/mainhardt.com.br\/contabilidade\/wp-json\/wp\/v2\/types\/post"}],"author":[{"embeddable":true,"href":"https:\/\/mainhardt.com.br\/contabilidade\/wp-json\/wp\/v2\/users\/1"}],"replies":[{"embeddable":true,"href":"https:\/\/mainhardt.com.br\/contabilidade\/wp-json\/wp\/v2\/comments?post=641"}],"version-history":[{"count":1,"href":"https:\/\/mainhardt.com.br\/contabilidade\/wp-json\/wp\/v2\/posts\/641\/revisions"}],"predecessor-version":[{"id":642,"href":"https:\/\/mainhardt.com.br\/contabilidade\/wp-json\/wp\/v2\/posts\/641\/revisions\/642"}],"wp:featuredmedia":[{"embeddable":true,"href":"https:\/\/mainhardt.com.br\/contabilidade\/wp-json\/wp\/v2\/media\/365"}],"wp:attachment":[{"href":"https:\/\/mainhardt.com.br\/contabilidade\/wp-json\/wp\/v2\/media?parent=641"}],"wp:term":[{"taxonomy":"category","embeddable":true,"href":"https:\/\/mainhardt.com.br\/contabilidade\/wp-json\/wp\/v2\/categories?post=641"},{"taxonomy":"post_tag","embeddable":true,"href":"https:\/\/mainhardt.com.br\/contabilidade\/wp-json\/wp\/v2\/tags?post=641"}],"curies":[{"name":"wp","href":"https:\/\/api.w.org\/{rel}","templated":true}]}}