{"id":643,"date":"2021-09-09T14:58:17","date_gmt":"2021-09-09T17:58:17","guid":{"rendered":"https:\/\/www.mainhardt.com.br\/?p=643"},"modified":"2021-09-09T14:58:17","modified_gmt":"2021-09-09T17:58:17","slug":"dados-sobre-saude-e-seguranca-do-trabalho-passam-a-ser-registrados-no-esocial-em-outubro","status":"publish","type":"post","link":"https:\/\/mainhardt.com.br\/contabilidade\/dados-sobre-saude-e-seguranca-do-trabalho-passam-a-ser-registrados-no-esocial-em-outubro\/","title":{"rendered":"Dados sobre sa\u00fade e seguran\u00e7a do trabalho passam a ser registrados no eSocial em outubro"},"content":{"rendered":"\n<p>As exig\u00eancias legais para empresas compreendem eventos ocorridos durante todo o per\u00edodo laboral<\/p>\n\n\n\n<p>Com as \u00faltimas mudan\u00e7as no calend\u00e1rio de implanta\u00e7\u00e3o do eSocial, as empresas em atua\u00e7\u00e3o no Brasil que tiveram faturamento acima de R$ 78 milh\u00f5es em 2016 (Grupo 1) dever\u00e3o se preparar para registrar os acontecimentos sobre sa\u00fade e seguran\u00e7a do trabalho em adequa\u00e7\u00e3o \u00e0 quarta fase do sistema de escritura\u00e7\u00e3o das obriga\u00e7\u00f5es previdenci\u00e1rias, trabalhistas e fiscais.<\/p>\n\n\n\n<p>Entre os dados que passar\u00e3o a ser informados no eSocial a partir de 13 de outubro est\u00e3o as Comunica\u00e7\u00f5es de Acidente de Trabalho (CAT), os fatores de risco ocupacionais e os cadastros de monitoramento da sa\u00fade do empregado. As exig\u00eancias legais compreendem eventos ocorridos durante todo o per\u00edodo laboral (da admiss\u00e3o \u00e0 demiss\u00e3o), as condi\u00e7\u00f5es do ambiente de trabalho e tamb\u00e9m documentos comprobat\u00f3rios da sa\u00fade do colaborador.<\/p>\n\n\n\n<p>Para os demais empreendimentos, ONGs e empregadores pessoa f\u00edsica (Grupos 2 e 3), a transmiss\u00e3o dos dados sobre sa\u00fade e seguran\u00e7a do trabalho ser\u00e3o exigidas a partir de 10 de janeiro de 2022. J\u00e1 os \u00f3rg\u00e3os p\u00fablicos e as organiza\u00e7\u00f5es internacionais (Grupo 4) iniciar\u00e3o a ado\u00e7\u00e3o da quarta fase do eSocial em 11 de julho de 2022.<\/p>\n\n\n\n<p><strong>Cronograma do Grupo 4<\/strong><\/p>\n\n\n\n<p>Organiza\u00e7\u00f5es Internacionais e integrantes da administra\u00e7\u00e3o p\u00fablica (funda\u00e7\u00f5es, autarquias e \u00f3rg\u00e3os das esferas municipais, estaduais e federais) representam o \u00faltimo grupo a aderir ao eSocial. Pessoas jur\u00eddicas desse grupo iniciaram a implanta\u00e7\u00e3o do sistema em 21 de julho e, em novembro, far\u00e3o a ado\u00e7\u00e3o da 2\u00aa fase, referente a informa\u00e7\u00f5es n\u00e3o-peri\u00f3dicas como admiss\u00f5es, afastamentos e desligamentos. Em abril de 2022, estar\u00e3o obrigados a encaminhar pelo eSocial as folhas de pagamento e, por \u00faltimo, aplicar\u00e3o a quarta fase em julho.<\/p>\n","protected":false},"excerpt":{"rendered":"<p>As exig\u00eancias legais para empresas compreendem eventos ocorridos durante todo o per\u00edodo laboral Com as \u00faltimas mudan\u00e7as no calend\u00e1rio de implanta\u00e7\u00e3o do eSocial, as empresas em atua\u00e7\u00e3o no Brasil que tiveram faturamento acima de R$ 78 milh\u00f5es em 2016 (Grupo 1) dever\u00e3o se preparar para registrar os acontecimentos sobre sa\u00fade e seguran\u00e7a do trabalho em [&hellip;]<\/p>\n","protected":false},"author":1,"featured_media":365,"comment_status":"open","ping_status":"open","sticky":false,"template":"","format":"standard","meta":{"footnotes":""},"categories":[1],"tags":[],"class_list":["post-643","post","type-post","status-publish","format-standard","has-post-thumbnail","hentry","category-noticias"],"yoast_head":"<!-- This site is optimized with the Yoast SEO plugin v19.6.1 - https:\/\/yoast.com\/wordpress\/plugins\/seo\/ -->\n<title>Dados sobre sa\u00fade e seguran\u00e7a do trabalho passam a ser registrados no eSocial em outubro - Mainhardt Contabilidade<\/title>\n<meta name=\"robots\" content=\"index, follow, max-snippet:-1, max-image-preview:large, max-video-preview:-1\" \/>\n<link rel=\"canonical\" href=\"https:\/\/mainhardt.com.br\/contabilidade\/dados-sobre-saude-e-seguranca-do-trabalho-passam-a-ser-registrados-no-esocial-em-outubro\/\" \/>\n<meta property=\"og:locale\" content=\"pt_BR\" \/>\n<meta property=\"og:type\" content=\"article\" \/>\n<meta property=\"og:title\" content=\"Dados sobre sa\u00fade e seguran\u00e7a do trabalho passam a ser registrados no eSocial em outubro - Mainhardt Contabilidade\" \/>\n<meta property=\"og:description\" content=\"As exig\u00eancias legais para empresas compreendem eventos ocorridos durante todo o per\u00edodo laboral Com as \u00faltimas mudan\u00e7as no calend\u00e1rio de implanta\u00e7\u00e3o do eSocial, as empresas em atua\u00e7\u00e3o no Brasil que tiveram faturamento acima de R$ 78 milh\u00f5es em 2016 (Grupo 1) dever\u00e3o se preparar para registrar os acontecimentos sobre sa\u00fade e seguran\u00e7a do trabalho em [&hellip;]\" \/>\n<meta property=\"og:url\" content=\"https:\/\/mainhardt.com.br\/contabilidade\/dados-sobre-saude-e-seguranca-do-trabalho-passam-a-ser-registrados-no-esocial-em-outubro\/\" \/>\n<meta property=\"og:site_name\" content=\"Mainhardt Contabilidade\" \/>\n<meta property=\"article:published_time\" content=\"2021-09-09T17:58:17+00:00\" \/>\n<meta property=\"og:image\" content=\"http:\/\/mainhardt.com.br\/contabilidade\/wp-content\/uploads\/2021\/06\/fundo-azul.jpg\" \/>\n\t<meta property=\"og:image:width\" content=\"580\" \/>\n\t<meta property=\"og:image:height\" content=\"580\" \/>\n\t<meta property=\"og:image:type\" content=\"image\/jpeg\" \/>\n<meta name=\"author\" content=\"su.wp\" \/>\n<meta name=\"twitter:card\" content=\"summary_large_image\" \/>\n<meta name=\"twitter:label1\" content=\"Escrito por\" \/>\n\t<meta name=\"twitter:data1\" content=\"su.wp\" \/>\n\t<meta name=\"twitter:label2\" content=\"Est. tempo de leitura\" \/>\n\t<meta name=\"twitter:data2\" content=\"2 minutos\" \/>\n<script type=\"application\/ld+json\" class=\"yoast-schema-graph\">{\"@context\":\"https:\/\/schema.org\",\"@graph\":[{\"@type\":\"Article\",\"@id\":\"https:\/\/mainhardt.com.br\/contabilidade\/dados-sobre-saude-e-seguranca-do-trabalho-passam-a-ser-registrados-no-esocial-em-outubro\/#article\",\"isPartOf\":{\"@id\":\"https:\/\/mainhardt.com.br\/contabilidade\/dados-sobre-saude-e-seguranca-do-trabalho-passam-a-ser-registrados-no-esocial-em-outubro\/\"},\"author\":{\"name\":\"su.wp\",\"@id\":\"https:\/\/mainhardt.com.br\/contabilidade\/#\/schema\/person\/fbae9da6eebfcbf5302053bba49451b5\"},\"headline\":\"Dados sobre sa\u00fade e seguran\u00e7a do trabalho passam a ser registrados no eSocial em outubro\",\"datePublished\":\"2021-09-09T17:58:17+00:00\",\"dateModified\":\"2021-09-09T17:58:17+00:00\",\"mainEntityOfPage\":{\"@id\":\"https:\/\/mainhardt.com.br\/contabilidade\/dados-sobre-saude-e-seguranca-do-trabalho-passam-a-ser-registrados-no-esocial-em-outubro\/\"},\"wordCount\":327,\"commentCount\":0,\"publisher\":{\"@id\":\"https:\/\/mainhardt.com.br\/contabilidade\/#organization\"},\"articleSection\":[\"Not\u00edcias\"],\"inLanguage\":\"pt-BR\",\"potentialAction\":[{\"@type\":\"CommentAction\",\"name\":\"Comment\",\"target\":[\"https:\/\/mainhardt.com.br\/contabilidade\/dados-sobre-saude-e-seguranca-do-trabalho-passam-a-ser-registrados-no-esocial-em-outubro\/#respond\"]}]},{\"@type\":\"WebPage\",\"@id\":\"https:\/\/mainhardt.com.br\/contabilidade\/dados-sobre-saude-e-seguranca-do-trabalho-passam-a-ser-registrados-no-esocial-em-outubro\/\",\"url\":\"https:\/\/mainhardt.com.br\/contabilidade\/dados-sobre-saude-e-seguranca-do-trabalho-passam-a-ser-registrados-no-esocial-em-outubro\/\",\"name\":\"Dados sobre sa\u00fade e seguran\u00e7a do trabalho passam a ser registrados no eSocial em outubro - Mainhardt Contabilidade\",\"isPartOf\":{\"@id\":\"https:\/\/mainhardt.com.br\/contabilidade\/#website\"},\"datePublished\":\"2021-09-09T17:58:17+00:00\",\"dateModified\":\"2021-09-09T17:58:17+00:00\",\"breadcrumb\":{\"@id\":\"https:\/\/mainhardt.com.br\/contabilidade\/dados-sobre-saude-e-seguranca-do-trabalho-passam-a-ser-registrados-no-esocial-em-outubro\/#breadcrumb\"},\"inLanguage\":\"pt-BR\",\"potentialAction\":[{\"@type\":\"ReadAction\",\"target\":[\"https:\/\/mainhardt.com.br\/contabilidade\/dados-sobre-saude-e-seguranca-do-trabalho-passam-a-ser-registrados-no-esocial-em-outubro\/\"]}]},{\"@type\":\"BreadcrumbList\",\"@id\":\"https:\/\/mainhardt.com.br\/contabilidade\/dados-sobre-saude-e-seguranca-do-trabalho-passam-a-ser-registrados-no-esocial-em-outubro\/#breadcrumb\",\"itemListElement\":[{\"@type\":\"ListItem\",\"position\":1,\"name\":\"In\u00edcio\",\"item\":\"https:\/\/mainhardt.com.br\/contabilidade\/\"},{\"@type\":\"ListItem\",\"position\":2,\"name\":\"Dados sobre sa\u00fade e seguran\u00e7a do trabalho passam a ser registrados no eSocial em outubro\"}]},{\"@type\":\"WebSite\",\"@id\":\"https:\/\/mainhardt.com.br\/contabilidade\/#website\",\"url\":\"https:\/\/mainhardt.com.br\/contabilidade\/\",\"name\":\"Mainhardt Contabilidade\",\"description\":\"Contabilidade em Santa Catarina\",\"publisher\":{\"@id\":\"https:\/\/mainhardt.com.br\/contabilidade\/#organization\"},\"potentialAction\":[{\"@type\":\"SearchAction\",\"target\":{\"@type\":\"EntryPoint\",\"urlTemplate\":\"https:\/\/mainhardt.com.br\/contabilidade\/?s={search_term_string}\"},\"query-input\":\"required name=search_term_string\"}],\"inLanguage\":\"pt-BR\"},{\"@type\":\"Organization\",\"@id\":\"https:\/\/mainhardt.com.br\/contabilidade\/#organization\",\"name\":\"Mainhardt Contabilidade\",\"url\":\"https:\/\/mainhardt.com.br\/contabilidade\/\",\"sameAs\":[],\"logo\":{\"@type\":\"ImageObject\",\"inLanguage\":\"pt-BR\",\"@id\":\"https:\/\/mainhardt.com.br\/contabilidade\/#\/schema\/logo\/image\/\",\"url\":\"https:\/\/mainhardt.com.br\/contabilidade\/wp-content\/uploads\/2022\/08\/Novo-Projeto-10.png\",\"contentUrl\":\"https:\/\/mainhardt.com.br\/contabilidade\/wp-content\/uploads\/2022\/08\/Novo-Projeto-10.png\",\"width\":170,\"height\":60,\"caption\":\"Mainhardt Contabilidade\"},\"image\":{\"@id\":\"https:\/\/mainhardt.com.br\/contabilidade\/#\/schema\/logo\/image\/\"}},{\"@type\":\"Person\",\"@id\":\"https:\/\/mainhardt.com.br\/contabilidade\/#\/schema\/person\/fbae9da6eebfcbf5302053bba49451b5\",\"name\":\"su.wp\",\"image\":{\"@type\":\"ImageObject\",\"inLanguage\":\"pt-BR\",\"@id\":\"https:\/\/mainhardt.com.br\/contabilidade\/#\/schema\/person\/image\/\",\"url\":\"https:\/\/secure.gravatar.com\/avatar\/4660c4d944a5ce7de85f33ede443a76d3abfdf976c7c53c8b98877a5a0a8870f?s=96&d=mm&r=g\",\"contentUrl\":\"https:\/\/secure.gravatar.com\/avatar\/4660c4d944a5ce7de85f33ede443a76d3abfdf976c7c53c8b98877a5a0a8870f?s=96&d=mm&r=g\",\"caption\":\"su.wp\"},\"sameAs\":[\"http:\/\/wptemplate.dev.com\"],\"url\":\"https:\/\/mainhardt.com.br\/contabilidade\/author\/su-wp\/\"}]}<\/script>\n<!-- \/ Yoast SEO plugin. -->","yoast_head_json":{"title":"Dados sobre sa\u00fade e seguran\u00e7a do trabalho passam a ser registrados no eSocial em outubro - Mainhardt Contabilidade","robots":{"index":"index","follow":"follow","max-snippet":"max-snippet:-1","max-image-preview":"max-image-preview:large","max-video-preview":"max-video-preview:-1"},"canonical":"https:\/\/mainhardt.com.br\/contabilidade\/dados-sobre-saude-e-seguranca-do-trabalho-passam-a-ser-registrados-no-esocial-em-outubro\/","og_locale":"pt_BR","og_type":"article","og_title":"Dados sobre sa\u00fade e seguran\u00e7a do trabalho passam a ser registrados no eSocial em outubro - Mainhardt Contabilidade","og_description":"As exig\u00eancias legais para empresas compreendem eventos ocorridos durante todo o per\u00edodo laboral Com as \u00faltimas mudan\u00e7as no calend\u00e1rio de implanta\u00e7\u00e3o do eSocial, as empresas em atua\u00e7\u00e3o no Brasil que tiveram faturamento acima de R$ 78 milh\u00f5es em 2016 (Grupo 1) dever\u00e3o se preparar para registrar os acontecimentos sobre sa\u00fade e seguran\u00e7a do trabalho em [&hellip;]","og_url":"https:\/\/mainhardt.com.br\/contabilidade\/dados-sobre-saude-e-seguranca-do-trabalho-passam-a-ser-registrados-no-esocial-em-outubro\/","og_site_name":"Mainhardt Contabilidade","article_published_time":"2021-09-09T17:58:17+00:00","og_image":[{"width":580,"height":580,"url":"http:\/\/mainhardt.com.br\/contabilidade\/wp-content\/uploads\/2021\/06\/fundo-azul.jpg","type":"image\/jpeg"}],"author":"su.wp","twitter_card":"summary_large_image","twitter_misc":{"Escrito por":"su.wp","Est. tempo de leitura":"2 minutos"},"schema":{"@context":"https:\/\/schema.org","@graph":[{"@type":"Article","@id":"https:\/\/mainhardt.com.br\/contabilidade\/dados-sobre-saude-e-seguranca-do-trabalho-passam-a-ser-registrados-no-esocial-em-outubro\/#article","isPartOf":{"@id":"https:\/\/mainhardt.com.br\/contabilidade\/dados-sobre-saude-e-seguranca-do-trabalho-passam-a-ser-registrados-no-esocial-em-outubro\/"},"author":{"name":"su.wp","@id":"https:\/\/mainhardt.com.br\/contabilidade\/#\/schema\/person\/fbae9da6eebfcbf5302053bba49451b5"},"headline":"Dados sobre sa\u00fade e seguran\u00e7a do trabalho passam a ser registrados no eSocial em outubro","datePublished":"2021-09-09T17:58:17+00:00","dateModified":"2021-09-09T17:58:17+00:00","mainEntityOfPage":{"@id":"https:\/\/mainhardt.com.br\/contabilidade\/dados-sobre-saude-e-seguranca-do-trabalho-passam-a-ser-registrados-no-esocial-em-outubro\/"},"wordCount":327,"commentCount":0,"publisher":{"@id":"https:\/\/mainhardt.com.br\/contabilidade\/#organization"},"articleSection":["Not\u00edcias"],"inLanguage":"pt-BR","potentialAction":[{"@type":"CommentAction","name":"Comment","target":["https:\/\/mainhardt.com.br\/contabilidade\/dados-sobre-saude-e-seguranca-do-trabalho-passam-a-ser-registrados-no-esocial-em-outubro\/#respond"]}]},{"@type":"WebPage","@id":"https:\/\/mainhardt.com.br\/contabilidade\/dados-sobre-saude-e-seguranca-do-trabalho-passam-a-ser-registrados-no-esocial-em-outubro\/","url":"https:\/\/mainhardt.com.br\/contabilidade\/dados-sobre-saude-e-seguranca-do-trabalho-passam-a-ser-registrados-no-esocial-em-outubro\/","name":"Dados sobre sa\u00fade e seguran\u00e7a do trabalho passam a ser registrados no eSocial em outubro - Mainhardt Contabilidade","isPartOf":{"@id":"https:\/\/mainhardt.com.br\/contabilidade\/#website"},"datePublished":"2021-09-09T17:58:17+00:00","dateModified":"2021-09-09T17:58:17+00:00","breadcrumb":{"@id":"https:\/\/mainhardt.com.br\/contabilidade\/dados-sobre-saude-e-seguranca-do-trabalho-passam-a-ser-registrados-no-esocial-em-outubro\/#breadcrumb"},"inLanguage":"pt-BR","potentialAction":[{"@type":"ReadAction","target":["https:\/\/mainhardt.com.br\/contabilidade\/dados-sobre-saude-e-seguranca-do-trabalho-passam-a-ser-registrados-no-esocial-em-outubro\/"]}]},{"@type":"BreadcrumbList","@id":"https:\/\/mainhardt.com.br\/contabilidade\/dados-sobre-saude-e-seguranca-do-trabalho-passam-a-ser-registrados-no-esocial-em-outubro\/#breadcrumb","itemListElement":[{"@type":"ListItem","position":1,"name":"In\u00edcio","item":"https:\/\/mainhardt.com.br\/contabilidade\/"},{"@type":"ListItem","position":2,"name":"Dados sobre sa\u00fade e seguran\u00e7a do trabalho passam a ser registrados no eSocial em outubro"}]},{"@type":"WebSite","@id":"https:\/\/mainhardt.com.br\/contabilidade\/#website","url":"https:\/\/mainhardt.com.br\/contabilidade\/","name":"Mainhardt Contabilidade","description":"Contabilidade em Santa Catarina","publisher":{"@id":"https:\/\/mainhardt.com.br\/contabilidade\/#organization"},"potentialAction":[{"@type":"SearchAction","target":{"@type":"EntryPoint","urlTemplate":"https:\/\/mainhardt.com.br\/contabilidade\/?s={search_term_string}"},"query-input":"required name=search_term_string"}],"inLanguage":"pt-BR"},{"@type":"Organization","@id":"https:\/\/mainhardt.com.br\/contabilidade\/#organization","name":"Mainhardt Contabilidade","url":"https:\/\/mainhardt.com.br\/contabilidade\/","sameAs":[],"logo":{"@type":"ImageObject","inLanguage":"pt-BR","@id":"https:\/\/mainhardt.com.br\/contabilidade\/#\/schema\/logo\/image\/","url":"https:\/\/mainhardt.com.br\/contabilidade\/wp-content\/uploads\/2022\/08\/Novo-Projeto-10.png","contentUrl":"https:\/\/mainhardt.com.br\/contabilidade\/wp-content\/uploads\/2022\/08\/Novo-Projeto-10.png","width":170,"height":60,"caption":"Mainhardt Contabilidade"},"image":{"@id":"https:\/\/mainhardt.com.br\/contabilidade\/#\/schema\/logo\/image\/"}},{"@type":"Person","@id":"https:\/\/mainhardt.com.br\/contabilidade\/#\/schema\/person\/fbae9da6eebfcbf5302053bba49451b5","name":"su.wp","image":{"@type":"ImageObject","inLanguage":"pt-BR","@id":"https:\/\/mainhardt.com.br\/contabilidade\/#\/schema\/person\/image\/","url":"https:\/\/secure.gravatar.com\/avatar\/4660c4d944a5ce7de85f33ede443a76d3abfdf976c7c53c8b98877a5a0a8870f?s=96&d=mm&r=g","contentUrl":"https:\/\/secure.gravatar.com\/avatar\/4660c4d944a5ce7de85f33ede443a76d3abfdf976c7c53c8b98877a5a0a8870f?s=96&d=mm&r=g","caption":"su.wp"},"sameAs":["http:\/\/wptemplate.dev.com"],"url":"https:\/\/mainhardt.com.br\/contabilidade\/author\/su-wp\/"}]}},"_links":{"self":[{"href":"https:\/\/mainhardt.com.br\/contabilidade\/wp-json\/wp\/v2\/posts\/643","targetHints":{"allow":["GET"]}}],"collection":[{"href":"https:\/\/mainhardt.com.br\/contabilidade\/wp-json\/wp\/v2\/posts"}],"about":[{"href":"https:\/\/mainhardt.com.br\/contabilidade\/wp-json\/wp\/v2\/types\/post"}],"author":[{"embeddable":true,"href":"https:\/\/mainhardt.com.br\/contabilidade\/wp-json\/wp\/v2\/users\/1"}],"replies":[{"embeddable":true,"href":"https:\/\/mainhardt.com.br\/contabilidade\/wp-json\/wp\/v2\/comments?post=643"}],"version-history":[{"count":1,"href":"https:\/\/mainhardt.com.br\/contabilidade\/wp-json\/wp\/v2\/posts\/643\/revisions"}],"predecessor-version":[{"id":644,"href":"https:\/\/mainhardt.com.br\/contabilidade\/wp-json\/wp\/v2\/posts\/643\/revisions\/644"}],"wp:featuredmedia":[{"embeddable":true,"href":"https:\/\/mainhardt.com.br\/contabilidade\/wp-json\/wp\/v2\/media\/365"}],"wp:attachment":[{"href":"https:\/\/mainhardt.com.br\/contabilidade\/wp-json\/wp\/v2\/media?parent=643"}],"wp:term":[{"taxonomy":"category","embeddable":true,"href":"https:\/\/mainhardt.com.br\/contabilidade\/wp-json\/wp\/v2\/categories?post=643"},{"taxonomy":"post_tag","embeddable":true,"href":"https:\/\/mainhardt.com.br\/contabilidade\/wp-json\/wp\/v2\/tags?post=643"}],"curies":[{"name":"wp","href":"https:\/\/api.w.org\/{rel}","templated":true}]}}