{"id":668,"date":"2021-09-29T11:35:02","date_gmt":"2021-09-29T14:35:02","guid":{"rendered":"https:\/\/www.mainhardt.com.br\/?p=668"},"modified":"2021-09-29T11:35:02","modified_gmt":"2021-09-29T14:35:02","slug":"programa-de-recuperacao-fiscal-para-icms-e-prorrogado-em-santa-catarina","status":"publish","type":"post","link":"https:\/\/mainhardt.com.br\/contabilidade\/programa-de-recuperacao-fiscal-para-icms-e-prorrogado-em-santa-catarina\/","title":{"rendered":"Programa de Recupera\u00e7\u00e3o Fiscal para ICMS \u00e9 prorrogado em Santa Catarina"},"content":{"rendered":"\n<p><\/p>\n\n\n\n<p>Foi publicado no Di\u00e1rio Oficial do Estado (DOE) desta segunda-feira (27), a prorroga\u00e7\u00e3o do Programa Catarinense de Recupera\u00e7\u00e3o Fiscal de 2021 (Prefis-SC) em Santa Catarina.<\/p>\n\n\n\n<p>Segundo o secret\u00e1rio de Estado da Fazenda (SEF\/SC), Paulo Eli, o Governo do Estado recebeu autoriza\u00e7\u00e3o do Confaz para a prorroga\u00e7\u00e3o do programa, para que os contribuintes possam regularizar d\u00e9bitos dos ICMS com at\u00e9 90% de desconto sobre multas e juros.<\/p>\n\n\n\n<p><strong>O novo prazo vai at\u00e9 25 de fevereiro de 2022.<\/strong><\/p>\n\n\n\n<p>Podem ser objeto do Prefis-SC somente os cr\u00e9ditos tribut\u00e1rios relativos ao ICMS, constitu\u00eddos ou n\u00e3o, inscritos ou n\u00e3o em d\u00edvida ativa, inclusive os ajuizados, desde que os fatos geradores tenham ocorrido at\u00e9 31 de maio de 2021.<\/p>\n\n\n\n<p><strong>ALERTA PARA DEVEDORES CONTUMAZES<\/strong><\/p>\n\n\n\n<p>No in\u00edcio de 2021, a SEF\/SC lan\u00e7ou um sistema para identifica\u00e7\u00e3o de contribuintes que se enquadram no perfil de devedores contumazes.<\/p>\n\n\n\n<p>Segundo a legisla\u00e7\u00e3o catarinense, s\u00e3o aqueles que deixam de recolher o imposto declarado relativo a oito per\u00edodos, sucessivos ou n\u00e3o, dentro dos \u00faltimos 12 meses, cujo valor ultrapasse R$ 1 milh\u00e3o, al\u00e9m dos contribuintes que tiverem cr\u00e9ditos tribut\u00e1rios inscritos em d\u00edvida ativa em valor superior a R$ 20 milh\u00f5es.<\/p>\n\n\n\n<p>A diretora de Administra\u00e7\u00e3o Tribut\u00e1ria (DIAT) da SEF\/SC, Lenai Michels, explicou que o Prefis-SC oferece mais uma oportunidade para que o contribuinte possa regularizar sua situa\u00e7\u00e3o, a fim de evitar o enquadramento e consequente aplica\u00e7\u00e3o das medidas previstas em lei.<\/p>\n\n\n\n<p>As medidas v\u00e3o desde o impedimento de utiliza\u00e7\u00e3o de benef\u00edcios ou incentivos fiscais, a apura\u00e7\u00e3o do ICMS a cada opera\u00e7\u00e3o ou presta\u00e7\u00e3o praticada, assim como inclus\u00e3o do enquadrado em regime especial de fiscaliza\u00e7\u00e3o, o qual prev\u00ea altera\u00e7\u00e3o do prazo de pagamento, diferimento de suas opera\u00e7\u00f5es e presta\u00e7\u00f5es ou at\u00e9 mesmo inclus\u00e3o no cronograma de fiscaliza\u00e7\u00e3o da SEF\/SC.<\/p>\n","protected":false},"excerpt":{"rendered":"<p>Foi publicado no Di\u00e1rio Oficial do Estado (DOE) desta segunda-feira (27), a prorroga\u00e7\u00e3o do Programa Catarinense de Recupera\u00e7\u00e3o Fiscal de 2021 (Prefis-SC) em Santa Catarina. Segundo o secret\u00e1rio de Estado da Fazenda (SEF\/SC), Paulo Eli, o Governo do Estado recebeu autoriza\u00e7\u00e3o do Confaz para a prorroga\u00e7\u00e3o do programa, para que os contribuintes possam regularizar d\u00e9bitos [&hellip;]<\/p>\n","protected":false},"author":1,"featured_media":365,"comment_status":"open","ping_status":"open","sticky":false,"template":"","format":"standard","meta":{"footnotes":""},"categories":[1],"tags":[],"class_list":["post-668","post","type-post","status-publish","format-standard","has-post-thumbnail","hentry","category-noticias"],"yoast_head":"<!-- This site is optimized with the Yoast SEO plugin v19.6.1 - https:\/\/yoast.com\/wordpress\/plugins\/seo\/ -->\n<title>Programa de Recupera\u00e7\u00e3o Fiscal para ICMS \u00e9 prorrogado em Santa Catarina - Mainhardt Contabilidade<\/title>\n<meta name=\"robots\" content=\"index, follow, max-snippet:-1, max-image-preview:large, max-video-preview:-1\" \/>\n<link rel=\"canonical\" href=\"https:\/\/mainhardt.com.br\/contabilidade\/programa-de-recuperacao-fiscal-para-icms-e-prorrogado-em-santa-catarina\/\" \/>\n<meta property=\"og:locale\" content=\"pt_BR\" \/>\n<meta property=\"og:type\" content=\"article\" \/>\n<meta property=\"og:title\" content=\"Programa de Recupera\u00e7\u00e3o Fiscal para ICMS \u00e9 prorrogado em Santa Catarina - Mainhardt Contabilidade\" \/>\n<meta property=\"og:description\" content=\"Foi publicado no Di\u00e1rio Oficial do Estado (DOE) desta segunda-feira (27), a prorroga\u00e7\u00e3o do Programa Catarinense de Recupera\u00e7\u00e3o Fiscal de 2021 (Prefis-SC) em Santa Catarina. Segundo o secret\u00e1rio de Estado da Fazenda (SEF\/SC), Paulo Eli, o Governo do Estado recebeu autoriza\u00e7\u00e3o do Confaz para a prorroga\u00e7\u00e3o do programa, para que os contribuintes possam regularizar d\u00e9bitos [&hellip;]\" \/>\n<meta property=\"og:url\" content=\"https:\/\/mainhardt.com.br\/contabilidade\/programa-de-recuperacao-fiscal-para-icms-e-prorrogado-em-santa-catarina\/\" \/>\n<meta property=\"og:site_name\" content=\"Mainhardt Contabilidade\" \/>\n<meta property=\"article:published_time\" content=\"2021-09-29T14:35:02+00:00\" \/>\n<meta property=\"og:image\" content=\"http:\/\/mainhardt.com.br\/contabilidade\/wp-content\/uploads\/2021\/06\/fundo-azul.jpg\" \/>\n\t<meta property=\"og:image:width\" content=\"580\" \/>\n\t<meta property=\"og:image:height\" content=\"580\" \/>\n\t<meta property=\"og:image:type\" content=\"image\/jpeg\" \/>\n<meta name=\"author\" content=\"su.wp\" \/>\n<meta name=\"twitter:card\" content=\"summary_large_image\" \/>\n<meta name=\"twitter:label1\" content=\"Escrito por\" \/>\n\t<meta name=\"twitter:data1\" content=\"su.wp\" \/>\n\t<meta name=\"twitter:label2\" content=\"Est. tempo de leitura\" \/>\n\t<meta name=\"twitter:data2\" content=\"2 minutos\" \/>\n<script type=\"application\/ld+json\" class=\"yoast-schema-graph\">{\"@context\":\"https:\/\/schema.org\",\"@graph\":[{\"@type\":\"Article\",\"@id\":\"https:\/\/mainhardt.com.br\/contabilidade\/programa-de-recuperacao-fiscal-para-icms-e-prorrogado-em-santa-catarina\/#article\",\"isPartOf\":{\"@id\":\"https:\/\/mainhardt.com.br\/contabilidade\/programa-de-recuperacao-fiscal-para-icms-e-prorrogado-em-santa-catarina\/\"},\"author\":{\"name\":\"su.wp\",\"@id\":\"https:\/\/mainhardt.com.br\/contabilidade\/#\/schema\/person\/fbae9da6eebfcbf5302053bba49451b5\"},\"headline\":\"Programa de Recupera\u00e7\u00e3o Fiscal para ICMS \u00e9 prorrogado em Santa Catarina\",\"datePublished\":\"2021-09-29T14:35:02+00:00\",\"dateModified\":\"2021-09-29T14:35:02+00:00\",\"mainEntityOfPage\":{\"@id\":\"https:\/\/mainhardt.com.br\/contabilidade\/programa-de-recuperacao-fiscal-para-icms-e-prorrogado-em-santa-catarina\/\"},\"wordCount\":331,\"commentCount\":0,\"publisher\":{\"@id\":\"https:\/\/mainhardt.com.br\/contabilidade\/#organization\"},\"articleSection\":[\"Not\u00edcias\"],\"inLanguage\":\"pt-BR\",\"potentialAction\":[{\"@type\":\"CommentAction\",\"name\":\"Comment\",\"target\":[\"https:\/\/mainhardt.com.br\/contabilidade\/programa-de-recuperacao-fiscal-para-icms-e-prorrogado-em-santa-catarina\/#respond\"]}]},{\"@type\":\"WebPage\",\"@id\":\"https:\/\/mainhardt.com.br\/contabilidade\/programa-de-recuperacao-fiscal-para-icms-e-prorrogado-em-santa-catarina\/\",\"url\":\"https:\/\/mainhardt.com.br\/contabilidade\/programa-de-recuperacao-fiscal-para-icms-e-prorrogado-em-santa-catarina\/\",\"name\":\"Programa de Recupera\u00e7\u00e3o Fiscal para ICMS \u00e9 prorrogado em Santa Catarina - Mainhardt Contabilidade\",\"isPartOf\":{\"@id\":\"https:\/\/mainhardt.com.br\/contabilidade\/#website\"},\"datePublished\":\"2021-09-29T14:35:02+00:00\",\"dateModified\":\"2021-09-29T14:35:02+00:00\",\"breadcrumb\":{\"@id\":\"https:\/\/mainhardt.com.br\/contabilidade\/programa-de-recuperacao-fiscal-para-icms-e-prorrogado-em-santa-catarina\/#breadcrumb\"},\"inLanguage\":\"pt-BR\",\"potentialAction\":[{\"@type\":\"ReadAction\",\"target\":[\"https:\/\/mainhardt.com.br\/contabilidade\/programa-de-recuperacao-fiscal-para-icms-e-prorrogado-em-santa-catarina\/\"]}]},{\"@type\":\"BreadcrumbList\",\"@id\":\"https:\/\/mainhardt.com.br\/contabilidade\/programa-de-recuperacao-fiscal-para-icms-e-prorrogado-em-santa-catarina\/#breadcrumb\",\"itemListElement\":[{\"@type\":\"ListItem\",\"position\":1,\"name\":\"In\u00edcio\",\"item\":\"https:\/\/mainhardt.com.br\/contabilidade\/\"},{\"@type\":\"ListItem\",\"position\":2,\"name\":\"Programa de Recupera\u00e7\u00e3o Fiscal para ICMS \u00e9 prorrogado em Santa Catarina\"}]},{\"@type\":\"WebSite\",\"@id\":\"https:\/\/mainhardt.com.br\/contabilidade\/#website\",\"url\":\"https:\/\/mainhardt.com.br\/contabilidade\/\",\"name\":\"Mainhardt Contabilidade\",\"description\":\"Contabilidade em Santa Catarina\",\"publisher\":{\"@id\":\"https:\/\/mainhardt.com.br\/contabilidade\/#organization\"},\"potentialAction\":[{\"@type\":\"SearchAction\",\"target\":{\"@type\":\"EntryPoint\",\"urlTemplate\":\"https:\/\/mainhardt.com.br\/contabilidade\/?s={search_term_string}\"},\"query-input\":\"required name=search_term_string\"}],\"inLanguage\":\"pt-BR\"},{\"@type\":\"Organization\",\"@id\":\"https:\/\/mainhardt.com.br\/contabilidade\/#organization\",\"name\":\"Mainhardt Contabilidade\",\"url\":\"https:\/\/mainhardt.com.br\/contabilidade\/\",\"sameAs\":[],\"logo\":{\"@type\":\"ImageObject\",\"inLanguage\":\"pt-BR\",\"@id\":\"https:\/\/mainhardt.com.br\/contabilidade\/#\/schema\/logo\/image\/\",\"url\":\"https:\/\/mainhardt.com.br\/contabilidade\/wp-content\/uploads\/2022\/08\/Novo-Projeto-10.png\",\"contentUrl\":\"https:\/\/mainhardt.com.br\/contabilidade\/wp-content\/uploads\/2022\/08\/Novo-Projeto-10.png\",\"width\":170,\"height\":60,\"caption\":\"Mainhardt Contabilidade\"},\"image\":{\"@id\":\"https:\/\/mainhardt.com.br\/contabilidade\/#\/schema\/logo\/image\/\"}},{\"@type\":\"Person\",\"@id\":\"https:\/\/mainhardt.com.br\/contabilidade\/#\/schema\/person\/fbae9da6eebfcbf5302053bba49451b5\",\"name\":\"su.wp\",\"image\":{\"@type\":\"ImageObject\",\"inLanguage\":\"pt-BR\",\"@id\":\"https:\/\/mainhardt.com.br\/contabilidade\/#\/schema\/person\/image\/\",\"url\":\"https:\/\/secure.gravatar.com\/avatar\/4660c4d944a5ce7de85f33ede443a76d3abfdf976c7c53c8b98877a5a0a8870f?s=96&d=mm&r=g\",\"contentUrl\":\"https:\/\/secure.gravatar.com\/avatar\/4660c4d944a5ce7de85f33ede443a76d3abfdf976c7c53c8b98877a5a0a8870f?s=96&d=mm&r=g\",\"caption\":\"su.wp\"},\"sameAs\":[\"http:\/\/wptemplate.dev.com\"],\"url\":\"https:\/\/mainhardt.com.br\/contabilidade\/author\/su-wp\/\"}]}<\/script>\n<!-- \/ Yoast SEO plugin. -->","yoast_head_json":{"title":"Programa de Recupera\u00e7\u00e3o Fiscal para ICMS \u00e9 prorrogado em Santa Catarina - Mainhardt Contabilidade","robots":{"index":"index","follow":"follow","max-snippet":"max-snippet:-1","max-image-preview":"max-image-preview:large","max-video-preview":"max-video-preview:-1"},"canonical":"https:\/\/mainhardt.com.br\/contabilidade\/programa-de-recuperacao-fiscal-para-icms-e-prorrogado-em-santa-catarina\/","og_locale":"pt_BR","og_type":"article","og_title":"Programa de Recupera\u00e7\u00e3o Fiscal para ICMS \u00e9 prorrogado em Santa Catarina - Mainhardt Contabilidade","og_description":"Foi publicado no Di\u00e1rio Oficial do Estado (DOE) desta segunda-feira (27), a prorroga\u00e7\u00e3o do Programa Catarinense de Recupera\u00e7\u00e3o Fiscal de 2021 (Prefis-SC) em Santa Catarina. Segundo o secret\u00e1rio de Estado da Fazenda (SEF\/SC), Paulo Eli, o Governo do Estado recebeu autoriza\u00e7\u00e3o do Confaz para a prorroga\u00e7\u00e3o do programa, para que os contribuintes possam regularizar d\u00e9bitos [&hellip;]","og_url":"https:\/\/mainhardt.com.br\/contabilidade\/programa-de-recuperacao-fiscal-para-icms-e-prorrogado-em-santa-catarina\/","og_site_name":"Mainhardt Contabilidade","article_published_time":"2021-09-29T14:35:02+00:00","og_image":[{"width":580,"height":580,"url":"http:\/\/mainhardt.com.br\/contabilidade\/wp-content\/uploads\/2021\/06\/fundo-azul.jpg","type":"image\/jpeg"}],"author":"su.wp","twitter_card":"summary_large_image","twitter_misc":{"Escrito por":"su.wp","Est. tempo de leitura":"2 minutos"},"schema":{"@context":"https:\/\/schema.org","@graph":[{"@type":"Article","@id":"https:\/\/mainhardt.com.br\/contabilidade\/programa-de-recuperacao-fiscal-para-icms-e-prorrogado-em-santa-catarina\/#article","isPartOf":{"@id":"https:\/\/mainhardt.com.br\/contabilidade\/programa-de-recuperacao-fiscal-para-icms-e-prorrogado-em-santa-catarina\/"},"author":{"name":"su.wp","@id":"https:\/\/mainhardt.com.br\/contabilidade\/#\/schema\/person\/fbae9da6eebfcbf5302053bba49451b5"},"headline":"Programa de Recupera\u00e7\u00e3o Fiscal para ICMS \u00e9 prorrogado em Santa Catarina","datePublished":"2021-09-29T14:35:02+00:00","dateModified":"2021-09-29T14:35:02+00:00","mainEntityOfPage":{"@id":"https:\/\/mainhardt.com.br\/contabilidade\/programa-de-recuperacao-fiscal-para-icms-e-prorrogado-em-santa-catarina\/"},"wordCount":331,"commentCount":0,"publisher":{"@id":"https:\/\/mainhardt.com.br\/contabilidade\/#organization"},"articleSection":["Not\u00edcias"],"inLanguage":"pt-BR","potentialAction":[{"@type":"CommentAction","name":"Comment","target":["https:\/\/mainhardt.com.br\/contabilidade\/programa-de-recuperacao-fiscal-para-icms-e-prorrogado-em-santa-catarina\/#respond"]}]},{"@type":"WebPage","@id":"https:\/\/mainhardt.com.br\/contabilidade\/programa-de-recuperacao-fiscal-para-icms-e-prorrogado-em-santa-catarina\/","url":"https:\/\/mainhardt.com.br\/contabilidade\/programa-de-recuperacao-fiscal-para-icms-e-prorrogado-em-santa-catarina\/","name":"Programa de Recupera\u00e7\u00e3o Fiscal para ICMS \u00e9 prorrogado em Santa Catarina - Mainhardt Contabilidade","isPartOf":{"@id":"https:\/\/mainhardt.com.br\/contabilidade\/#website"},"datePublished":"2021-09-29T14:35:02+00:00","dateModified":"2021-09-29T14:35:02+00:00","breadcrumb":{"@id":"https:\/\/mainhardt.com.br\/contabilidade\/programa-de-recuperacao-fiscal-para-icms-e-prorrogado-em-santa-catarina\/#breadcrumb"},"inLanguage":"pt-BR","potentialAction":[{"@type":"ReadAction","target":["https:\/\/mainhardt.com.br\/contabilidade\/programa-de-recuperacao-fiscal-para-icms-e-prorrogado-em-santa-catarina\/"]}]},{"@type":"BreadcrumbList","@id":"https:\/\/mainhardt.com.br\/contabilidade\/programa-de-recuperacao-fiscal-para-icms-e-prorrogado-em-santa-catarina\/#breadcrumb","itemListElement":[{"@type":"ListItem","position":1,"name":"In\u00edcio","item":"https:\/\/mainhardt.com.br\/contabilidade\/"},{"@type":"ListItem","position":2,"name":"Programa de Recupera\u00e7\u00e3o Fiscal para ICMS \u00e9 prorrogado em Santa Catarina"}]},{"@type":"WebSite","@id":"https:\/\/mainhardt.com.br\/contabilidade\/#website","url":"https:\/\/mainhardt.com.br\/contabilidade\/","name":"Mainhardt Contabilidade","description":"Contabilidade em Santa Catarina","publisher":{"@id":"https:\/\/mainhardt.com.br\/contabilidade\/#organization"},"potentialAction":[{"@type":"SearchAction","target":{"@type":"EntryPoint","urlTemplate":"https:\/\/mainhardt.com.br\/contabilidade\/?s={search_term_string}"},"query-input":"required name=search_term_string"}],"inLanguage":"pt-BR"},{"@type":"Organization","@id":"https:\/\/mainhardt.com.br\/contabilidade\/#organization","name":"Mainhardt Contabilidade","url":"https:\/\/mainhardt.com.br\/contabilidade\/","sameAs":[],"logo":{"@type":"ImageObject","inLanguage":"pt-BR","@id":"https:\/\/mainhardt.com.br\/contabilidade\/#\/schema\/logo\/image\/","url":"https:\/\/mainhardt.com.br\/contabilidade\/wp-content\/uploads\/2022\/08\/Novo-Projeto-10.png","contentUrl":"https:\/\/mainhardt.com.br\/contabilidade\/wp-content\/uploads\/2022\/08\/Novo-Projeto-10.png","width":170,"height":60,"caption":"Mainhardt Contabilidade"},"image":{"@id":"https:\/\/mainhardt.com.br\/contabilidade\/#\/schema\/logo\/image\/"}},{"@type":"Person","@id":"https:\/\/mainhardt.com.br\/contabilidade\/#\/schema\/person\/fbae9da6eebfcbf5302053bba49451b5","name":"su.wp","image":{"@type":"ImageObject","inLanguage":"pt-BR","@id":"https:\/\/mainhardt.com.br\/contabilidade\/#\/schema\/person\/image\/","url":"https:\/\/secure.gravatar.com\/avatar\/4660c4d944a5ce7de85f33ede443a76d3abfdf976c7c53c8b98877a5a0a8870f?s=96&d=mm&r=g","contentUrl":"https:\/\/secure.gravatar.com\/avatar\/4660c4d944a5ce7de85f33ede443a76d3abfdf976c7c53c8b98877a5a0a8870f?s=96&d=mm&r=g","caption":"su.wp"},"sameAs":["http:\/\/wptemplate.dev.com"],"url":"https:\/\/mainhardt.com.br\/contabilidade\/author\/su-wp\/"}]}},"_links":{"self":[{"href":"https:\/\/mainhardt.com.br\/contabilidade\/wp-json\/wp\/v2\/posts\/668","targetHints":{"allow":["GET"]}}],"collection":[{"href":"https:\/\/mainhardt.com.br\/contabilidade\/wp-json\/wp\/v2\/posts"}],"about":[{"href":"https:\/\/mainhardt.com.br\/contabilidade\/wp-json\/wp\/v2\/types\/post"}],"author":[{"embeddable":true,"href":"https:\/\/mainhardt.com.br\/contabilidade\/wp-json\/wp\/v2\/users\/1"}],"replies":[{"embeddable":true,"href":"https:\/\/mainhardt.com.br\/contabilidade\/wp-json\/wp\/v2\/comments?post=668"}],"version-history":[{"count":1,"href":"https:\/\/mainhardt.com.br\/contabilidade\/wp-json\/wp\/v2\/posts\/668\/revisions"}],"predecessor-version":[{"id":669,"href":"https:\/\/mainhardt.com.br\/contabilidade\/wp-json\/wp\/v2\/posts\/668\/revisions\/669"}],"wp:featuredmedia":[{"embeddable":true,"href":"https:\/\/mainhardt.com.br\/contabilidade\/wp-json\/wp\/v2\/media\/365"}],"wp:attachment":[{"href":"https:\/\/mainhardt.com.br\/contabilidade\/wp-json\/wp\/v2\/media?parent=668"}],"wp:term":[{"taxonomy":"category","embeddable":true,"href":"https:\/\/mainhardt.com.br\/contabilidade\/wp-json\/wp\/v2\/categories?post=668"},{"taxonomy":"post_tag","embeddable":true,"href":"https:\/\/mainhardt.com.br\/contabilidade\/wp-json\/wp\/v2\/tags?post=668"}],"curies":[{"name":"wp","href":"https:\/\/api.w.org\/{rel}","templated":true}]}}