{"id":700,"date":"2021-10-15T11:21:21","date_gmt":"2021-10-15T14:21:21","guid":{"rendered":"https:\/\/www.mainhardt.com.br\/?p=700"},"modified":"2021-10-15T11:21:21","modified_gmt":"2021-10-15T14:21:21","slug":"isencao-de-encargos-trabalhistas-atrai-empresas-para-a-contratacao-de-estagiarios","status":"publish","type":"post","link":"https:\/\/mainhardt.com.br\/contabilidade\/isencao-de-encargos-trabalhistas-atrai-empresas-para-a-contratacao-de-estagiarios\/","title":{"rendered":"Isen\u00e7\u00e3o de encargos trabalhistas atrai empresas para a contrata\u00e7\u00e3o de estagi\u00e1rios"},"content":{"rendered":"\n<p>Programas de est\u00e1gio ampliam a capta\u00e7\u00e3o de talentos e oferecem aos estudantes a oportunidade de aprender na pr\u00e1tica<\/p>\n\n\n\n<p><\/p>\n\n\n\n<p>Voltado para profissionais em forma\u00e7\u00e3o, o cargo de estagi\u00e1rio pode ser uma oportunidade interessante n\u00e3o s\u00f3 para os estudantes, mas tamb\u00e9m para as empresas. A fun\u00e7\u00e3o tem ganhado visibilidade no mercado devido aos benef\u00edcios que o modelo de contrata\u00e7\u00e3o oferece aos empregadores, al\u00e9m da possibilidade de ampliar a capta\u00e7\u00e3o de talentos, apresentar a cultura do neg\u00f3cio para profissionais em forma\u00e7\u00e3o e investir na troca de conhecimentos entre colaboradores jovens e experientes. Segundo dados do Centro de Integra\u00e7\u00e3o Empresa-Escola (CIEE), o n\u00famero de vagas de est\u00e1gio no primeiro semestre de 2021 cresceu 27% no Brasil em rela\u00e7\u00e3o ao segundo semestre do ano passado, totalizando 108.335 oportunidades.<\/p>\n\n\n\n<p>O contrato de est\u00e1gio \u00e9 regido pela Lei 11.788\/2008, conhecida como Lei do Estagi\u00e1rio. Essa legisla\u00e7\u00e3o prev\u00ea a carga hor\u00e1rio m\u00e1xima para os estudantes, os crit\u00e9rios para concess\u00e3o obrigat\u00f3ria da bolsa-aux\u00edlio e a propor\u00e7\u00e3o de vagas para esse modelo de contrata\u00e7\u00e3o, entre outras determina\u00e7\u00f5es.<\/p>\n\n\n\n<p><\/p>\n\n\n\n<p><strong>Vantagens para as duas partes<\/strong><\/p>\n\n\n\n<p><\/p>\n\n\n\n<p>A remunera\u00e7\u00e3o de um estagi\u00e1rio \u00e9 negociada entre o contratante e o estudante. Por se tratar de uma bolsa-aux\u00edlio, o valor n\u00e3o est\u00e1 atrelado \u00e0s regras do sal\u00e1rio-m\u00ednimo. \u00c9 importante explicar ainda que, como a contrata\u00e7\u00e3o de estudantes n\u00e3o se submete \u00e0 Consolida\u00e7\u00e3o das Leis Trabalhistas, as empresas e \u00f3rg\u00e3os p\u00fablicos n\u00e3o necessitam recolher INSS e FGTS, nem pagar 13\u00ba sal\u00e1rio, aviso pr\u00e9vio ou verbas rescis\u00f3rias.<\/p>\n\n\n\n<p>Outro fator que torna a contrata\u00e7\u00e3o de estagi\u00e1rios atrativa \u00e9 a possibilidade de recrutar talentos ainda na faculdade, identificando os profissionais alinhados com os prop\u00f3sitos da empresa e conquistando a perman\u00eancia deles atrav\u00e9s da efetiva\u00e7\u00e3o e da oferta de planos de carreira. Para os alunos, \u00e9 um momento de aprender na pr\u00e1tica a teoria ensinada em sala de aula e conquistar o primeiro emprego na \u00e1rea de forma\u00e7\u00e3o.<\/p>\n\n\n\n<p>Na contrata\u00e7\u00e3o de estagi\u00e1rios \u00e9 fundamental estar atento \u00e0 gest\u00e3o de documentos espec\u00edficos, como o seguro de vida obrigat\u00f3rio em casos de acidente trabalhista, relat\u00f3rios semestrais de acompanhamento e, em caso de efetiva\u00e7\u00e3o, a regulariza\u00e7\u00e3o do profissional em outro regime de trabalho.<\/p>\n\n\n\n<p>A terceiriza\u00e7\u00e3o do Departamento Pessoal \u2013 solu\u00e7\u00e3o empresarial dispon\u00edvel em todas as 37 empresas associadas ao GBrasil \u2013 coloca profissionais experientes em quest\u00f5es trabalhistas \u00e0 frente dos processos de contrata\u00e7\u00e3o, efetiva\u00e7\u00e3o e demiss\u00e3o de estagi\u00e1rios. O gerenciamento de benef\u00edcios (vale-alimenta\u00e7\u00e3o, vale-refei\u00e7\u00e3o, vale-transporte, etc.) e da bolsa-aux\u00edlio tamb\u00e9m \u00e9 realizado atrav\u00e9s desse servi\u00e7o, consolidando um atendimento integral \u00e0s necessidades do contratante.<\/p>\n","protected":false},"excerpt":{"rendered":"<p>Programas de est\u00e1gio ampliam a capta\u00e7\u00e3o de talentos e oferecem aos estudantes a oportunidade de aprender na pr\u00e1tica Voltado para profissionais em forma\u00e7\u00e3o, o cargo de estagi\u00e1rio pode ser uma oportunidade interessante n\u00e3o s\u00f3 para os estudantes, mas tamb\u00e9m para as empresas. A fun\u00e7\u00e3o tem ganhado visibilidade no mercado devido aos benef\u00edcios que o modelo [&hellip;]<\/p>\n","protected":false},"author":1,"featured_media":365,"comment_status":"open","ping_status":"open","sticky":false,"template":"","format":"standard","meta":{"footnotes":""},"categories":[1],"tags":[],"class_list":["post-700","post","type-post","status-publish","format-standard","has-post-thumbnail","hentry","category-noticias"],"yoast_head":"<!-- This site is optimized with the Yoast SEO plugin v19.6.1 - https:\/\/yoast.com\/wordpress\/plugins\/seo\/ -->\n<title>Isen\u00e7\u00e3o de encargos trabalhistas atrai empresas para a contrata\u00e7\u00e3o de estagi\u00e1rios - Mainhardt Contabilidade<\/title>\n<meta name=\"robots\" content=\"index, follow, max-snippet:-1, max-image-preview:large, max-video-preview:-1\" \/>\n<link rel=\"canonical\" href=\"https:\/\/mainhardt.com.br\/contabilidade\/isencao-de-encargos-trabalhistas-atrai-empresas-para-a-contratacao-de-estagiarios\/\" \/>\n<meta property=\"og:locale\" content=\"pt_BR\" \/>\n<meta property=\"og:type\" content=\"article\" \/>\n<meta property=\"og:title\" content=\"Isen\u00e7\u00e3o de encargos trabalhistas atrai empresas para a contrata\u00e7\u00e3o de estagi\u00e1rios - Mainhardt Contabilidade\" \/>\n<meta property=\"og:description\" content=\"Programas de est\u00e1gio ampliam a capta\u00e7\u00e3o de talentos e oferecem aos estudantes a oportunidade de aprender na pr\u00e1tica Voltado para profissionais em forma\u00e7\u00e3o, o cargo de estagi\u00e1rio pode ser uma oportunidade interessante n\u00e3o s\u00f3 para os estudantes, mas tamb\u00e9m para as empresas. A fun\u00e7\u00e3o tem ganhado visibilidade no mercado devido aos benef\u00edcios que o modelo [&hellip;]\" \/>\n<meta property=\"og:url\" content=\"https:\/\/mainhardt.com.br\/contabilidade\/isencao-de-encargos-trabalhistas-atrai-empresas-para-a-contratacao-de-estagiarios\/\" \/>\n<meta property=\"og:site_name\" content=\"Mainhardt Contabilidade\" \/>\n<meta property=\"article:published_time\" content=\"2021-10-15T14:21:21+00:00\" \/>\n<meta property=\"og:image\" content=\"http:\/\/mainhardt.com.br\/contabilidade\/wp-content\/uploads\/2021\/06\/fundo-azul.jpg\" \/>\n\t<meta property=\"og:image:width\" content=\"580\" \/>\n\t<meta property=\"og:image:height\" content=\"580\" \/>\n\t<meta property=\"og:image:type\" content=\"image\/jpeg\" \/>\n<meta name=\"author\" content=\"su.wp\" \/>\n<meta name=\"twitter:card\" content=\"summary_large_image\" \/>\n<meta name=\"twitter:label1\" content=\"Escrito por\" \/>\n\t<meta name=\"twitter:data1\" content=\"su.wp\" \/>\n\t<meta name=\"twitter:label2\" content=\"Est. tempo de leitura\" \/>\n\t<meta name=\"twitter:data2\" content=\"2 minutos\" \/>\n<script type=\"application\/ld+json\" class=\"yoast-schema-graph\">{\"@context\":\"https:\/\/schema.org\",\"@graph\":[{\"@type\":\"Article\",\"@id\":\"https:\/\/mainhardt.com.br\/contabilidade\/isencao-de-encargos-trabalhistas-atrai-empresas-para-a-contratacao-de-estagiarios\/#article\",\"isPartOf\":{\"@id\":\"https:\/\/mainhardt.com.br\/contabilidade\/isencao-de-encargos-trabalhistas-atrai-empresas-para-a-contratacao-de-estagiarios\/\"},\"author\":{\"name\":\"su.wp\",\"@id\":\"https:\/\/mainhardt.com.br\/contabilidade\/#\/schema\/person\/fbae9da6eebfcbf5302053bba49451b5\"},\"headline\":\"Isen\u00e7\u00e3o de encargos trabalhistas atrai empresas para a contrata\u00e7\u00e3o de estagi\u00e1rios\",\"datePublished\":\"2021-10-15T14:21:21+00:00\",\"dateModified\":\"2021-10-15T14:21:21+00:00\",\"mainEntityOfPage\":{\"@id\":\"https:\/\/mainhardt.com.br\/contabilidade\/isencao-de-encargos-trabalhistas-atrai-empresas-para-a-contratacao-de-estagiarios\/\"},\"wordCount\":480,\"commentCount\":0,\"publisher\":{\"@id\":\"https:\/\/mainhardt.com.br\/contabilidade\/#organization\"},\"articleSection\":[\"Not\u00edcias\"],\"inLanguage\":\"pt-BR\",\"potentialAction\":[{\"@type\":\"CommentAction\",\"name\":\"Comment\",\"target\":[\"https:\/\/mainhardt.com.br\/contabilidade\/isencao-de-encargos-trabalhistas-atrai-empresas-para-a-contratacao-de-estagiarios\/#respond\"]}]},{\"@type\":\"WebPage\",\"@id\":\"https:\/\/mainhardt.com.br\/contabilidade\/isencao-de-encargos-trabalhistas-atrai-empresas-para-a-contratacao-de-estagiarios\/\",\"url\":\"https:\/\/mainhardt.com.br\/contabilidade\/isencao-de-encargos-trabalhistas-atrai-empresas-para-a-contratacao-de-estagiarios\/\",\"name\":\"Isen\u00e7\u00e3o de encargos trabalhistas atrai empresas para a contrata\u00e7\u00e3o de estagi\u00e1rios - Mainhardt Contabilidade\",\"isPartOf\":{\"@id\":\"https:\/\/mainhardt.com.br\/contabilidade\/#website\"},\"datePublished\":\"2021-10-15T14:21:21+00:00\",\"dateModified\":\"2021-10-15T14:21:21+00:00\",\"breadcrumb\":{\"@id\":\"https:\/\/mainhardt.com.br\/contabilidade\/isencao-de-encargos-trabalhistas-atrai-empresas-para-a-contratacao-de-estagiarios\/#breadcrumb\"},\"inLanguage\":\"pt-BR\",\"potentialAction\":[{\"@type\":\"ReadAction\",\"target\":[\"https:\/\/mainhardt.com.br\/contabilidade\/isencao-de-encargos-trabalhistas-atrai-empresas-para-a-contratacao-de-estagiarios\/\"]}]},{\"@type\":\"BreadcrumbList\",\"@id\":\"https:\/\/mainhardt.com.br\/contabilidade\/isencao-de-encargos-trabalhistas-atrai-empresas-para-a-contratacao-de-estagiarios\/#breadcrumb\",\"itemListElement\":[{\"@type\":\"ListItem\",\"position\":1,\"name\":\"In\u00edcio\",\"item\":\"https:\/\/mainhardt.com.br\/contabilidade\/\"},{\"@type\":\"ListItem\",\"position\":2,\"name\":\"Isen\u00e7\u00e3o de encargos trabalhistas atrai empresas para a contrata\u00e7\u00e3o de estagi\u00e1rios\"}]},{\"@type\":\"WebSite\",\"@id\":\"https:\/\/mainhardt.com.br\/contabilidade\/#website\",\"url\":\"https:\/\/mainhardt.com.br\/contabilidade\/\",\"name\":\"Mainhardt Contabilidade\",\"description\":\"Contabilidade em Santa Catarina\",\"publisher\":{\"@id\":\"https:\/\/mainhardt.com.br\/contabilidade\/#organization\"},\"potentialAction\":[{\"@type\":\"SearchAction\",\"target\":{\"@type\":\"EntryPoint\",\"urlTemplate\":\"https:\/\/mainhardt.com.br\/contabilidade\/?s={search_term_string}\"},\"query-input\":\"required name=search_term_string\"}],\"inLanguage\":\"pt-BR\"},{\"@type\":\"Organization\",\"@id\":\"https:\/\/mainhardt.com.br\/contabilidade\/#organization\",\"name\":\"Mainhardt Contabilidade\",\"url\":\"https:\/\/mainhardt.com.br\/contabilidade\/\",\"sameAs\":[],\"logo\":{\"@type\":\"ImageObject\",\"inLanguage\":\"pt-BR\",\"@id\":\"https:\/\/mainhardt.com.br\/contabilidade\/#\/schema\/logo\/image\/\",\"url\":\"https:\/\/mainhardt.com.br\/contabilidade\/wp-content\/uploads\/2022\/08\/Novo-Projeto-10.png\",\"contentUrl\":\"https:\/\/mainhardt.com.br\/contabilidade\/wp-content\/uploads\/2022\/08\/Novo-Projeto-10.png\",\"width\":170,\"height\":60,\"caption\":\"Mainhardt Contabilidade\"},\"image\":{\"@id\":\"https:\/\/mainhardt.com.br\/contabilidade\/#\/schema\/logo\/image\/\"}},{\"@type\":\"Person\",\"@id\":\"https:\/\/mainhardt.com.br\/contabilidade\/#\/schema\/person\/fbae9da6eebfcbf5302053bba49451b5\",\"name\":\"su.wp\",\"image\":{\"@type\":\"ImageObject\",\"inLanguage\":\"pt-BR\",\"@id\":\"https:\/\/mainhardt.com.br\/contabilidade\/#\/schema\/person\/image\/\",\"url\":\"https:\/\/secure.gravatar.com\/avatar\/4660c4d944a5ce7de85f33ede443a76d3abfdf976c7c53c8b98877a5a0a8870f?s=96&d=mm&r=g\",\"contentUrl\":\"https:\/\/secure.gravatar.com\/avatar\/4660c4d944a5ce7de85f33ede443a76d3abfdf976c7c53c8b98877a5a0a8870f?s=96&d=mm&r=g\",\"caption\":\"su.wp\"},\"sameAs\":[\"http:\/\/wptemplate.dev.com\"],\"url\":\"https:\/\/mainhardt.com.br\/contabilidade\/author\/su-wp\/\"}]}<\/script>\n<!-- \/ Yoast SEO plugin. -->","yoast_head_json":{"title":"Isen\u00e7\u00e3o de encargos trabalhistas atrai empresas para a contrata\u00e7\u00e3o de estagi\u00e1rios - Mainhardt Contabilidade","robots":{"index":"index","follow":"follow","max-snippet":"max-snippet:-1","max-image-preview":"max-image-preview:large","max-video-preview":"max-video-preview:-1"},"canonical":"https:\/\/mainhardt.com.br\/contabilidade\/isencao-de-encargos-trabalhistas-atrai-empresas-para-a-contratacao-de-estagiarios\/","og_locale":"pt_BR","og_type":"article","og_title":"Isen\u00e7\u00e3o de encargos trabalhistas atrai empresas para a contrata\u00e7\u00e3o de estagi\u00e1rios - Mainhardt Contabilidade","og_description":"Programas de est\u00e1gio ampliam a capta\u00e7\u00e3o de talentos e oferecem aos estudantes a oportunidade de aprender na pr\u00e1tica Voltado para profissionais em forma\u00e7\u00e3o, o cargo de estagi\u00e1rio pode ser uma oportunidade interessante n\u00e3o s\u00f3 para os estudantes, mas tamb\u00e9m para as empresas. A fun\u00e7\u00e3o tem ganhado visibilidade no mercado devido aos benef\u00edcios que o modelo [&hellip;]","og_url":"https:\/\/mainhardt.com.br\/contabilidade\/isencao-de-encargos-trabalhistas-atrai-empresas-para-a-contratacao-de-estagiarios\/","og_site_name":"Mainhardt Contabilidade","article_published_time":"2021-10-15T14:21:21+00:00","og_image":[{"width":580,"height":580,"url":"http:\/\/mainhardt.com.br\/contabilidade\/wp-content\/uploads\/2021\/06\/fundo-azul.jpg","type":"image\/jpeg"}],"author":"su.wp","twitter_card":"summary_large_image","twitter_misc":{"Escrito por":"su.wp","Est. tempo de leitura":"2 minutos"},"schema":{"@context":"https:\/\/schema.org","@graph":[{"@type":"Article","@id":"https:\/\/mainhardt.com.br\/contabilidade\/isencao-de-encargos-trabalhistas-atrai-empresas-para-a-contratacao-de-estagiarios\/#article","isPartOf":{"@id":"https:\/\/mainhardt.com.br\/contabilidade\/isencao-de-encargos-trabalhistas-atrai-empresas-para-a-contratacao-de-estagiarios\/"},"author":{"name":"su.wp","@id":"https:\/\/mainhardt.com.br\/contabilidade\/#\/schema\/person\/fbae9da6eebfcbf5302053bba49451b5"},"headline":"Isen\u00e7\u00e3o de encargos trabalhistas atrai empresas para a contrata\u00e7\u00e3o de estagi\u00e1rios","datePublished":"2021-10-15T14:21:21+00:00","dateModified":"2021-10-15T14:21:21+00:00","mainEntityOfPage":{"@id":"https:\/\/mainhardt.com.br\/contabilidade\/isencao-de-encargos-trabalhistas-atrai-empresas-para-a-contratacao-de-estagiarios\/"},"wordCount":480,"commentCount":0,"publisher":{"@id":"https:\/\/mainhardt.com.br\/contabilidade\/#organization"},"articleSection":["Not\u00edcias"],"inLanguage":"pt-BR","potentialAction":[{"@type":"CommentAction","name":"Comment","target":["https:\/\/mainhardt.com.br\/contabilidade\/isencao-de-encargos-trabalhistas-atrai-empresas-para-a-contratacao-de-estagiarios\/#respond"]}]},{"@type":"WebPage","@id":"https:\/\/mainhardt.com.br\/contabilidade\/isencao-de-encargos-trabalhistas-atrai-empresas-para-a-contratacao-de-estagiarios\/","url":"https:\/\/mainhardt.com.br\/contabilidade\/isencao-de-encargos-trabalhistas-atrai-empresas-para-a-contratacao-de-estagiarios\/","name":"Isen\u00e7\u00e3o de encargos trabalhistas atrai empresas para a contrata\u00e7\u00e3o de estagi\u00e1rios - Mainhardt Contabilidade","isPartOf":{"@id":"https:\/\/mainhardt.com.br\/contabilidade\/#website"},"datePublished":"2021-10-15T14:21:21+00:00","dateModified":"2021-10-15T14:21:21+00:00","breadcrumb":{"@id":"https:\/\/mainhardt.com.br\/contabilidade\/isencao-de-encargos-trabalhistas-atrai-empresas-para-a-contratacao-de-estagiarios\/#breadcrumb"},"inLanguage":"pt-BR","potentialAction":[{"@type":"ReadAction","target":["https:\/\/mainhardt.com.br\/contabilidade\/isencao-de-encargos-trabalhistas-atrai-empresas-para-a-contratacao-de-estagiarios\/"]}]},{"@type":"BreadcrumbList","@id":"https:\/\/mainhardt.com.br\/contabilidade\/isencao-de-encargos-trabalhistas-atrai-empresas-para-a-contratacao-de-estagiarios\/#breadcrumb","itemListElement":[{"@type":"ListItem","position":1,"name":"In\u00edcio","item":"https:\/\/mainhardt.com.br\/contabilidade\/"},{"@type":"ListItem","position":2,"name":"Isen\u00e7\u00e3o de encargos trabalhistas atrai empresas para a contrata\u00e7\u00e3o de estagi\u00e1rios"}]},{"@type":"WebSite","@id":"https:\/\/mainhardt.com.br\/contabilidade\/#website","url":"https:\/\/mainhardt.com.br\/contabilidade\/","name":"Mainhardt Contabilidade","description":"Contabilidade em Santa Catarina","publisher":{"@id":"https:\/\/mainhardt.com.br\/contabilidade\/#organization"},"potentialAction":[{"@type":"SearchAction","target":{"@type":"EntryPoint","urlTemplate":"https:\/\/mainhardt.com.br\/contabilidade\/?s={search_term_string}"},"query-input":"required name=search_term_string"}],"inLanguage":"pt-BR"},{"@type":"Organization","@id":"https:\/\/mainhardt.com.br\/contabilidade\/#organization","name":"Mainhardt Contabilidade","url":"https:\/\/mainhardt.com.br\/contabilidade\/","sameAs":[],"logo":{"@type":"ImageObject","inLanguage":"pt-BR","@id":"https:\/\/mainhardt.com.br\/contabilidade\/#\/schema\/logo\/image\/","url":"https:\/\/mainhardt.com.br\/contabilidade\/wp-content\/uploads\/2022\/08\/Novo-Projeto-10.png","contentUrl":"https:\/\/mainhardt.com.br\/contabilidade\/wp-content\/uploads\/2022\/08\/Novo-Projeto-10.png","width":170,"height":60,"caption":"Mainhardt Contabilidade"},"image":{"@id":"https:\/\/mainhardt.com.br\/contabilidade\/#\/schema\/logo\/image\/"}},{"@type":"Person","@id":"https:\/\/mainhardt.com.br\/contabilidade\/#\/schema\/person\/fbae9da6eebfcbf5302053bba49451b5","name":"su.wp","image":{"@type":"ImageObject","inLanguage":"pt-BR","@id":"https:\/\/mainhardt.com.br\/contabilidade\/#\/schema\/person\/image\/","url":"https:\/\/secure.gravatar.com\/avatar\/4660c4d944a5ce7de85f33ede443a76d3abfdf976c7c53c8b98877a5a0a8870f?s=96&d=mm&r=g","contentUrl":"https:\/\/secure.gravatar.com\/avatar\/4660c4d944a5ce7de85f33ede443a76d3abfdf976c7c53c8b98877a5a0a8870f?s=96&d=mm&r=g","caption":"su.wp"},"sameAs":["http:\/\/wptemplate.dev.com"],"url":"https:\/\/mainhardt.com.br\/contabilidade\/author\/su-wp\/"}]}},"_links":{"self":[{"href":"https:\/\/mainhardt.com.br\/contabilidade\/wp-json\/wp\/v2\/posts\/700","targetHints":{"allow":["GET"]}}],"collection":[{"href":"https:\/\/mainhardt.com.br\/contabilidade\/wp-json\/wp\/v2\/posts"}],"about":[{"href":"https:\/\/mainhardt.com.br\/contabilidade\/wp-json\/wp\/v2\/types\/post"}],"author":[{"embeddable":true,"href":"https:\/\/mainhardt.com.br\/contabilidade\/wp-json\/wp\/v2\/users\/1"}],"replies":[{"embeddable":true,"href":"https:\/\/mainhardt.com.br\/contabilidade\/wp-json\/wp\/v2\/comments?post=700"}],"version-history":[{"count":1,"href":"https:\/\/mainhardt.com.br\/contabilidade\/wp-json\/wp\/v2\/posts\/700\/revisions"}],"predecessor-version":[{"id":701,"href":"https:\/\/mainhardt.com.br\/contabilidade\/wp-json\/wp\/v2\/posts\/700\/revisions\/701"}],"wp:featuredmedia":[{"embeddable":true,"href":"https:\/\/mainhardt.com.br\/contabilidade\/wp-json\/wp\/v2\/media\/365"}],"wp:attachment":[{"href":"https:\/\/mainhardt.com.br\/contabilidade\/wp-json\/wp\/v2\/media?parent=700"}],"wp:term":[{"taxonomy":"category","embeddable":true,"href":"https:\/\/mainhardt.com.br\/contabilidade\/wp-json\/wp\/v2\/categories?post=700"},{"taxonomy":"post_tag","embeddable":true,"href":"https:\/\/mainhardt.com.br\/contabilidade\/wp-json\/wp\/v2\/tags?post=700"}],"curies":[{"name":"wp","href":"https:\/\/api.w.org\/{rel}","templated":true}]}}