{"id":879,"date":"2021-12-01T09:35:49","date_gmt":"2021-12-01T12:35:49","guid":{"rendered":"https:\/\/www.mainhardt.com.br\/?p=879"},"modified":"2021-12-01T09:35:49","modified_gmt":"2021-12-01T12:35:49","slug":"decreto-deve-restringir-autuacoes-por-terceirizacao","status":"publish","type":"post","link":"https:\/\/mainhardt.com.br\/contabilidade\/decreto-deve-restringir-autuacoes-por-terceirizacao\/","title":{"rendered":"Decreto deve restringir autua\u00e7\u00f5es por terceiriza\u00e7\u00e3o"},"content":{"rendered":"\n<p><\/p>\n\n\n\n<p>Segundo publica\u00e7\u00e3o do Valor Econ\u00f4mico, o decreto editado recentemente pelo governo para consolidar normas trabalhistas deve restringir as autua\u00e7\u00f5es dos fiscais de trabalho nas an\u00e1lises de casos de terceiriza\u00e7\u00e3o.<\/p>\n\n\n\n<p>A regra foi publicada este m\u00eas.<\/p>\n\n\n\n<p>\u00c9 baseada na reforma trabalhista.<\/p>\n\n\n\n<p>Deixa claro que as empresas contratantes s\u00f3 poder\u00e3o ser autuadas se ficar efetivamente clara a rela\u00e7\u00e3o de trabalho com o funcion\u00e1rio terceirizado, por meio da ocorr\u00eancia de <strong>quatro requisitos:<\/strong><\/p>\n\n\n\n<p>habitualidade.<\/p>\n\n\n\n<p>subordina\u00e7\u00e3o.<\/p>\n\n\n\n<p>onerosidade (quem paga o sal\u00e1rio).<\/p>\n\n\n\n<p>pessoalidade.<\/p>\n\n\n\n<p><br>Segundo o texto do governo, n\u00e3o configura v\u00ednculo empregat\u00edcio a rela\u00e7\u00e3o trabalhista entre os trabalhadores ou s\u00f3cios das empresas prestadoras de servi\u00e7os, independentemente do seu ramo de atividade, e a empresa contratante.<\/p>\n\n\n\n<p>Antes, n\u00e3o havia orienta\u00e7\u00e3o em decreto sobre como o fiscal deveria proceder.<\/p>\n\n\n\n<p>O Judici\u00e1rio considera que a terceiriza\u00e7\u00e3o \u00e9 v\u00e1lida desde que n\u00e3o estejam presentes os elementos que, combinados, configurariam a rela\u00e7\u00e3o de trabalho.<\/p>\n\n\n\n<p>Mas as decis\u00f5es t\u00eam variado.<\/p>\n\n\n\n<p>As contratantes \u00e0s vezes s\u00e3o responsabilizadas pelo funcion\u00e1rio terceirizado, e outras, n\u00e3o.<\/p>\n\n\n\n<p>Uma fonte do Valor, do Minist\u00e9rio do Trabalho, destaca que o Decreto n\u00ba 10.854 deixa claro que os<strong> quatro princ\u00edpios t\u00eam que ser seguidos pelo fiscal<\/strong> para que a autua\u00e7\u00e3o n\u00e3o seja derrubada posteriormente pelas empresas na Justi\u00e7a.<\/p>\n\n\n\n<p>A inten\u00e7\u00e3o, segundo a fonte, \u00e9 proteger o mecanismo da terceiriza\u00e7\u00e3o, garantindo puni\u00e7\u00e3o em caso de burla, desde que haja elementos suficientes para imputar a responsabilidade do contratante, e evitando excessos.<\/p>\n\n\n\n<p>Ele aponta que esse tema pode acabar sendo debatido no Judici\u00e1rio, inclusive no Supremo Tribunal Federal (STF).<\/p>\n\n\n\n<p>Segundo Jos\u00e9 de Lima Ramos Pereira, procurador-geral do trabalho, o decreto n\u00e3o altera em nada a atua\u00e7\u00e3o do Minist\u00e9rio P\u00fablico do Trabalho.<\/p>\n\n\n\n<p>Segundo ele, quem vai dizer se h\u00e1 terceiriza\u00e7\u00e3o ou n\u00e3o \u00e9 a rela\u00e7\u00e3o de trabalho de fato, n\u00e3o o decreto,<\/p>\n\n\n\n<p>Ainda segundo Pereira, h\u00e1 v\u00ednculo quando existe fraude na terceiriza\u00e7\u00e3o ou ela n\u00e3o preenche os requisitos para ser v\u00e1lida.<\/p>\n\n\n\n<p>Ele diz que o texto traz praticamente as mesmas previs\u00f5es da reforma trabalhista.<\/p>\n\n\n\n<p>Uma novidade \u00e9 a previs\u00e3o do par\u00e1grafo 6\u00ba do artigo 39, de que a caracteriza\u00e7\u00e3o da subordina\u00e7\u00e3o dever\u00e1 ser demonstrada no caso espec\u00edfico e vai incorporar a submiss\u00e3o direta, habitual e reiterada.<\/p>\n\n\n\n<p>Isso n\u00e3o est\u00e1 na reforma trabalhista, segundo o procurador, nem na CLT.<\/p>\n\n\n\n<p>Procurado pelo Valor, o Sindicato Nacional dos Auditores Fiscais do Trabalho preferiu n\u00e3o se manifestar.<\/p>\n","protected":false},"excerpt":{"rendered":"<p>Segundo publica\u00e7\u00e3o do Valor Econ\u00f4mico, o decreto editado recentemente pelo governo para consolidar normas trabalhistas deve restringir as autua\u00e7\u00f5es dos fiscais de trabalho nas an\u00e1lises de casos de terceiriza\u00e7\u00e3o. A regra foi publicada este m\u00eas. \u00c9 baseada na reforma trabalhista. Deixa claro que as empresas contratantes s\u00f3 poder\u00e3o ser autuadas se ficar efetivamente clara a [&hellip;]<\/p>\n","protected":false},"author":1,"featured_media":365,"comment_status":"open","ping_status":"open","sticky":false,"template":"","format":"standard","meta":{"footnotes":""},"categories":[1],"tags":[],"class_list":["post-879","post","type-post","status-publish","format-standard","has-post-thumbnail","hentry","category-noticias"],"yoast_head":"<!-- This site is optimized with the Yoast SEO plugin v19.6.1 - https:\/\/yoast.com\/wordpress\/plugins\/seo\/ -->\n<title>Decreto deve restringir autua\u00e7\u00f5es por terceiriza\u00e7\u00e3o - Mainhardt Contabilidade<\/title>\n<meta name=\"robots\" content=\"index, follow, max-snippet:-1, max-image-preview:large, max-video-preview:-1\" \/>\n<link rel=\"canonical\" href=\"https:\/\/mainhardt.com.br\/contabilidade\/decreto-deve-restringir-autuacoes-por-terceirizacao\/\" \/>\n<meta property=\"og:locale\" content=\"pt_BR\" \/>\n<meta property=\"og:type\" content=\"article\" \/>\n<meta property=\"og:title\" content=\"Decreto deve restringir autua\u00e7\u00f5es por terceiriza\u00e7\u00e3o - Mainhardt Contabilidade\" \/>\n<meta property=\"og:description\" content=\"Segundo publica\u00e7\u00e3o do Valor Econ\u00f4mico, o decreto editado recentemente pelo governo para consolidar normas trabalhistas deve restringir as autua\u00e7\u00f5es dos fiscais de trabalho nas an\u00e1lises de casos de terceiriza\u00e7\u00e3o. A regra foi publicada este m\u00eas. \u00c9 baseada na reforma trabalhista. Deixa claro que as empresas contratantes s\u00f3 poder\u00e3o ser autuadas se ficar efetivamente clara a [&hellip;]\" \/>\n<meta property=\"og:url\" content=\"https:\/\/mainhardt.com.br\/contabilidade\/decreto-deve-restringir-autuacoes-por-terceirizacao\/\" \/>\n<meta property=\"og:site_name\" content=\"Mainhardt Contabilidade\" \/>\n<meta property=\"article:published_time\" content=\"2021-12-01T12:35:49+00:00\" \/>\n<meta property=\"og:image\" content=\"http:\/\/mainhardt.com.br\/contabilidade\/wp-content\/uploads\/2021\/06\/fundo-azul.jpg\" \/>\n\t<meta property=\"og:image:width\" content=\"580\" \/>\n\t<meta property=\"og:image:height\" content=\"580\" \/>\n\t<meta property=\"og:image:type\" content=\"image\/jpeg\" \/>\n<meta name=\"author\" content=\"su.wp\" \/>\n<meta name=\"twitter:card\" content=\"summary_large_image\" \/>\n<meta name=\"twitter:label1\" content=\"Escrito por\" \/>\n\t<meta name=\"twitter:data1\" content=\"su.wp\" \/>\n\t<meta name=\"twitter:label2\" content=\"Est. tempo de leitura\" \/>\n\t<meta name=\"twitter:data2\" content=\"2 minutos\" \/>\n<script type=\"application\/ld+json\" class=\"yoast-schema-graph\">{\"@context\":\"https:\/\/schema.org\",\"@graph\":[{\"@type\":\"Article\",\"@id\":\"https:\/\/mainhardt.com.br\/contabilidade\/decreto-deve-restringir-autuacoes-por-terceirizacao\/#article\",\"isPartOf\":{\"@id\":\"https:\/\/mainhardt.com.br\/contabilidade\/decreto-deve-restringir-autuacoes-por-terceirizacao\/\"},\"author\":{\"name\":\"su.wp\",\"@id\":\"https:\/\/mainhardt.com.br\/contabilidade\/#\/schema\/person\/fbae9da6eebfcbf5302053bba49451b5\"},\"headline\":\"Decreto deve restringir autua\u00e7\u00f5es por terceiriza\u00e7\u00e3o\",\"datePublished\":\"2021-12-01T12:35:49+00:00\",\"dateModified\":\"2021-12-01T12:35:49+00:00\",\"mainEntityOfPage\":{\"@id\":\"https:\/\/mainhardt.com.br\/contabilidade\/decreto-deve-restringir-autuacoes-por-terceirizacao\/\"},\"wordCount\":440,\"commentCount\":0,\"publisher\":{\"@id\":\"https:\/\/mainhardt.com.br\/contabilidade\/#organization\"},\"articleSection\":[\"Not\u00edcias\"],\"inLanguage\":\"pt-BR\",\"potentialAction\":[{\"@type\":\"CommentAction\",\"name\":\"Comment\",\"target\":[\"https:\/\/mainhardt.com.br\/contabilidade\/decreto-deve-restringir-autuacoes-por-terceirizacao\/#respond\"]}]},{\"@type\":\"WebPage\",\"@id\":\"https:\/\/mainhardt.com.br\/contabilidade\/decreto-deve-restringir-autuacoes-por-terceirizacao\/\",\"url\":\"https:\/\/mainhardt.com.br\/contabilidade\/decreto-deve-restringir-autuacoes-por-terceirizacao\/\",\"name\":\"Decreto deve restringir autua\u00e7\u00f5es por terceiriza\u00e7\u00e3o - Mainhardt Contabilidade\",\"isPartOf\":{\"@id\":\"https:\/\/mainhardt.com.br\/contabilidade\/#website\"},\"datePublished\":\"2021-12-01T12:35:49+00:00\",\"dateModified\":\"2021-12-01T12:35:49+00:00\",\"breadcrumb\":{\"@id\":\"https:\/\/mainhardt.com.br\/contabilidade\/decreto-deve-restringir-autuacoes-por-terceirizacao\/#breadcrumb\"},\"inLanguage\":\"pt-BR\",\"potentialAction\":[{\"@type\":\"ReadAction\",\"target\":[\"https:\/\/mainhardt.com.br\/contabilidade\/decreto-deve-restringir-autuacoes-por-terceirizacao\/\"]}]},{\"@type\":\"BreadcrumbList\",\"@id\":\"https:\/\/mainhardt.com.br\/contabilidade\/decreto-deve-restringir-autuacoes-por-terceirizacao\/#breadcrumb\",\"itemListElement\":[{\"@type\":\"ListItem\",\"position\":1,\"name\":\"In\u00edcio\",\"item\":\"https:\/\/mainhardt.com.br\/contabilidade\/\"},{\"@type\":\"ListItem\",\"position\":2,\"name\":\"Decreto deve restringir autua\u00e7\u00f5es por terceiriza\u00e7\u00e3o\"}]},{\"@type\":\"WebSite\",\"@id\":\"https:\/\/mainhardt.com.br\/contabilidade\/#website\",\"url\":\"https:\/\/mainhardt.com.br\/contabilidade\/\",\"name\":\"Mainhardt Contabilidade\",\"description\":\"Contabilidade em Santa Catarina\",\"publisher\":{\"@id\":\"https:\/\/mainhardt.com.br\/contabilidade\/#organization\"},\"potentialAction\":[{\"@type\":\"SearchAction\",\"target\":{\"@type\":\"EntryPoint\",\"urlTemplate\":\"https:\/\/mainhardt.com.br\/contabilidade\/?s={search_term_string}\"},\"query-input\":\"required name=search_term_string\"}],\"inLanguage\":\"pt-BR\"},{\"@type\":\"Organization\",\"@id\":\"https:\/\/mainhardt.com.br\/contabilidade\/#organization\",\"name\":\"Mainhardt Contabilidade\",\"url\":\"https:\/\/mainhardt.com.br\/contabilidade\/\",\"sameAs\":[],\"logo\":{\"@type\":\"ImageObject\",\"inLanguage\":\"pt-BR\",\"@id\":\"https:\/\/mainhardt.com.br\/contabilidade\/#\/schema\/logo\/image\/\",\"url\":\"https:\/\/mainhardt.com.br\/contabilidade\/wp-content\/uploads\/2022\/08\/Novo-Projeto-10.png\",\"contentUrl\":\"https:\/\/mainhardt.com.br\/contabilidade\/wp-content\/uploads\/2022\/08\/Novo-Projeto-10.png\",\"width\":170,\"height\":60,\"caption\":\"Mainhardt Contabilidade\"},\"image\":{\"@id\":\"https:\/\/mainhardt.com.br\/contabilidade\/#\/schema\/logo\/image\/\"}},{\"@type\":\"Person\",\"@id\":\"https:\/\/mainhardt.com.br\/contabilidade\/#\/schema\/person\/fbae9da6eebfcbf5302053bba49451b5\",\"name\":\"su.wp\",\"image\":{\"@type\":\"ImageObject\",\"inLanguage\":\"pt-BR\",\"@id\":\"https:\/\/mainhardt.com.br\/contabilidade\/#\/schema\/person\/image\/\",\"url\":\"https:\/\/secure.gravatar.com\/avatar\/4660c4d944a5ce7de85f33ede443a76d3abfdf976c7c53c8b98877a5a0a8870f?s=96&d=mm&r=g\",\"contentUrl\":\"https:\/\/secure.gravatar.com\/avatar\/4660c4d944a5ce7de85f33ede443a76d3abfdf976c7c53c8b98877a5a0a8870f?s=96&d=mm&r=g\",\"caption\":\"su.wp\"},\"sameAs\":[\"http:\/\/wptemplate.dev.com\"],\"url\":\"https:\/\/mainhardt.com.br\/contabilidade\/author\/su-wp\/\"}]}<\/script>\n<!-- \/ Yoast SEO plugin. -->","yoast_head_json":{"title":"Decreto deve restringir autua\u00e7\u00f5es por terceiriza\u00e7\u00e3o - Mainhardt Contabilidade","robots":{"index":"index","follow":"follow","max-snippet":"max-snippet:-1","max-image-preview":"max-image-preview:large","max-video-preview":"max-video-preview:-1"},"canonical":"https:\/\/mainhardt.com.br\/contabilidade\/decreto-deve-restringir-autuacoes-por-terceirizacao\/","og_locale":"pt_BR","og_type":"article","og_title":"Decreto deve restringir autua\u00e7\u00f5es por terceiriza\u00e7\u00e3o - Mainhardt Contabilidade","og_description":"Segundo publica\u00e7\u00e3o do Valor Econ\u00f4mico, o decreto editado recentemente pelo governo para consolidar normas trabalhistas deve restringir as autua\u00e7\u00f5es dos fiscais de trabalho nas an\u00e1lises de casos de terceiriza\u00e7\u00e3o. A regra foi publicada este m\u00eas. \u00c9 baseada na reforma trabalhista. Deixa claro que as empresas contratantes s\u00f3 poder\u00e3o ser autuadas se ficar efetivamente clara a [&hellip;]","og_url":"https:\/\/mainhardt.com.br\/contabilidade\/decreto-deve-restringir-autuacoes-por-terceirizacao\/","og_site_name":"Mainhardt Contabilidade","article_published_time":"2021-12-01T12:35:49+00:00","og_image":[{"width":580,"height":580,"url":"http:\/\/mainhardt.com.br\/contabilidade\/wp-content\/uploads\/2021\/06\/fundo-azul.jpg","type":"image\/jpeg"}],"author":"su.wp","twitter_card":"summary_large_image","twitter_misc":{"Escrito por":"su.wp","Est. tempo de leitura":"2 minutos"},"schema":{"@context":"https:\/\/schema.org","@graph":[{"@type":"Article","@id":"https:\/\/mainhardt.com.br\/contabilidade\/decreto-deve-restringir-autuacoes-por-terceirizacao\/#article","isPartOf":{"@id":"https:\/\/mainhardt.com.br\/contabilidade\/decreto-deve-restringir-autuacoes-por-terceirizacao\/"},"author":{"name":"su.wp","@id":"https:\/\/mainhardt.com.br\/contabilidade\/#\/schema\/person\/fbae9da6eebfcbf5302053bba49451b5"},"headline":"Decreto deve restringir autua\u00e7\u00f5es por terceiriza\u00e7\u00e3o","datePublished":"2021-12-01T12:35:49+00:00","dateModified":"2021-12-01T12:35:49+00:00","mainEntityOfPage":{"@id":"https:\/\/mainhardt.com.br\/contabilidade\/decreto-deve-restringir-autuacoes-por-terceirizacao\/"},"wordCount":440,"commentCount":0,"publisher":{"@id":"https:\/\/mainhardt.com.br\/contabilidade\/#organization"},"articleSection":["Not\u00edcias"],"inLanguage":"pt-BR","potentialAction":[{"@type":"CommentAction","name":"Comment","target":["https:\/\/mainhardt.com.br\/contabilidade\/decreto-deve-restringir-autuacoes-por-terceirizacao\/#respond"]}]},{"@type":"WebPage","@id":"https:\/\/mainhardt.com.br\/contabilidade\/decreto-deve-restringir-autuacoes-por-terceirizacao\/","url":"https:\/\/mainhardt.com.br\/contabilidade\/decreto-deve-restringir-autuacoes-por-terceirizacao\/","name":"Decreto deve restringir autua\u00e7\u00f5es por terceiriza\u00e7\u00e3o - Mainhardt Contabilidade","isPartOf":{"@id":"https:\/\/mainhardt.com.br\/contabilidade\/#website"},"datePublished":"2021-12-01T12:35:49+00:00","dateModified":"2021-12-01T12:35:49+00:00","breadcrumb":{"@id":"https:\/\/mainhardt.com.br\/contabilidade\/decreto-deve-restringir-autuacoes-por-terceirizacao\/#breadcrumb"},"inLanguage":"pt-BR","potentialAction":[{"@type":"ReadAction","target":["https:\/\/mainhardt.com.br\/contabilidade\/decreto-deve-restringir-autuacoes-por-terceirizacao\/"]}]},{"@type":"BreadcrumbList","@id":"https:\/\/mainhardt.com.br\/contabilidade\/decreto-deve-restringir-autuacoes-por-terceirizacao\/#breadcrumb","itemListElement":[{"@type":"ListItem","position":1,"name":"In\u00edcio","item":"https:\/\/mainhardt.com.br\/contabilidade\/"},{"@type":"ListItem","position":2,"name":"Decreto deve restringir autua\u00e7\u00f5es por terceiriza\u00e7\u00e3o"}]},{"@type":"WebSite","@id":"https:\/\/mainhardt.com.br\/contabilidade\/#website","url":"https:\/\/mainhardt.com.br\/contabilidade\/","name":"Mainhardt Contabilidade","description":"Contabilidade em Santa Catarina","publisher":{"@id":"https:\/\/mainhardt.com.br\/contabilidade\/#organization"},"potentialAction":[{"@type":"SearchAction","target":{"@type":"EntryPoint","urlTemplate":"https:\/\/mainhardt.com.br\/contabilidade\/?s={search_term_string}"},"query-input":"required name=search_term_string"}],"inLanguage":"pt-BR"},{"@type":"Organization","@id":"https:\/\/mainhardt.com.br\/contabilidade\/#organization","name":"Mainhardt Contabilidade","url":"https:\/\/mainhardt.com.br\/contabilidade\/","sameAs":[],"logo":{"@type":"ImageObject","inLanguage":"pt-BR","@id":"https:\/\/mainhardt.com.br\/contabilidade\/#\/schema\/logo\/image\/","url":"https:\/\/mainhardt.com.br\/contabilidade\/wp-content\/uploads\/2022\/08\/Novo-Projeto-10.png","contentUrl":"https:\/\/mainhardt.com.br\/contabilidade\/wp-content\/uploads\/2022\/08\/Novo-Projeto-10.png","width":170,"height":60,"caption":"Mainhardt Contabilidade"},"image":{"@id":"https:\/\/mainhardt.com.br\/contabilidade\/#\/schema\/logo\/image\/"}},{"@type":"Person","@id":"https:\/\/mainhardt.com.br\/contabilidade\/#\/schema\/person\/fbae9da6eebfcbf5302053bba49451b5","name":"su.wp","image":{"@type":"ImageObject","inLanguage":"pt-BR","@id":"https:\/\/mainhardt.com.br\/contabilidade\/#\/schema\/person\/image\/","url":"https:\/\/secure.gravatar.com\/avatar\/4660c4d944a5ce7de85f33ede443a76d3abfdf976c7c53c8b98877a5a0a8870f?s=96&d=mm&r=g","contentUrl":"https:\/\/secure.gravatar.com\/avatar\/4660c4d944a5ce7de85f33ede443a76d3abfdf976c7c53c8b98877a5a0a8870f?s=96&d=mm&r=g","caption":"su.wp"},"sameAs":["http:\/\/wptemplate.dev.com"],"url":"https:\/\/mainhardt.com.br\/contabilidade\/author\/su-wp\/"}]}},"_links":{"self":[{"href":"https:\/\/mainhardt.com.br\/contabilidade\/wp-json\/wp\/v2\/posts\/879","targetHints":{"allow":["GET"]}}],"collection":[{"href":"https:\/\/mainhardt.com.br\/contabilidade\/wp-json\/wp\/v2\/posts"}],"about":[{"href":"https:\/\/mainhardt.com.br\/contabilidade\/wp-json\/wp\/v2\/types\/post"}],"author":[{"embeddable":true,"href":"https:\/\/mainhardt.com.br\/contabilidade\/wp-json\/wp\/v2\/users\/1"}],"replies":[{"embeddable":true,"href":"https:\/\/mainhardt.com.br\/contabilidade\/wp-json\/wp\/v2\/comments?post=879"}],"version-history":[{"count":1,"href":"https:\/\/mainhardt.com.br\/contabilidade\/wp-json\/wp\/v2\/posts\/879\/revisions"}],"predecessor-version":[{"id":880,"href":"https:\/\/mainhardt.com.br\/contabilidade\/wp-json\/wp\/v2\/posts\/879\/revisions\/880"}],"wp:featuredmedia":[{"embeddable":true,"href":"https:\/\/mainhardt.com.br\/contabilidade\/wp-json\/wp\/v2\/media\/365"}],"wp:attachment":[{"href":"https:\/\/mainhardt.com.br\/contabilidade\/wp-json\/wp\/v2\/media?parent=879"}],"wp:term":[{"taxonomy":"category","embeddable":true,"href":"https:\/\/mainhardt.com.br\/contabilidade\/wp-json\/wp\/v2\/categories?post=879"},{"taxonomy":"post_tag","embeddable":true,"href":"https:\/\/mainhardt.com.br\/contabilidade\/wp-json\/wp\/v2\/tags?post=879"}],"curies":[{"name":"wp","href":"https:\/\/api.w.org\/{rel}","templated":true}]}}