{"id":888,"date":"2021-12-02T15:35:11","date_gmt":"2021-12-02T18:35:11","guid":{"rendered":"https:\/\/www.mainhardt.com.br\/?p=888"},"modified":"2021-12-02T15:35:11","modified_gmt":"2021-12-02T18:35:11","slug":"entenda-o-que-muda-com-novas-regras-para-o-vale-refeicao","status":"publish","type":"post","link":"https:\/\/mainhardt.com.br\/contabilidade\/entenda-o-que-muda-com-novas-regras-para-o-vale-refeicao\/","title":{"rendered":"Entenda o que muda com novas regras para o vale-refei\u00e7\u00e3o"},"content":{"rendered":"\n<p>No \u00faltimo m\u00eas, foi publicado o decreto n\u00ba 10.854, que trouxe uma s\u00e9rie de mudan\u00e7as nas normas trabalhistas.<\/p>\n\n\n\n<p>Conforme publicado pelo Valor Econ\u00f4mico, \u00e9 a flexibiliza\u00e7\u00e3o no vale-refei\u00e7\u00e3o que tem gerado as principais d\u00favidas, tanto dos empregadores quanto dos funcion\u00e1rios.<\/p>\n\n\n\n<p>O ponto de maior pol\u00eamica \u00e9 o que limita a dedu\u00e7\u00e3o do Imposto de Renda (IR) das empresas na concess\u00e3o de vales refei\u00e7\u00e3o e alimenta\u00e7\u00e3o.<\/p>\n\n\n\n<p>Mas as altera\u00e7\u00f5es v\u00e3o al\u00e9m disso, conforme explicam os especialistas na publica\u00e7\u00e3o do Valor.<\/p>\n\n\n\n<p>CONFIRA:<\/p>\n\n\n\n<p><strong>BOLSO DO TRABALHADOR<\/strong><\/p>\n\n\n\n<p>Entre as principais novidades, advogados destacam que pode ocorrer a amplia\u00e7\u00e3o no n\u00famero de estabelecimentos onde o trabalhador poder\u00e1 usar o benef\u00edcio.<\/p>\n\n\n\n<p>Isso porque o decreto prev\u00ea que o cart\u00e3o pode ser usado em qualquer restaurante que receba este tipo de pagamento, e n\u00e3o mais apenas nos credenciados da bandeira.<\/p>\n\n\n\n<p>O texto prev\u00ea ainda a portabilidade gratuita do servi\u00e7o de pagamento de alimenta\u00e7\u00e3o oferecido pela pessoa jur\u00eddica benefici\u00e1ria do Programa de Alimenta\u00e7\u00e3o do Trabalhador (PAT).<\/p>\n\n\n\n<p>Ser\u00e1 facultativa, mediante a solicita\u00e7\u00e3o expressa do trabalhador.<\/p>\n\n\n\n<p><strong>FIM DO DESCONTO<\/strong><\/p>\n\n\n\n<p>Al\u00e9m disso, o decreto determina que as pessoas jur\u00eddicas benefici\u00e1rias n\u00e3o poder\u00e3o exigir ou receber qualquer tipo de des\u00e1gio ou imposi\u00e7\u00e3o de descontos sobre o valor contratado.<\/p>\n\n\n\n<p>Nem prazos de repasse que descaracterizem a natureza pr\u00e9-paga dos valores a serem disponibilizados aos trabalhadores.<\/p>\n\n\n\n<p>O mesmo vale para outras verbas e benef\u00edcios diretos ou indiretos, de qualquer natureza, n\u00e3o vinculados diretamente \u00e0 promo\u00e7\u00e3o de sa\u00fade e seguran\u00e7a alimentar do trabalhador.<\/p>\n\n\n\n<p><strong>CAIXA DAS EMPRESAS<\/strong><\/p>\n\n\n\n<p>Para especialistas, no entanto, as mudan\u00e7as podem colocar em risco o fornecimento do benef\u00edcio para os trabalhadores.<\/p>\n\n\n\n<p>Al\u00e9m de limitar a dedu\u00e7\u00e3o do IR, as novas regras tamb\u00e9m preveem que o abatimento dos vales s\u00f3 dever\u00e1 ser aplicado para os rendimentos de at\u00e9 cinco sal\u00e1rios m\u00ednimos, conforme explica o advogado Sergio Pelcerman, do escrit\u00f3rio Almeida Prado &amp; Hoffmann, ao Valor Econ\u00f4mico.<\/p>\n\n\n\n<p>Quando as empresas t\u00eam servi\u00e7o pr\u00f3prio de refei\u00e7\u00f5es ou de distribui\u00e7\u00e3o de alimentos as limita\u00e7\u00f5es n\u00e3o se aplicam.<\/p>\n\n\n\n<p>Al\u00e9m disso, o gasto pode continuar sendo todo abatido da base do IR.<\/p>\n\n\n\n<p>A regra de c\u00e1lculo do benef\u00edcio previsto no PAT tem alguma complexidade.<\/p>\n\n\n\n<p>Mas o incentivo n\u00e3o pode superar 4% do imposto devido no ano.<\/p>\n\n\n\n<p><strong>BENEF\u00cdCIO FISCAL X RELA\u00c7\u00c3O DE TRABALHO<\/strong><\/p>\n\n\n\n<p>O advogado Andr\u00e9 Alves de Melo, do escrit\u00f3rio Cescon Barrieu, disse ao Valor que houve uma limita\u00e7\u00e3o do benef\u00edcio pelo valor dado ao funcion\u00e1rio e faixa de sal\u00e1rio percebida por este.<\/p>\n\n\n\n<p>Segundo ele, na pr\u00e1tica, o pagamento do vale alimenta\u00e7\u00e3o antes \u201cincentivado\u201d pela correla\u00e7\u00e3o ao benef\u00edcio fiscal, hoje com a redu\u00e7\u00e3o da sua aplicabilidade e abrang\u00eancia, acaba por limitar o incentivo fiscal.<\/p>\n\n\n\n<p>Para ele, muitas empresas poder\u00e3o alterar sua pol\u00edtica de benef\u00edcio j\u00e1 que o incentivo fiscal ficar\u00e1 reduzido.<\/p>\n\n\n\n<p>Andr\u00e9 Melo afirma que agora, a dedutibilidade ficou restrita \u00e0 parcela do benef\u00edcio que corresponder a no m\u00e1ximo um sal\u00e1rio m\u00ednimo, sendo que antes, n\u00e3o havia esse teto<\/p>\n\n\n\n<p>O advogado Marcos Lemos, do escrit\u00f3rio Ben\u00edcio Advogados Associados, diz considerar que a medida poder\u00e1 trazer impactos \u00e0 pr\u00f3pria rela\u00e7\u00e3o de trabalho.<\/p>\n\n\n\n<p>Segundo disse ao Valor, ao reduzir o incentivo \u00e0 concess\u00e3o do benef\u00edcio, tender\u00e1 a desestimular o fornecimento dos vales refei\u00e7\u00e3o e alimenta\u00e7\u00e3o pelo empregador.<\/p>\n","protected":false},"excerpt":{"rendered":"<p>No \u00faltimo m\u00eas, foi publicado o decreto n\u00ba 10.854, que trouxe uma s\u00e9rie de mudan\u00e7as nas normas trabalhistas. Conforme publicado pelo Valor Econ\u00f4mico, \u00e9 a flexibiliza\u00e7\u00e3o no vale-refei\u00e7\u00e3o que tem gerado as principais d\u00favidas, tanto dos empregadores quanto dos funcion\u00e1rios. O ponto de maior pol\u00eamica \u00e9 o que limita a dedu\u00e7\u00e3o do Imposto de Renda [&hellip;]<\/p>\n","protected":false},"author":1,"featured_media":365,"comment_status":"open","ping_status":"open","sticky":false,"template":"","format":"standard","meta":{"footnotes":""},"categories":[1],"tags":[],"class_list":["post-888","post","type-post","status-publish","format-standard","has-post-thumbnail","hentry","category-noticias"],"yoast_head":"<!-- This site is optimized with the Yoast SEO plugin v19.6.1 - https:\/\/yoast.com\/wordpress\/plugins\/seo\/ -->\n<title>Entenda o que muda com novas regras para o vale-refei\u00e7\u00e3o - Mainhardt Contabilidade<\/title>\n<meta name=\"robots\" content=\"index, follow, max-snippet:-1, max-image-preview:large, max-video-preview:-1\" \/>\n<link rel=\"canonical\" href=\"https:\/\/mainhardt.com.br\/contabilidade\/entenda-o-que-muda-com-novas-regras-para-o-vale-refeicao\/\" \/>\n<meta property=\"og:locale\" content=\"pt_BR\" \/>\n<meta property=\"og:type\" content=\"article\" \/>\n<meta property=\"og:title\" content=\"Entenda o que muda com novas regras para o vale-refei\u00e7\u00e3o - Mainhardt Contabilidade\" \/>\n<meta property=\"og:description\" content=\"No \u00faltimo m\u00eas, foi publicado o decreto n\u00ba 10.854, que trouxe uma s\u00e9rie de mudan\u00e7as nas normas trabalhistas. Conforme publicado pelo Valor Econ\u00f4mico, \u00e9 a flexibiliza\u00e7\u00e3o no vale-refei\u00e7\u00e3o que tem gerado as principais d\u00favidas, tanto dos empregadores quanto dos funcion\u00e1rios. O ponto de maior pol\u00eamica \u00e9 o que limita a dedu\u00e7\u00e3o do Imposto de Renda [&hellip;]\" \/>\n<meta property=\"og:url\" content=\"https:\/\/mainhardt.com.br\/contabilidade\/entenda-o-que-muda-com-novas-regras-para-o-vale-refeicao\/\" \/>\n<meta property=\"og:site_name\" content=\"Mainhardt Contabilidade\" \/>\n<meta property=\"article:published_time\" content=\"2021-12-02T18:35:11+00:00\" \/>\n<meta property=\"og:image\" content=\"http:\/\/mainhardt.com.br\/contabilidade\/wp-content\/uploads\/2021\/06\/fundo-azul.jpg\" \/>\n\t<meta property=\"og:image:width\" content=\"580\" \/>\n\t<meta property=\"og:image:height\" content=\"580\" \/>\n\t<meta property=\"og:image:type\" content=\"image\/jpeg\" \/>\n<meta name=\"author\" content=\"su.wp\" \/>\n<meta name=\"twitter:card\" content=\"summary_large_image\" \/>\n<meta name=\"twitter:label1\" content=\"Escrito por\" \/>\n\t<meta name=\"twitter:data1\" content=\"su.wp\" \/>\n\t<meta name=\"twitter:label2\" content=\"Est. tempo de leitura\" \/>\n\t<meta name=\"twitter:data2\" content=\"3 minutos\" \/>\n<script type=\"application\/ld+json\" class=\"yoast-schema-graph\">{\"@context\":\"https:\/\/schema.org\",\"@graph\":[{\"@type\":\"Article\",\"@id\":\"https:\/\/mainhardt.com.br\/contabilidade\/entenda-o-que-muda-com-novas-regras-para-o-vale-refeicao\/#article\",\"isPartOf\":{\"@id\":\"https:\/\/mainhardt.com.br\/contabilidade\/entenda-o-que-muda-com-novas-regras-para-o-vale-refeicao\/\"},\"author\":{\"name\":\"su.wp\",\"@id\":\"https:\/\/mainhardt.com.br\/contabilidade\/#\/schema\/person\/fbae9da6eebfcbf5302053bba49451b5\"},\"headline\":\"Entenda o que muda com novas regras para o vale-refei\u00e7\u00e3o\",\"datePublished\":\"2021-12-02T18:35:11+00:00\",\"dateModified\":\"2021-12-02T18:35:11+00:00\",\"mainEntityOfPage\":{\"@id\":\"https:\/\/mainhardt.com.br\/contabilidade\/entenda-o-que-muda-com-novas-regras-para-o-vale-refeicao\/\"},\"wordCount\":609,\"commentCount\":0,\"publisher\":{\"@id\":\"https:\/\/mainhardt.com.br\/contabilidade\/#organization\"},\"articleSection\":[\"Not\u00edcias\"],\"inLanguage\":\"pt-BR\",\"potentialAction\":[{\"@type\":\"CommentAction\",\"name\":\"Comment\",\"target\":[\"https:\/\/mainhardt.com.br\/contabilidade\/entenda-o-que-muda-com-novas-regras-para-o-vale-refeicao\/#respond\"]}]},{\"@type\":\"WebPage\",\"@id\":\"https:\/\/mainhardt.com.br\/contabilidade\/entenda-o-que-muda-com-novas-regras-para-o-vale-refeicao\/\",\"url\":\"https:\/\/mainhardt.com.br\/contabilidade\/entenda-o-que-muda-com-novas-regras-para-o-vale-refeicao\/\",\"name\":\"Entenda o que muda com novas regras para o vale-refei\u00e7\u00e3o - Mainhardt Contabilidade\",\"isPartOf\":{\"@id\":\"https:\/\/mainhardt.com.br\/contabilidade\/#website\"},\"datePublished\":\"2021-12-02T18:35:11+00:00\",\"dateModified\":\"2021-12-02T18:35:11+00:00\",\"breadcrumb\":{\"@id\":\"https:\/\/mainhardt.com.br\/contabilidade\/entenda-o-que-muda-com-novas-regras-para-o-vale-refeicao\/#breadcrumb\"},\"inLanguage\":\"pt-BR\",\"potentialAction\":[{\"@type\":\"ReadAction\",\"target\":[\"https:\/\/mainhardt.com.br\/contabilidade\/entenda-o-que-muda-com-novas-regras-para-o-vale-refeicao\/\"]}]},{\"@type\":\"BreadcrumbList\",\"@id\":\"https:\/\/mainhardt.com.br\/contabilidade\/entenda-o-que-muda-com-novas-regras-para-o-vale-refeicao\/#breadcrumb\",\"itemListElement\":[{\"@type\":\"ListItem\",\"position\":1,\"name\":\"In\u00edcio\",\"item\":\"https:\/\/mainhardt.com.br\/contabilidade\/\"},{\"@type\":\"ListItem\",\"position\":2,\"name\":\"Entenda o que muda com novas regras para o vale-refei\u00e7\u00e3o\"}]},{\"@type\":\"WebSite\",\"@id\":\"https:\/\/mainhardt.com.br\/contabilidade\/#website\",\"url\":\"https:\/\/mainhardt.com.br\/contabilidade\/\",\"name\":\"Mainhardt Contabilidade\",\"description\":\"Contabilidade em Santa Catarina\",\"publisher\":{\"@id\":\"https:\/\/mainhardt.com.br\/contabilidade\/#organization\"},\"potentialAction\":[{\"@type\":\"SearchAction\",\"target\":{\"@type\":\"EntryPoint\",\"urlTemplate\":\"https:\/\/mainhardt.com.br\/contabilidade\/?s={search_term_string}\"},\"query-input\":\"required name=search_term_string\"}],\"inLanguage\":\"pt-BR\"},{\"@type\":\"Organization\",\"@id\":\"https:\/\/mainhardt.com.br\/contabilidade\/#organization\",\"name\":\"Mainhardt Contabilidade\",\"url\":\"https:\/\/mainhardt.com.br\/contabilidade\/\",\"sameAs\":[],\"logo\":{\"@type\":\"ImageObject\",\"inLanguage\":\"pt-BR\",\"@id\":\"https:\/\/mainhardt.com.br\/contabilidade\/#\/schema\/logo\/image\/\",\"url\":\"https:\/\/mainhardt.com.br\/contabilidade\/wp-content\/uploads\/2022\/08\/Novo-Projeto-10.png\",\"contentUrl\":\"https:\/\/mainhardt.com.br\/contabilidade\/wp-content\/uploads\/2022\/08\/Novo-Projeto-10.png\",\"width\":170,\"height\":60,\"caption\":\"Mainhardt Contabilidade\"},\"image\":{\"@id\":\"https:\/\/mainhardt.com.br\/contabilidade\/#\/schema\/logo\/image\/\"}},{\"@type\":\"Person\",\"@id\":\"https:\/\/mainhardt.com.br\/contabilidade\/#\/schema\/person\/fbae9da6eebfcbf5302053bba49451b5\",\"name\":\"su.wp\",\"image\":{\"@type\":\"ImageObject\",\"inLanguage\":\"pt-BR\",\"@id\":\"https:\/\/mainhardt.com.br\/contabilidade\/#\/schema\/person\/image\/\",\"url\":\"https:\/\/secure.gravatar.com\/avatar\/4660c4d944a5ce7de85f33ede443a76d3abfdf976c7c53c8b98877a5a0a8870f?s=96&d=mm&r=g\",\"contentUrl\":\"https:\/\/secure.gravatar.com\/avatar\/4660c4d944a5ce7de85f33ede443a76d3abfdf976c7c53c8b98877a5a0a8870f?s=96&d=mm&r=g\",\"caption\":\"su.wp\"},\"sameAs\":[\"http:\/\/wptemplate.dev.com\"],\"url\":\"https:\/\/mainhardt.com.br\/contabilidade\/author\/su-wp\/\"}]}<\/script>\n<!-- \/ Yoast SEO plugin. -->","yoast_head_json":{"title":"Entenda o que muda com novas regras para o vale-refei\u00e7\u00e3o - Mainhardt Contabilidade","robots":{"index":"index","follow":"follow","max-snippet":"max-snippet:-1","max-image-preview":"max-image-preview:large","max-video-preview":"max-video-preview:-1"},"canonical":"https:\/\/mainhardt.com.br\/contabilidade\/entenda-o-que-muda-com-novas-regras-para-o-vale-refeicao\/","og_locale":"pt_BR","og_type":"article","og_title":"Entenda o que muda com novas regras para o vale-refei\u00e7\u00e3o - Mainhardt Contabilidade","og_description":"No \u00faltimo m\u00eas, foi publicado o decreto n\u00ba 10.854, que trouxe uma s\u00e9rie de mudan\u00e7as nas normas trabalhistas. Conforme publicado pelo Valor Econ\u00f4mico, \u00e9 a flexibiliza\u00e7\u00e3o no vale-refei\u00e7\u00e3o que tem gerado as principais d\u00favidas, tanto dos empregadores quanto dos funcion\u00e1rios. O ponto de maior pol\u00eamica \u00e9 o que limita a dedu\u00e7\u00e3o do Imposto de Renda [&hellip;]","og_url":"https:\/\/mainhardt.com.br\/contabilidade\/entenda-o-que-muda-com-novas-regras-para-o-vale-refeicao\/","og_site_name":"Mainhardt Contabilidade","article_published_time":"2021-12-02T18:35:11+00:00","og_image":[{"width":580,"height":580,"url":"http:\/\/mainhardt.com.br\/contabilidade\/wp-content\/uploads\/2021\/06\/fundo-azul.jpg","type":"image\/jpeg"}],"author":"su.wp","twitter_card":"summary_large_image","twitter_misc":{"Escrito por":"su.wp","Est. tempo de leitura":"3 minutos"},"schema":{"@context":"https:\/\/schema.org","@graph":[{"@type":"Article","@id":"https:\/\/mainhardt.com.br\/contabilidade\/entenda-o-que-muda-com-novas-regras-para-o-vale-refeicao\/#article","isPartOf":{"@id":"https:\/\/mainhardt.com.br\/contabilidade\/entenda-o-que-muda-com-novas-regras-para-o-vale-refeicao\/"},"author":{"name":"su.wp","@id":"https:\/\/mainhardt.com.br\/contabilidade\/#\/schema\/person\/fbae9da6eebfcbf5302053bba49451b5"},"headline":"Entenda o que muda com novas regras para o vale-refei\u00e7\u00e3o","datePublished":"2021-12-02T18:35:11+00:00","dateModified":"2021-12-02T18:35:11+00:00","mainEntityOfPage":{"@id":"https:\/\/mainhardt.com.br\/contabilidade\/entenda-o-que-muda-com-novas-regras-para-o-vale-refeicao\/"},"wordCount":609,"commentCount":0,"publisher":{"@id":"https:\/\/mainhardt.com.br\/contabilidade\/#organization"},"articleSection":["Not\u00edcias"],"inLanguage":"pt-BR","potentialAction":[{"@type":"CommentAction","name":"Comment","target":["https:\/\/mainhardt.com.br\/contabilidade\/entenda-o-que-muda-com-novas-regras-para-o-vale-refeicao\/#respond"]}]},{"@type":"WebPage","@id":"https:\/\/mainhardt.com.br\/contabilidade\/entenda-o-que-muda-com-novas-regras-para-o-vale-refeicao\/","url":"https:\/\/mainhardt.com.br\/contabilidade\/entenda-o-que-muda-com-novas-regras-para-o-vale-refeicao\/","name":"Entenda o que muda com novas regras para o vale-refei\u00e7\u00e3o - Mainhardt Contabilidade","isPartOf":{"@id":"https:\/\/mainhardt.com.br\/contabilidade\/#website"},"datePublished":"2021-12-02T18:35:11+00:00","dateModified":"2021-12-02T18:35:11+00:00","breadcrumb":{"@id":"https:\/\/mainhardt.com.br\/contabilidade\/entenda-o-que-muda-com-novas-regras-para-o-vale-refeicao\/#breadcrumb"},"inLanguage":"pt-BR","potentialAction":[{"@type":"ReadAction","target":["https:\/\/mainhardt.com.br\/contabilidade\/entenda-o-que-muda-com-novas-regras-para-o-vale-refeicao\/"]}]},{"@type":"BreadcrumbList","@id":"https:\/\/mainhardt.com.br\/contabilidade\/entenda-o-que-muda-com-novas-regras-para-o-vale-refeicao\/#breadcrumb","itemListElement":[{"@type":"ListItem","position":1,"name":"In\u00edcio","item":"https:\/\/mainhardt.com.br\/contabilidade\/"},{"@type":"ListItem","position":2,"name":"Entenda o que muda com novas regras para o vale-refei\u00e7\u00e3o"}]},{"@type":"WebSite","@id":"https:\/\/mainhardt.com.br\/contabilidade\/#website","url":"https:\/\/mainhardt.com.br\/contabilidade\/","name":"Mainhardt Contabilidade","description":"Contabilidade em Santa Catarina","publisher":{"@id":"https:\/\/mainhardt.com.br\/contabilidade\/#organization"},"potentialAction":[{"@type":"SearchAction","target":{"@type":"EntryPoint","urlTemplate":"https:\/\/mainhardt.com.br\/contabilidade\/?s={search_term_string}"},"query-input":"required name=search_term_string"}],"inLanguage":"pt-BR"},{"@type":"Organization","@id":"https:\/\/mainhardt.com.br\/contabilidade\/#organization","name":"Mainhardt Contabilidade","url":"https:\/\/mainhardt.com.br\/contabilidade\/","sameAs":[],"logo":{"@type":"ImageObject","inLanguage":"pt-BR","@id":"https:\/\/mainhardt.com.br\/contabilidade\/#\/schema\/logo\/image\/","url":"https:\/\/mainhardt.com.br\/contabilidade\/wp-content\/uploads\/2022\/08\/Novo-Projeto-10.png","contentUrl":"https:\/\/mainhardt.com.br\/contabilidade\/wp-content\/uploads\/2022\/08\/Novo-Projeto-10.png","width":170,"height":60,"caption":"Mainhardt Contabilidade"},"image":{"@id":"https:\/\/mainhardt.com.br\/contabilidade\/#\/schema\/logo\/image\/"}},{"@type":"Person","@id":"https:\/\/mainhardt.com.br\/contabilidade\/#\/schema\/person\/fbae9da6eebfcbf5302053bba49451b5","name":"su.wp","image":{"@type":"ImageObject","inLanguage":"pt-BR","@id":"https:\/\/mainhardt.com.br\/contabilidade\/#\/schema\/person\/image\/","url":"https:\/\/secure.gravatar.com\/avatar\/4660c4d944a5ce7de85f33ede443a76d3abfdf976c7c53c8b98877a5a0a8870f?s=96&d=mm&r=g","contentUrl":"https:\/\/secure.gravatar.com\/avatar\/4660c4d944a5ce7de85f33ede443a76d3abfdf976c7c53c8b98877a5a0a8870f?s=96&d=mm&r=g","caption":"su.wp"},"sameAs":["http:\/\/wptemplate.dev.com"],"url":"https:\/\/mainhardt.com.br\/contabilidade\/author\/su-wp\/"}]}},"_links":{"self":[{"href":"https:\/\/mainhardt.com.br\/contabilidade\/wp-json\/wp\/v2\/posts\/888","targetHints":{"allow":["GET"]}}],"collection":[{"href":"https:\/\/mainhardt.com.br\/contabilidade\/wp-json\/wp\/v2\/posts"}],"about":[{"href":"https:\/\/mainhardt.com.br\/contabilidade\/wp-json\/wp\/v2\/types\/post"}],"author":[{"embeddable":true,"href":"https:\/\/mainhardt.com.br\/contabilidade\/wp-json\/wp\/v2\/users\/1"}],"replies":[{"embeddable":true,"href":"https:\/\/mainhardt.com.br\/contabilidade\/wp-json\/wp\/v2\/comments?post=888"}],"version-history":[{"count":1,"href":"https:\/\/mainhardt.com.br\/contabilidade\/wp-json\/wp\/v2\/posts\/888\/revisions"}],"predecessor-version":[{"id":889,"href":"https:\/\/mainhardt.com.br\/contabilidade\/wp-json\/wp\/v2\/posts\/888\/revisions\/889"}],"wp:featuredmedia":[{"embeddable":true,"href":"https:\/\/mainhardt.com.br\/contabilidade\/wp-json\/wp\/v2\/media\/365"}],"wp:attachment":[{"href":"https:\/\/mainhardt.com.br\/contabilidade\/wp-json\/wp\/v2\/media?parent=888"}],"wp:term":[{"taxonomy":"category","embeddable":true,"href":"https:\/\/mainhardt.com.br\/contabilidade\/wp-json\/wp\/v2\/categories?post=888"},{"taxonomy":"post_tag","embeddable":true,"href":"https:\/\/mainhardt.com.br\/contabilidade\/wp-json\/wp\/v2\/tags?post=888"}],"curies":[{"name":"wp","href":"https:\/\/api.w.org\/{rel}","templated":true}]}}