{"id":899,"date":"2021-12-13T14:38:57","date_gmt":"2021-12-13T17:38:57","guid":{"rendered":"https:\/\/www.mainhardt.com.br\/?p=899"},"modified":"2021-12-13T14:38:57","modified_gmt":"2021-12-13T17:38:57","slug":"contratacao-de-meis-pode-exigir-recolhimento-de-contribuicao-previdenciaria-patronal","status":"publish","type":"post","link":"https:\/\/mainhardt.com.br\/contabilidade\/contratacao-de-meis-pode-exigir-recolhimento-de-contribuicao-previdenciaria-patronal\/","title":{"rendered":"Contrata\u00e7\u00e3o de MEIs pode exigir recolhimento de Contribui\u00e7\u00e3o Previdenci\u00e1ria Patronal"},"content":{"rendered":"\n<p>Microempreendedores que prestam servi\u00e7os de alvenaria, hidr\u00e1ulica e el\u00e9trica possuem legisla\u00e7\u00e3o espec\u00edfica<\/p>\n\n\n\n<p>Ao contratar um profissional optante pelo regime de Microempreendedor Individual (MEI), grande parte das empresas busca evitar os impostos decorrentes de uma rela\u00e7\u00e3o trabalhista. No entanto, as organiza\u00e7\u00f5es precisam estar atentas \u00e0s previs\u00f5es legais que exigem Contribui\u00e7\u00e3o Previdenci\u00e1ria Patronal (CPP) na contrata\u00e7\u00e3o de MEI prestador de servi\u00e7os de hidr\u00e1ulica, eletricidade, pintura, alvenaria, carpintaria e de manuten\u00e7\u00e3o ou reparo de ve\u00edculos.<\/p>\n\n\n\n<p>Como prev\u00ea a Lei Complementar 123\/2006, as empresas que contratam MEIs para a presta\u00e7\u00e3o desses tipos de servi\u00e7os s\u00e3o obrigadas a realizar o recolhimento da CPP no valor de 20% sobre o total da nota fiscal. Al\u00e9m disso, o contratante deve realizar as obriga\u00e7\u00f5es acess\u00f3rias decorrentes da contrata\u00e7\u00e3o de contribuinte individual, como emitir a Guia de Recolhimento do FGTS e de Informa\u00e7\u00f5es \u00e0 Previd\u00eancia Social (GFIP).<\/p>\n\n\n\n<p><strong>Previd\u00eancia Social<\/strong><\/p>\n\n\n\n<p>\u00c9 importante ainda entender como ocorre a contribui\u00e7\u00e3o ao Instituto Nacional do Seguro Social (INSS) referente ao prestador de servi\u00e7os MEI. Os Microempreendedores individuais j\u00e1 recolhem de forma aut\u00f4noma para a Previd\u00eancia Social, portanto, os contratantes n\u00e3o s\u00e3o obrigados a fazer o pagamento desse tributo. Recolher de forma indevida ao INSS pode encarecer desnecessariamente a contrata\u00e7\u00e3o do prestador em 11% do sal\u00e1rio m\u00ednimo, al\u00edquota destinada aos profissionais que contribuem de forma individual.<\/p>\n\n\n\n<p>Outro ponto que deve ser analisado na contrata\u00e7\u00e3o de MEIs \u00e9 a natureza unicamente empresarial do prestador de servi\u00e7os. A empresa n\u00e3o pode manter elementos que configurem v\u00ednculo empregat\u00edcio com o microempreendedor, tanto na execu\u00e7\u00e3o do servi\u00e7o quanto nos documentos formais. Como, por exemplo, possuir jornada de trabalho fixa, subordina\u00e7\u00e3o hier\u00e1rquica ou direito a f\u00e9rias remuneradas, d\u00e9cimo terceiro sal\u00e1rio ou regime de FGTS.<\/p>\n\n\n\n<p>O apoio de uma assessoria cont\u00e1bil permite realizar as contrata\u00e7\u00f5es de forma r\u00e1pida e simples, com orienta\u00e7\u00f5es t\u00e9cnicas e pr\u00e1ticas para o cumprimento da legisla\u00e7\u00e3o. Conhe\u00e7a a empresa associada ao GBrasil mais pr\u00f3xima de voc\u00ea e informe-se sobre os caminhos poss\u00edveis para facilitar a contrata\u00e7\u00e3o de MEIs prestadores de todos os tipos de servi\u00e7os.<\/p>\n","protected":false},"excerpt":{"rendered":"<p>Microempreendedores que prestam servi\u00e7os de alvenaria, hidr\u00e1ulica e el\u00e9trica possuem legisla\u00e7\u00e3o espec\u00edfica Ao contratar um profissional optante pelo regime de Microempreendedor Individual (MEI), grande parte das empresas busca evitar os impostos decorrentes de uma rela\u00e7\u00e3o trabalhista. No entanto, as organiza\u00e7\u00f5es precisam estar atentas \u00e0s previs\u00f5es legais que exigem Contribui\u00e7\u00e3o Previdenci\u00e1ria Patronal (CPP) na contrata\u00e7\u00e3o de [&hellip;]<\/p>\n","protected":false},"author":1,"featured_media":365,"comment_status":"open","ping_status":"open","sticky":false,"template":"","format":"standard","meta":{"footnotes":""},"categories":[1],"tags":[],"class_list":["post-899","post","type-post","status-publish","format-standard","has-post-thumbnail","hentry","category-noticias"],"yoast_head":"<!-- This site is optimized with the Yoast SEO plugin v19.6.1 - https:\/\/yoast.com\/wordpress\/plugins\/seo\/ -->\n<title>Contrata\u00e7\u00e3o de MEIs pode exigir recolhimento de Contribui\u00e7\u00e3o Previdenci\u00e1ria Patronal - Mainhardt Contabilidade<\/title>\n<meta name=\"robots\" content=\"index, follow, max-snippet:-1, max-image-preview:large, max-video-preview:-1\" \/>\n<link rel=\"canonical\" href=\"https:\/\/mainhardt.com.br\/contabilidade\/contratacao-de-meis-pode-exigir-recolhimento-de-contribuicao-previdenciaria-patronal\/\" \/>\n<meta property=\"og:locale\" content=\"pt_BR\" \/>\n<meta property=\"og:type\" content=\"article\" \/>\n<meta property=\"og:title\" content=\"Contrata\u00e7\u00e3o de MEIs pode exigir recolhimento de Contribui\u00e7\u00e3o Previdenci\u00e1ria Patronal - Mainhardt Contabilidade\" \/>\n<meta property=\"og:description\" content=\"Microempreendedores que prestam servi\u00e7os de alvenaria, hidr\u00e1ulica e el\u00e9trica possuem legisla\u00e7\u00e3o espec\u00edfica Ao contratar um profissional optante pelo regime de Microempreendedor Individual (MEI), grande parte das empresas busca evitar os impostos decorrentes de uma rela\u00e7\u00e3o trabalhista. No entanto, as organiza\u00e7\u00f5es precisam estar atentas \u00e0s previs\u00f5es legais que exigem Contribui\u00e7\u00e3o Previdenci\u00e1ria Patronal (CPP) na contrata\u00e7\u00e3o de [&hellip;]\" \/>\n<meta property=\"og:url\" content=\"https:\/\/mainhardt.com.br\/contabilidade\/contratacao-de-meis-pode-exigir-recolhimento-de-contribuicao-previdenciaria-patronal\/\" \/>\n<meta property=\"og:site_name\" content=\"Mainhardt Contabilidade\" \/>\n<meta property=\"article:published_time\" content=\"2021-12-13T17:38:57+00:00\" \/>\n<meta property=\"og:image\" content=\"http:\/\/mainhardt.com.br\/contabilidade\/wp-content\/uploads\/2021\/06\/fundo-azul.jpg\" \/>\n\t<meta property=\"og:image:width\" content=\"580\" \/>\n\t<meta property=\"og:image:height\" content=\"580\" \/>\n\t<meta property=\"og:image:type\" content=\"image\/jpeg\" \/>\n<meta name=\"author\" content=\"su.wp\" \/>\n<meta name=\"twitter:card\" content=\"summary_large_image\" \/>\n<meta name=\"twitter:label1\" content=\"Escrito por\" \/>\n\t<meta name=\"twitter:data1\" content=\"su.wp\" \/>\n\t<meta name=\"twitter:label2\" content=\"Est. tempo de leitura\" \/>\n\t<meta name=\"twitter:data2\" content=\"2 minutos\" \/>\n<script type=\"application\/ld+json\" class=\"yoast-schema-graph\">{\"@context\":\"https:\/\/schema.org\",\"@graph\":[{\"@type\":\"Article\",\"@id\":\"https:\/\/mainhardt.com.br\/contabilidade\/contratacao-de-meis-pode-exigir-recolhimento-de-contribuicao-previdenciaria-patronal\/#article\",\"isPartOf\":{\"@id\":\"https:\/\/mainhardt.com.br\/contabilidade\/contratacao-de-meis-pode-exigir-recolhimento-de-contribuicao-previdenciaria-patronal\/\"},\"author\":{\"name\":\"su.wp\",\"@id\":\"https:\/\/mainhardt.com.br\/contabilidade\/#\/schema\/person\/fbae9da6eebfcbf5302053bba49451b5\"},\"headline\":\"Contrata\u00e7\u00e3o de MEIs pode exigir recolhimento de Contribui\u00e7\u00e3o Previdenci\u00e1ria Patronal\",\"datePublished\":\"2021-12-13T17:38:57+00:00\",\"dateModified\":\"2021-12-13T17:38:57+00:00\",\"mainEntityOfPage\":{\"@id\":\"https:\/\/mainhardt.com.br\/contabilidade\/contratacao-de-meis-pode-exigir-recolhimento-de-contribuicao-previdenciaria-patronal\/\"},\"wordCount\":395,\"commentCount\":0,\"publisher\":{\"@id\":\"https:\/\/mainhardt.com.br\/contabilidade\/#organization\"},\"articleSection\":[\"Not\u00edcias\"],\"inLanguage\":\"pt-BR\",\"potentialAction\":[{\"@type\":\"CommentAction\",\"name\":\"Comment\",\"target\":[\"https:\/\/mainhardt.com.br\/contabilidade\/contratacao-de-meis-pode-exigir-recolhimento-de-contribuicao-previdenciaria-patronal\/#respond\"]}]},{\"@type\":\"WebPage\",\"@id\":\"https:\/\/mainhardt.com.br\/contabilidade\/contratacao-de-meis-pode-exigir-recolhimento-de-contribuicao-previdenciaria-patronal\/\",\"url\":\"https:\/\/mainhardt.com.br\/contabilidade\/contratacao-de-meis-pode-exigir-recolhimento-de-contribuicao-previdenciaria-patronal\/\",\"name\":\"Contrata\u00e7\u00e3o de MEIs pode exigir recolhimento de Contribui\u00e7\u00e3o Previdenci\u00e1ria Patronal - Mainhardt Contabilidade\",\"isPartOf\":{\"@id\":\"https:\/\/mainhardt.com.br\/contabilidade\/#website\"},\"datePublished\":\"2021-12-13T17:38:57+00:00\",\"dateModified\":\"2021-12-13T17:38:57+00:00\",\"breadcrumb\":{\"@id\":\"https:\/\/mainhardt.com.br\/contabilidade\/contratacao-de-meis-pode-exigir-recolhimento-de-contribuicao-previdenciaria-patronal\/#breadcrumb\"},\"inLanguage\":\"pt-BR\",\"potentialAction\":[{\"@type\":\"ReadAction\",\"target\":[\"https:\/\/mainhardt.com.br\/contabilidade\/contratacao-de-meis-pode-exigir-recolhimento-de-contribuicao-previdenciaria-patronal\/\"]}]},{\"@type\":\"BreadcrumbList\",\"@id\":\"https:\/\/mainhardt.com.br\/contabilidade\/contratacao-de-meis-pode-exigir-recolhimento-de-contribuicao-previdenciaria-patronal\/#breadcrumb\",\"itemListElement\":[{\"@type\":\"ListItem\",\"position\":1,\"name\":\"In\u00edcio\",\"item\":\"https:\/\/mainhardt.com.br\/contabilidade\/\"},{\"@type\":\"ListItem\",\"position\":2,\"name\":\"Contrata\u00e7\u00e3o de MEIs pode exigir recolhimento de Contribui\u00e7\u00e3o Previdenci\u00e1ria Patronal\"}]},{\"@type\":\"WebSite\",\"@id\":\"https:\/\/mainhardt.com.br\/contabilidade\/#website\",\"url\":\"https:\/\/mainhardt.com.br\/contabilidade\/\",\"name\":\"Mainhardt Contabilidade\",\"description\":\"Contabilidade em Santa Catarina\",\"publisher\":{\"@id\":\"https:\/\/mainhardt.com.br\/contabilidade\/#organization\"},\"potentialAction\":[{\"@type\":\"SearchAction\",\"target\":{\"@type\":\"EntryPoint\",\"urlTemplate\":\"https:\/\/mainhardt.com.br\/contabilidade\/?s={search_term_string}\"},\"query-input\":\"required name=search_term_string\"}],\"inLanguage\":\"pt-BR\"},{\"@type\":\"Organization\",\"@id\":\"https:\/\/mainhardt.com.br\/contabilidade\/#organization\",\"name\":\"Mainhardt Contabilidade\",\"url\":\"https:\/\/mainhardt.com.br\/contabilidade\/\",\"sameAs\":[],\"logo\":{\"@type\":\"ImageObject\",\"inLanguage\":\"pt-BR\",\"@id\":\"https:\/\/mainhardt.com.br\/contabilidade\/#\/schema\/logo\/image\/\",\"url\":\"https:\/\/mainhardt.com.br\/contabilidade\/wp-content\/uploads\/2022\/08\/Novo-Projeto-10.png\",\"contentUrl\":\"https:\/\/mainhardt.com.br\/contabilidade\/wp-content\/uploads\/2022\/08\/Novo-Projeto-10.png\",\"width\":170,\"height\":60,\"caption\":\"Mainhardt Contabilidade\"},\"image\":{\"@id\":\"https:\/\/mainhardt.com.br\/contabilidade\/#\/schema\/logo\/image\/\"}},{\"@type\":\"Person\",\"@id\":\"https:\/\/mainhardt.com.br\/contabilidade\/#\/schema\/person\/fbae9da6eebfcbf5302053bba49451b5\",\"name\":\"su.wp\",\"image\":{\"@type\":\"ImageObject\",\"inLanguage\":\"pt-BR\",\"@id\":\"https:\/\/mainhardt.com.br\/contabilidade\/#\/schema\/person\/image\/\",\"url\":\"https:\/\/secure.gravatar.com\/avatar\/4660c4d944a5ce7de85f33ede443a76d3abfdf976c7c53c8b98877a5a0a8870f?s=96&d=mm&r=g\",\"contentUrl\":\"https:\/\/secure.gravatar.com\/avatar\/4660c4d944a5ce7de85f33ede443a76d3abfdf976c7c53c8b98877a5a0a8870f?s=96&d=mm&r=g\",\"caption\":\"su.wp\"},\"sameAs\":[\"http:\/\/wptemplate.dev.com\"],\"url\":\"https:\/\/mainhardt.com.br\/contabilidade\/author\/su-wp\/\"}]}<\/script>\n<!-- \/ Yoast SEO plugin. -->","yoast_head_json":{"title":"Contrata\u00e7\u00e3o de MEIs pode exigir recolhimento de Contribui\u00e7\u00e3o Previdenci\u00e1ria Patronal - Mainhardt Contabilidade","robots":{"index":"index","follow":"follow","max-snippet":"max-snippet:-1","max-image-preview":"max-image-preview:large","max-video-preview":"max-video-preview:-1"},"canonical":"https:\/\/mainhardt.com.br\/contabilidade\/contratacao-de-meis-pode-exigir-recolhimento-de-contribuicao-previdenciaria-patronal\/","og_locale":"pt_BR","og_type":"article","og_title":"Contrata\u00e7\u00e3o de MEIs pode exigir recolhimento de Contribui\u00e7\u00e3o Previdenci\u00e1ria Patronal - Mainhardt Contabilidade","og_description":"Microempreendedores que prestam servi\u00e7os de alvenaria, hidr\u00e1ulica e el\u00e9trica possuem legisla\u00e7\u00e3o espec\u00edfica Ao contratar um profissional optante pelo regime de Microempreendedor Individual (MEI), grande parte das empresas busca evitar os impostos decorrentes de uma rela\u00e7\u00e3o trabalhista. No entanto, as organiza\u00e7\u00f5es precisam estar atentas \u00e0s previs\u00f5es legais que exigem Contribui\u00e7\u00e3o Previdenci\u00e1ria Patronal (CPP) na contrata\u00e7\u00e3o de [&hellip;]","og_url":"https:\/\/mainhardt.com.br\/contabilidade\/contratacao-de-meis-pode-exigir-recolhimento-de-contribuicao-previdenciaria-patronal\/","og_site_name":"Mainhardt Contabilidade","article_published_time":"2021-12-13T17:38:57+00:00","og_image":[{"width":580,"height":580,"url":"http:\/\/mainhardt.com.br\/contabilidade\/wp-content\/uploads\/2021\/06\/fundo-azul.jpg","type":"image\/jpeg"}],"author":"su.wp","twitter_card":"summary_large_image","twitter_misc":{"Escrito por":"su.wp","Est. tempo de leitura":"2 minutos"},"schema":{"@context":"https:\/\/schema.org","@graph":[{"@type":"Article","@id":"https:\/\/mainhardt.com.br\/contabilidade\/contratacao-de-meis-pode-exigir-recolhimento-de-contribuicao-previdenciaria-patronal\/#article","isPartOf":{"@id":"https:\/\/mainhardt.com.br\/contabilidade\/contratacao-de-meis-pode-exigir-recolhimento-de-contribuicao-previdenciaria-patronal\/"},"author":{"name":"su.wp","@id":"https:\/\/mainhardt.com.br\/contabilidade\/#\/schema\/person\/fbae9da6eebfcbf5302053bba49451b5"},"headline":"Contrata\u00e7\u00e3o de MEIs pode exigir recolhimento de Contribui\u00e7\u00e3o Previdenci\u00e1ria Patronal","datePublished":"2021-12-13T17:38:57+00:00","dateModified":"2021-12-13T17:38:57+00:00","mainEntityOfPage":{"@id":"https:\/\/mainhardt.com.br\/contabilidade\/contratacao-de-meis-pode-exigir-recolhimento-de-contribuicao-previdenciaria-patronal\/"},"wordCount":395,"commentCount":0,"publisher":{"@id":"https:\/\/mainhardt.com.br\/contabilidade\/#organization"},"articleSection":["Not\u00edcias"],"inLanguage":"pt-BR","potentialAction":[{"@type":"CommentAction","name":"Comment","target":["https:\/\/mainhardt.com.br\/contabilidade\/contratacao-de-meis-pode-exigir-recolhimento-de-contribuicao-previdenciaria-patronal\/#respond"]}]},{"@type":"WebPage","@id":"https:\/\/mainhardt.com.br\/contabilidade\/contratacao-de-meis-pode-exigir-recolhimento-de-contribuicao-previdenciaria-patronal\/","url":"https:\/\/mainhardt.com.br\/contabilidade\/contratacao-de-meis-pode-exigir-recolhimento-de-contribuicao-previdenciaria-patronal\/","name":"Contrata\u00e7\u00e3o de MEIs pode exigir recolhimento de Contribui\u00e7\u00e3o Previdenci\u00e1ria Patronal - Mainhardt Contabilidade","isPartOf":{"@id":"https:\/\/mainhardt.com.br\/contabilidade\/#website"},"datePublished":"2021-12-13T17:38:57+00:00","dateModified":"2021-12-13T17:38:57+00:00","breadcrumb":{"@id":"https:\/\/mainhardt.com.br\/contabilidade\/contratacao-de-meis-pode-exigir-recolhimento-de-contribuicao-previdenciaria-patronal\/#breadcrumb"},"inLanguage":"pt-BR","potentialAction":[{"@type":"ReadAction","target":["https:\/\/mainhardt.com.br\/contabilidade\/contratacao-de-meis-pode-exigir-recolhimento-de-contribuicao-previdenciaria-patronal\/"]}]},{"@type":"BreadcrumbList","@id":"https:\/\/mainhardt.com.br\/contabilidade\/contratacao-de-meis-pode-exigir-recolhimento-de-contribuicao-previdenciaria-patronal\/#breadcrumb","itemListElement":[{"@type":"ListItem","position":1,"name":"In\u00edcio","item":"https:\/\/mainhardt.com.br\/contabilidade\/"},{"@type":"ListItem","position":2,"name":"Contrata\u00e7\u00e3o de MEIs pode exigir recolhimento de Contribui\u00e7\u00e3o Previdenci\u00e1ria Patronal"}]},{"@type":"WebSite","@id":"https:\/\/mainhardt.com.br\/contabilidade\/#website","url":"https:\/\/mainhardt.com.br\/contabilidade\/","name":"Mainhardt Contabilidade","description":"Contabilidade em Santa Catarina","publisher":{"@id":"https:\/\/mainhardt.com.br\/contabilidade\/#organization"},"potentialAction":[{"@type":"SearchAction","target":{"@type":"EntryPoint","urlTemplate":"https:\/\/mainhardt.com.br\/contabilidade\/?s={search_term_string}"},"query-input":"required name=search_term_string"}],"inLanguage":"pt-BR"},{"@type":"Organization","@id":"https:\/\/mainhardt.com.br\/contabilidade\/#organization","name":"Mainhardt Contabilidade","url":"https:\/\/mainhardt.com.br\/contabilidade\/","sameAs":[],"logo":{"@type":"ImageObject","inLanguage":"pt-BR","@id":"https:\/\/mainhardt.com.br\/contabilidade\/#\/schema\/logo\/image\/","url":"https:\/\/mainhardt.com.br\/contabilidade\/wp-content\/uploads\/2022\/08\/Novo-Projeto-10.png","contentUrl":"https:\/\/mainhardt.com.br\/contabilidade\/wp-content\/uploads\/2022\/08\/Novo-Projeto-10.png","width":170,"height":60,"caption":"Mainhardt Contabilidade"},"image":{"@id":"https:\/\/mainhardt.com.br\/contabilidade\/#\/schema\/logo\/image\/"}},{"@type":"Person","@id":"https:\/\/mainhardt.com.br\/contabilidade\/#\/schema\/person\/fbae9da6eebfcbf5302053bba49451b5","name":"su.wp","image":{"@type":"ImageObject","inLanguage":"pt-BR","@id":"https:\/\/mainhardt.com.br\/contabilidade\/#\/schema\/person\/image\/","url":"https:\/\/secure.gravatar.com\/avatar\/4660c4d944a5ce7de85f33ede443a76d3abfdf976c7c53c8b98877a5a0a8870f?s=96&d=mm&r=g","contentUrl":"https:\/\/secure.gravatar.com\/avatar\/4660c4d944a5ce7de85f33ede443a76d3abfdf976c7c53c8b98877a5a0a8870f?s=96&d=mm&r=g","caption":"su.wp"},"sameAs":["http:\/\/wptemplate.dev.com"],"url":"https:\/\/mainhardt.com.br\/contabilidade\/author\/su-wp\/"}]}},"_links":{"self":[{"href":"https:\/\/mainhardt.com.br\/contabilidade\/wp-json\/wp\/v2\/posts\/899","targetHints":{"allow":["GET"]}}],"collection":[{"href":"https:\/\/mainhardt.com.br\/contabilidade\/wp-json\/wp\/v2\/posts"}],"about":[{"href":"https:\/\/mainhardt.com.br\/contabilidade\/wp-json\/wp\/v2\/types\/post"}],"author":[{"embeddable":true,"href":"https:\/\/mainhardt.com.br\/contabilidade\/wp-json\/wp\/v2\/users\/1"}],"replies":[{"embeddable":true,"href":"https:\/\/mainhardt.com.br\/contabilidade\/wp-json\/wp\/v2\/comments?post=899"}],"version-history":[{"count":1,"href":"https:\/\/mainhardt.com.br\/contabilidade\/wp-json\/wp\/v2\/posts\/899\/revisions"}],"predecessor-version":[{"id":900,"href":"https:\/\/mainhardt.com.br\/contabilidade\/wp-json\/wp\/v2\/posts\/899\/revisions\/900"}],"wp:featuredmedia":[{"embeddable":true,"href":"https:\/\/mainhardt.com.br\/contabilidade\/wp-json\/wp\/v2\/media\/365"}],"wp:attachment":[{"href":"https:\/\/mainhardt.com.br\/contabilidade\/wp-json\/wp\/v2\/media?parent=899"}],"wp:term":[{"taxonomy":"category","embeddable":true,"href":"https:\/\/mainhardt.com.br\/contabilidade\/wp-json\/wp\/v2\/categories?post=899"},{"taxonomy":"post_tag","embeddable":true,"href":"https:\/\/mainhardt.com.br\/contabilidade\/wp-json\/wp\/v2\/tags?post=899"}],"curies":[{"name":"wp","href":"https:\/\/api.w.org\/{rel}","templated":true}]}}