{"id":903,"date":"2021-12-16T16:51:39","date_gmt":"2021-12-16T19:51:39","guid":{"rendered":"https:\/\/www.mainhardt.com.br\/?p=903"},"modified":"2021-12-16T16:51:39","modified_gmt":"2021-12-16T19:51:39","slug":"calendario-do-e-social-entra-em-nova-fase-com-informacoes-de-seguranca-e-saude-do-trabalhador","status":"publish","type":"post","link":"https:\/\/mainhardt.com.br\/contabilidade\/calendario-do-e-social-entra-em-nova-fase-com-informacoes-de-seguranca-e-saude-do-trabalhador\/","title":{"rendered":"Calend\u00e1rio do e-Social entra em nova fase com informa\u00e7\u00f5es de Seguran\u00e7a e Sa\u00fade do Trabalhador"},"content":{"rendered":"\n<p>Em retorno ao calend\u00e1rio de implementa\u00e7\u00e3o do e-Social, ser\u00e1 necess\u00e1rio a implanta\u00e7\u00e3o em todas as empresas segundo regime de tributa\u00e7\u00e3o para os eventos de Seguran\u00e7a e Sa\u00fade do Trabalhador (SST).&nbsp;<\/p>\n\n\n\n<p>Cada empresa deve contratar alguma empresa especializada em SST para que possa ser emitido as certifica\u00e7\u00f5es necess\u00e1rias para envio ao e-Social antes do prazo definido.&nbsp;<\/p>\n\n\n\n<p>At\u00e9 a presente data, todos os regimes (Real, Presumido e Simples) est\u00e3o para janeiro de 2022.&nbsp;<\/p>\n\n\n\n<p><strong>OBRIGATORIEDADE DO ENVIO<\/strong><\/p>\n\n\n\n<p>O objetivo \u00e9 unificar as informa\u00e7\u00f5es prestadas aos diversos \u00f3rg\u00e3os do governo federal. As informa\u00e7\u00f5es de SST enviadas ao e-Social ser\u00e3o usadas para substituir a atual forma de emiss\u00e3o da Comunica\u00e7\u00e3o de Acidente de Trabalho (CAT) e do Perfil Profissiogr\u00e1fico Previdenci\u00e1rio (PPP).<\/p>\n\n\n\n<p>O envio \u00e9 obrigat\u00f3rio para todas as empresas que possuem empregados. Para as que n\u00e3o possuem, \u00e9 enviado anualmente a informa\u00e7\u00e3o que a empresa est\u00e1 sem movimento trabalhista.<\/p>\n\n\n\n<p><strong>QUAIS LAUDOS A EMPRESA PRECISA TER?<\/strong><\/p>\n\n\n\n<p>Se a sua empresa possui empregados est\u00e1 obrigada a elaborar e implementar o\u00a0LTCAT (Laudo T\u00e9cnico das Condi\u00e7\u00f5es Ambientais do Trabalho).\u00a0N\u00e3o h\u00e1 exce\u00e7\u00e3o para esse laudo, uma vez que todos os trabalhadores devem ter PPP.<\/p>\n\n\n\n<p>Al\u00e9m desse laudo sua empresa pode estar obrigada ao&nbsp;PPRA (Programa de Preven\u00e7\u00e3o de Riscos Ambientais), que em janeiro ser\u00e1 substitu\u00eddo pelo&nbsp;PGR (Programa de Gerenciamento de Riscos) e&nbsp;PCMSO (Programa de Controle M\u00e9dico de Sa\u00fade Ocupacional).<\/p>\n\n\n\n<p>\u00c9 de vital import\u00e2ncia que sua empresa\u00a0providencie ou atualize os laudos necess\u00e1rios, com uma empresa especializada e implemente os programas necess\u00e1rios para que sua empresa esteja em conformidade com a legisla\u00e7\u00e3o de SST.<\/p>\n\n\n\n<p><strong>O QUE \u00c9 ENVIADO NESSA FASE?<\/strong><\/p>\n\n\n\n<p>Basicamente, tr\u00eas eventos ser\u00e3o prestados no e-Social:<\/p>\n\n\n\n<p>A\u00a0Comunica\u00e7\u00e3o de Acidente de Trabalho (S-2210)\u00a0\u00e9 o evento utilizado para informar acidente de trabalho e trajeto do trabalhador, ainda que ele n\u00e3o se afaste. Para o seu envio s\u00e3o necess\u00e1rias as informa\u00e7\u00f5es do acidente e o atestado m\u00e9dico do atendimento. Essa informa\u00e7\u00e3o deve ser prestada no primeiro dia \u00fatil seguinte ao acidente e, em caso de morte, imediatamente.<\/p>\n\n\n\n<p><br>J\u00e1 no\u00a0Monitoramento da Sa\u00fade do Trabalhador (S-2220)\u00a0ser\u00e3o enviados os exames ocupacionais (admissional, peri\u00f3dico, retorno ao trabalho, mudan\u00e7a de fun\u00e7\u00e3o e demissional). O envio \u00e9 realizado at\u00e9 o dia 15 do m\u00eas seguinte ao da realiza\u00e7\u00e3o do exame, mas a empresa deve cumprir os prazos para a realiza\u00e7\u00e3o.<\/p>\n\n\n\n<p><br>E no evento de\u00a0Condi\u00e7\u00f5es Ambientes do Trabalho \u2013 Agentes Nocivos (S-2240)\u00a0ir\u00e1 registrar as condi\u00e7\u00f5es ambientais de trabalho e informar a exposi\u00e7\u00e3o do trabalhador a agentes nocivos que geram direito \u00e0 Aposentadoria Especial. Tamb\u00e9m s\u00e3o declaradas as informa\u00e7\u00f5es de Equipamentos de Prote\u00e7\u00e3o Coletiva \u2013 EPC, Equipamentos de Prote\u00e7\u00e3o Individual \u2013 EPI e treinamentos obrigat\u00f3rios segundo as normas reguladoras. Para esse evento \u00e9 necess\u00e1ria uma carga inicial com as informa\u00e7\u00f5es existentes no in\u00edcio da obrigatoriedade e informar sempre que houver mudan\u00e7as.<\/p>\n\n\n\n<p><br>As informa\u00e7\u00f5es de SST tem impacto na aposentadoria especial dos trabalhadores, nos pagamentos de insalubridade e periculosidade, na tributa\u00e7\u00e3o da folha de pagamento e na gest\u00e3o dos afastamentos.\u00a0<\/p>\n\n\n\n<p>Sendo assim, a responsabilidade das informa\u00e7\u00f5es \u00e9 da \u00e1rea especializada, ou seja, o&nbsp;SESMT (Servi\u00e7o Especializado em Engenharia e em Medicina do Trabalho). As informa\u00e7\u00f5es podem ser enviadas via portal web ou atrav\u00e9s de sistema apto para o envio.<\/p>\n\n\n\n<p>Desta forma, \u00e9 essencial que a sua empresa entre em contato com uma empresa de sa\u00fade e seguran\u00e7a do trabalho que esteja atualizada e preparada para os envios do e-Social e possa cumprir com a obrigatoriedade, garantindo assim que a empresa esteja em dia com suas obriga\u00e7\u00f5es legais.<\/p>\n","protected":false},"excerpt":{"rendered":"<p>Em retorno ao calend\u00e1rio de implementa\u00e7\u00e3o do e-Social, ser\u00e1 necess\u00e1rio a implanta\u00e7\u00e3o em todas as empresas segundo regime de tributa\u00e7\u00e3o para os eventos de Seguran\u00e7a e Sa\u00fade do Trabalhador (SST).&nbsp; Cada empresa deve contratar alguma empresa especializada em SST para que possa ser emitido as certifica\u00e7\u00f5es necess\u00e1rias para envio ao e-Social antes do prazo definido.&nbsp; [&hellip;]<\/p>\n","protected":false},"author":1,"featured_media":365,"comment_status":"open","ping_status":"open","sticky":false,"template":"","format":"standard","meta":{"footnotes":""},"categories":[1],"tags":[],"class_list":["post-903","post","type-post","status-publish","format-standard","has-post-thumbnail","hentry","category-noticias"],"yoast_head":"<!-- This site is optimized with the Yoast SEO plugin v19.6.1 - https:\/\/yoast.com\/wordpress\/plugins\/seo\/ -->\n<title>Calend\u00e1rio do e-Social entra em nova fase com informa\u00e7\u00f5es de Seguran\u00e7a e Sa\u00fade do Trabalhador - Mainhardt Contabilidade<\/title>\n<meta name=\"robots\" content=\"index, follow, max-snippet:-1, max-image-preview:large, max-video-preview:-1\" \/>\n<link rel=\"canonical\" href=\"https:\/\/mainhardt.com.br\/contabilidade\/calendario-do-e-social-entra-em-nova-fase-com-informacoes-de-seguranca-e-saude-do-trabalhador\/\" \/>\n<meta property=\"og:locale\" content=\"pt_BR\" \/>\n<meta property=\"og:type\" content=\"article\" \/>\n<meta property=\"og:title\" content=\"Calend\u00e1rio do e-Social entra em nova fase com informa\u00e7\u00f5es de Seguran\u00e7a e Sa\u00fade do Trabalhador - Mainhardt Contabilidade\" \/>\n<meta property=\"og:description\" content=\"Em retorno ao calend\u00e1rio de implementa\u00e7\u00e3o do e-Social, ser\u00e1 necess\u00e1rio a implanta\u00e7\u00e3o em todas as empresas segundo regime de tributa\u00e7\u00e3o para os eventos de Seguran\u00e7a e Sa\u00fade do Trabalhador (SST).&nbsp; Cada empresa deve contratar alguma empresa especializada em SST para que possa ser emitido as certifica\u00e7\u00f5es necess\u00e1rias para envio ao e-Social antes do prazo definido.&nbsp; [&hellip;]\" \/>\n<meta property=\"og:url\" content=\"https:\/\/mainhardt.com.br\/contabilidade\/calendario-do-e-social-entra-em-nova-fase-com-informacoes-de-seguranca-e-saude-do-trabalhador\/\" \/>\n<meta property=\"og:site_name\" content=\"Mainhardt Contabilidade\" \/>\n<meta property=\"article:published_time\" content=\"2021-12-16T19:51:39+00:00\" \/>\n<meta property=\"og:image\" content=\"http:\/\/mainhardt.com.br\/contabilidade\/wp-content\/uploads\/2021\/06\/fundo-azul.jpg\" \/>\n\t<meta property=\"og:image:width\" content=\"580\" \/>\n\t<meta property=\"og:image:height\" content=\"580\" \/>\n\t<meta property=\"og:image:type\" content=\"image\/jpeg\" \/>\n<meta name=\"author\" content=\"su.wp\" \/>\n<meta name=\"twitter:card\" content=\"summary_large_image\" \/>\n<meta name=\"twitter:label1\" content=\"Escrito por\" \/>\n\t<meta name=\"twitter:data1\" content=\"su.wp\" \/>\n\t<meta name=\"twitter:label2\" content=\"Est. tempo de leitura\" \/>\n\t<meta name=\"twitter:data2\" content=\"3 minutos\" \/>\n<script type=\"application\/ld+json\" class=\"yoast-schema-graph\">{\"@context\":\"https:\/\/schema.org\",\"@graph\":[{\"@type\":\"Article\",\"@id\":\"https:\/\/mainhardt.com.br\/contabilidade\/calendario-do-e-social-entra-em-nova-fase-com-informacoes-de-seguranca-e-saude-do-trabalhador\/#article\",\"isPartOf\":{\"@id\":\"https:\/\/mainhardt.com.br\/contabilidade\/calendario-do-e-social-entra-em-nova-fase-com-informacoes-de-seguranca-e-saude-do-trabalhador\/\"},\"author\":{\"name\":\"su.wp\",\"@id\":\"https:\/\/mainhardt.com.br\/contabilidade\/#\/schema\/person\/fbae9da6eebfcbf5302053bba49451b5\"},\"headline\":\"Calend\u00e1rio do e-Social entra em nova fase com informa\u00e7\u00f5es de Seguran\u00e7a e Sa\u00fade do Trabalhador\",\"datePublished\":\"2021-12-16T19:51:39+00:00\",\"dateModified\":\"2021-12-16T19:51:39+00:00\",\"mainEntityOfPage\":{\"@id\":\"https:\/\/mainhardt.com.br\/contabilidade\/calendario-do-e-social-entra-em-nova-fase-com-informacoes-de-seguranca-e-saude-do-trabalhador\/\"},\"wordCount\":659,\"commentCount\":0,\"publisher\":{\"@id\":\"https:\/\/mainhardt.com.br\/contabilidade\/#organization\"},\"articleSection\":[\"Not\u00edcias\"],\"inLanguage\":\"pt-BR\",\"potentialAction\":[{\"@type\":\"CommentAction\",\"name\":\"Comment\",\"target\":[\"https:\/\/mainhardt.com.br\/contabilidade\/calendario-do-e-social-entra-em-nova-fase-com-informacoes-de-seguranca-e-saude-do-trabalhador\/#respond\"]}]},{\"@type\":\"WebPage\",\"@id\":\"https:\/\/mainhardt.com.br\/contabilidade\/calendario-do-e-social-entra-em-nova-fase-com-informacoes-de-seguranca-e-saude-do-trabalhador\/\",\"url\":\"https:\/\/mainhardt.com.br\/contabilidade\/calendario-do-e-social-entra-em-nova-fase-com-informacoes-de-seguranca-e-saude-do-trabalhador\/\",\"name\":\"Calend\u00e1rio do e-Social entra em nova fase com informa\u00e7\u00f5es de Seguran\u00e7a e Sa\u00fade do Trabalhador - Mainhardt Contabilidade\",\"isPartOf\":{\"@id\":\"https:\/\/mainhardt.com.br\/contabilidade\/#website\"},\"datePublished\":\"2021-12-16T19:51:39+00:00\",\"dateModified\":\"2021-12-16T19:51:39+00:00\",\"breadcrumb\":{\"@id\":\"https:\/\/mainhardt.com.br\/contabilidade\/calendario-do-e-social-entra-em-nova-fase-com-informacoes-de-seguranca-e-saude-do-trabalhador\/#breadcrumb\"},\"inLanguage\":\"pt-BR\",\"potentialAction\":[{\"@type\":\"ReadAction\",\"target\":[\"https:\/\/mainhardt.com.br\/contabilidade\/calendario-do-e-social-entra-em-nova-fase-com-informacoes-de-seguranca-e-saude-do-trabalhador\/\"]}]},{\"@type\":\"BreadcrumbList\",\"@id\":\"https:\/\/mainhardt.com.br\/contabilidade\/calendario-do-e-social-entra-em-nova-fase-com-informacoes-de-seguranca-e-saude-do-trabalhador\/#breadcrumb\",\"itemListElement\":[{\"@type\":\"ListItem\",\"position\":1,\"name\":\"In\u00edcio\",\"item\":\"https:\/\/mainhardt.com.br\/contabilidade\/\"},{\"@type\":\"ListItem\",\"position\":2,\"name\":\"Calend\u00e1rio do e-Social entra em nova fase com informa\u00e7\u00f5es de Seguran\u00e7a e Sa\u00fade do Trabalhador\"}]},{\"@type\":\"WebSite\",\"@id\":\"https:\/\/mainhardt.com.br\/contabilidade\/#website\",\"url\":\"https:\/\/mainhardt.com.br\/contabilidade\/\",\"name\":\"Mainhardt Contabilidade\",\"description\":\"Contabilidade em Santa Catarina\",\"publisher\":{\"@id\":\"https:\/\/mainhardt.com.br\/contabilidade\/#organization\"},\"potentialAction\":[{\"@type\":\"SearchAction\",\"target\":{\"@type\":\"EntryPoint\",\"urlTemplate\":\"https:\/\/mainhardt.com.br\/contabilidade\/?s={search_term_string}\"},\"query-input\":\"required name=search_term_string\"}],\"inLanguage\":\"pt-BR\"},{\"@type\":\"Organization\",\"@id\":\"https:\/\/mainhardt.com.br\/contabilidade\/#organization\",\"name\":\"Mainhardt Contabilidade\",\"url\":\"https:\/\/mainhardt.com.br\/contabilidade\/\",\"sameAs\":[],\"logo\":{\"@type\":\"ImageObject\",\"inLanguage\":\"pt-BR\",\"@id\":\"https:\/\/mainhardt.com.br\/contabilidade\/#\/schema\/logo\/image\/\",\"url\":\"https:\/\/mainhardt.com.br\/contabilidade\/wp-content\/uploads\/2022\/08\/Novo-Projeto-10.png\",\"contentUrl\":\"https:\/\/mainhardt.com.br\/contabilidade\/wp-content\/uploads\/2022\/08\/Novo-Projeto-10.png\",\"width\":170,\"height\":60,\"caption\":\"Mainhardt Contabilidade\"},\"image\":{\"@id\":\"https:\/\/mainhardt.com.br\/contabilidade\/#\/schema\/logo\/image\/\"}},{\"@type\":\"Person\",\"@id\":\"https:\/\/mainhardt.com.br\/contabilidade\/#\/schema\/person\/fbae9da6eebfcbf5302053bba49451b5\",\"name\":\"su.wp\",\"image\":{\"@type\":\"ImageObject\",\"inLanguage\":\"pt-BR\",\"@id\":\"https:\/\/mainhardt.com.br\/contabilidade\/#\/schema\/person\/image\/\",\"url\":\"https:\/\/secure.gravatar.com\/avatar\/4660c4d944a5ce7de85f33ede443a76d3abfdf976c7c53c8b98877a5a0a8870f?s=96&d=mm&r=g\",\"contentUrl\":\"https:\/\/secure.gravatar.com\/avatar\/4660c4d944a5ce7de85f33ede443a76d3abfdf976c7c53c8b98877a5a0a8870f?s=96&d=mm&r=g\",\"caption\":\"su.wp\"},\"sameAs\":[\"http:\/\/wptemplate.dev.com\"],\"url\":\"https:\/\/mainhardt.com.br\/contabilidade\/author\/su-wp\/\"}]}<\/script>\n<!-- \/ Yoast SEO plugin. -->","yoast_head_json":{"title":"Calend\u00e1rio do e-Social entra em nova fase com informa\u00e7\u00f5es de Seguran\u00e7a e Sa\u00fade do Trabalhador - Mainhardt Contabilidade","robots":{"index":"index","follow":"follow","max-snippet":"max-snippet:-1","max-image-preview":"max-image-preview:large","max-video-preview":"max-video-preview:-1"},"canonical":"https:\/\/mainhardt.com.br\/contabilidade\/calendario-do-e-social-entra-em-nova-fase-com-informacoes-de-seguranca-e-saude-do-trabalhador\/","og_locale":"pt_BR","og_type":"article","og_title":"Calend\u00e1rio do e-Social entra em nova fase com informa\u00e7\u00f5es de Seguran\u00e7a e Sa\u00fade do Trabalhador - Mainhardt Contabilidade","og_description":"Em retorno ao calend\u00e1rio de implementa\u00e7\u00e3o do e-Social, ser\u00e1 necess\u00e1rio a implanta\u00e7\u00e3o em todas as empresas segundo regime de tributa\u00e7\u00e3o para os eventos de Seguran\u00e7a e Sa\u00fade do Trabalhador (SST).&nbsp; Cada empresa deve contratar alguma empresa especializada em SST para que possa ser emitido as certifica\u00e7\u00f5es necess\u00e1rias para envio ao e-Social antes do prazo definido.&nbsp; [&hellip;]","og_url":"https:\/\/mainhardt.com.br\/contabilidade\/calendario-do-e-social-entra-em-nova-fase-com-informacoes-de-seguranca-e-saude-do-trabalhador\/","og_site_name":"Mainhardt Contabilidade","article_published_time":"2021-12-16T19:51:39+00:00","og_image":[{"width":580,"height":580,"url":"http:\/\/mainhardt.com.br\/contabilidade\/wp-content\/uploads\/2021\/06\/fundo-azul.jpg","type":"image\/jpeg"}],"author":"su.wp","twitter_card":"summary_large_image","twitter_misc":{"Escrito por":"su.wp","Est. tempo de leitura":"3 minutos"},"schema":{"@context":"https:\/\/schema.org","@graph":[{"@type":"Article","@id":"https:\/\/mainhardt.com.br\/contabilidade\/calendario-do-e-social-entra-em-nova-fase-com-informacoes-de-seguranca-e-saude-do-trabalhador\/#article","isPartOf":{"@id":"https:\/\/mainhardt.com.br\/contabilidade\/calendario-do-e-social-entra-em-nova-fase-com-informacoes-de-seguranca-e-saude-do-trabalhador\/"},"author":{"name":"su.wp","@id":"https:\/\/mainhardt.com.br\/contabilidade\/#\/schema\/person\/fbae9da6eebfcbf5302053bba49451b5"},"headline":"Calend\u00e1rio do e-Social entra em nova fase com informa\u00e7\u00f5es de Seguran\u00e7a e Sa\u00fade do Trabalhador","datePublished":"2021-12-16T19:51:39+00:00","dateModified":"2021-12-16T19:51:39+00:00","mainEntityOfPage":{"@id":"https:\/\/mainhardt.com.br\/contabilidade\/calendario-do-e-social-entra-em-nova-fase-com-informacoes-de-seguranca-e-saude-do-trabalhador\/"},"wordCount":659,"commentCount":0,"publisher":{"@id":"https:\/\/mainhardt.com.br\/contabilidade\/#organization"},"articleSection":["Not\u00edcias"],"inLanguage":"pt-BR","potentialAction":[{"@type":"CommentAction","name":"Comment","target":["https:\/\/mainhardt.com.br\/contabilidade\/calendario-do-e-social-entra-em-nova-fase-com-informacoes-de-seguranca-e-saude-do-trabalhador\/#respond"]}]},{"@type":"WebPage","@id":"https:\/\/mainhardt.com.br\/contabilidade\/calendario-do-e-social-entra-em-nova-fase-com-informacoes-de-seguranca-e-saude-do-trabalhador\/","url":"https:\/\/mainhardt.com.br\/contabilidade\/calendario-do-e-social-entra-em-nova-fase-com-informacoes-de-seguranca-e-saude-do-trabalhador\/","name":"Calend\u00e1rio do e-Social entra em nova fase com informa\u00e7\u00f5es de Seguran\u00e7a e Sa\u00fade do Trabalhador - Mainhardt Contabilidade","isPartOf":{"@id":"https:\/\/mainhardt.com.br\/contabilidade\/#website"},"datePublished":"2021-12-16T19:51:39+00:00","dateModified":"2021-12-16T19:51:39+00:00","breadcrumb":{"@id":"https:\/\/mainhardt.com.br\/contabilidade\/calendario-do-e-social-entra-em-nova-fase-com-informacoes-de-seguranca-e-saude-do-trabalhador\/#breadcrumb"},"inLanguage":"pt-BR","potentialAction":[{"@type":"ReadAction","target":["https:\/\/mainhardt.com.br\/contabilidade\/calendario-do-e-social-entra-em-nova-fase-com-informacoes-de-seguranca-e-saude-do-trabalhador\/"]}]},{"@type":"BreadcrumbList","@id":"https:\/\/mainhardt.com.br\/contabilidade\/calendario-do-e-social-entra-em-nova-fase-com-informacoes-de-seguranca-e-saude-do-trabalhador\/#breadcrumb","itemListElement":[{"@type":"ListItem","position":1,"name":"In\u00edcio","item":"https:\/\/mainhardt.com.br\/contabilidade\/"},{"@type":"ListItem","position":2,"name":"Calend\u00e1rio do e-Social entra em nova fase com informa\u00e7\u00f5es de Seguran\u00e7a e Sa\u00fade do Trabalhador"}]},{"@type":"WebSite","@id":"https:\/\/mainhardt.com.br\/contabilidade\/#website","url":"https:\/\/mainhardt.com.br\/contabilidade\/","name":"Mainhardt Contabilidade","description":"Contabilidade em Santa Catarina","publisher":{"@id":"https:\/\/mainhardt.com.br\/contabilidade\/#organization"},"potentialAction":[{"@type":"SearchAction","target":{"@type":"EntryPoint","urlTemplate":"https:\/\/mainhardt.com.br\/contabilidade\/?s={search_term_string}"},"query-input":"required name=search_term_string"}],"inLanguage":"pt-BR"},{"@type":"Organization","@id":"https:\/\/mainhardt.com.br\/contabilidade\/#organization","name":"Mainhardt Contabilidade","url":"https:\/\/mainhardt.com.br\/contabilidade\/","sameAs":[],"logo":{"@type":"ImageObject","inLanguage":"pt-BR","@id":"https:\/\/mainhardt.com.br\/contabilidade\/#\/schema\/logo\/image\/","url":"https:\/\/mainhardt.com.br\/contabilidade\/wp-content\/uploads\/2022\/08\/Novo-Projeto-10.png","contentUrl":"https:\/\/mainhardt.com.br\/contabilidade\/wp-content\/uploads\/2022\/08\/Novo-Projeto-10.png","width":170,"height":60,"caption":"Mainhardt Contabilidade"},"image":{"@id":"https:\/\/mainhardt.com.br\/contabilidade\/#\/schema\/logo\/image\/"}},{"@type":"Person","@id":"https:\/\/mainhardt.com.br\/contabilidade\/#\/schema\/person\/fbae9da6eebfcbf5302053bba49451b5","name":"su.wp","image":{"@type":"ImageObject","inLanguage":"pt-BR","@id":"https:\/\/mainhardt.com.br\/contabilidade\/#\/schema\/person\/image\/","url":"https:\/\/secure.gravatar.com\/avatar\/4660c4d944a5ce7de85f33ede443a76d3abfdf976c7c53c8b98877a5a0a8870f?s=96&d=mm&r=g","contentUrl":"https:\/\/secure.gravatar.com\/avatar\/4660c4d944a5ce7de85f33ede443a76d3abfdf976c7c53c8b98877a5a0a8870f?s=96&d=mm&r=g","caption":"su.wp"},"sameAs":["http:\/\/wptemplate.dev.com"],"url":"https:\/\/mainhardt.com.br\/contabilidade\/author\/su-wp\/"}]}},"_links":{"self":[{"href":"https:\/\/mainhardt.com.br\/contabilidade\/wp-json\/wp\/v2\/posts\/903","targetHints":{"allow":["GET"]}}],"collection":[{"href":"https:\/\/mainhardt.com.br\/contabilidade\/wp-json\/wp\/v2\/posts"}],"about":[{"href":"https:\/\/mainhardt.com.br\/contabilidade\/wp-json\/wp\/v2\/types\/post"}],"author":[{"embeddable":true,"href":"https:\/\/mainhardt.com.br\/contabilidade\/wp-json\/wp\/v2\/users\/1"}],"replies":[{"embeddable":true,"href":"https:\/\/mainhardt.com.br\/contabilidade\/wp-json\/wp\/v2\/comments?post=903"}],"version-history":[{"count":1,"href":"https:\/\/mainhardt.com.br\/contabilidade\/wp-json\/wp\/v2\/posts\/903\/revisions"}],"predecessor-version":[{"id":904,"href":"https:\/\/mainhardt.com.br\/contabilidade\/wp-json\/wp\/v2\/posts\/903\/revisions\/904"}],"wp:featuredmedia":[{"embeddable":true,"href":"https:\/\/mainhardt.com.br\/contabilidade\/wp-json\/wp\/v2\/media\/365"}],"wp:attachment":[{"href":"https:\/\/mainhardt.com.br\/contabilidade\/wp-json\/wp\/v2\/media?parent=903"}],"wp:term":[{"taxonomy":"category","embeddable":true,"href":"https:\/\/mainhardt.com.br\/contabilidade\/wp-json\/wp\/v2\/categories?post=903"},{"taxonomy":"post_tag","embeddable":true,"href":"https:\/\/mainhardt.com.br\/contabilidade\/wp-json\/wp\/v2\/tags?post=903"}],"curies":[{"name":"wp","href":"https:\/\/api.w.org\/{rel}","templated":true}]}}