{"id":906,"date":"2021-12-17T11:16:13","date_gmt":"2021-12-17T14:16:13","guid":{"rendered":"https:\/\/www.mainhardt.com.br\/?p=906"},"modified":"2022-09-19T18:15:22","modified_gmt":"2022-09-19T21:15:22","slug":"camara-aprova-parcelamento-de-dividas-de-micro-e-pequenas-empresas","status":"publish","type":"post","link":"https:\/\/mainhardt.com.br\/contabilidade\/camara-aprova-parcelamento-de-dividas-de-micro-e-pequenas-empresas\/","title":{"rendered":"C\u00e2mara aprova parcelamento de d\u00edvidas de micro e pequenas empresas"},"content":{"rendered":"\n<p>A C\u00e2mara dos Deputados aprovou nesta quinta-feira (16) o Projeto de Lei Complementar (PLP) 46\/21, que cria um novo programa de parcelamento de d\u00edvidas de micro e pequenas empresas participantes do Simples Nacional, inclusive os microempreendedores individuais (MEI) e as empresas em recupera\u00e7\u00e3o judicial.<\/p>\n\n\n\n<p>A proposta ser\u00e1 enviada \u00e0 san\u00e7\u00e3o presidencial.<\/p>\n\n\n\n<p>De autoria do Senado, o texto foi aprovado com emenda de reda\u00e7\u00e3o do relator, deputado Marco Bertaiolli (PSD-SP).<\/p>\n\n\n\n<p>O parcelamento \u00e9 chamado de Programa de Reescalonamento do Pagamento de D\u00e9bitos no \u00c2mbito do Simples Nacional (Relp).<\/p>\n\n\n\n<p>Dirige-se \u00e0s empresas endividadas, que poder\u00e3o aderir a ele at\u00e9 o \u00faltimo dia \u00fatil do m\u00eas seguinte ao de publica\u00e7\u00e3o da futura lei, devendo pagar a primeira parcela nesta data para ter o pedido deferido.<\/p>\n\n\n\n<p>Pelo texto, o contribuinte ter\u00e1 descontos sobre juros, multas e encargos proporcionalmente \u00e0 queda de faturamento no per\u00edodo de mar\u00e7o a dezembro de 2020 em compara\u00e7\u00e3o com o per\u00edodo de mar\u00e7o a dezembro de 2019.<\/p>\n\n\n\n<p>Empresas inativas no per\u00edodo tamb\u00e9m poder\u00e3o participar.<\/p>\n\n\n\n<p>Depois dos descontos e do pagamento de uma entrada, o saldo restante poder\u00e1 ser parcelado em at\u00e9 180 meses, venc\u00edveis em maio de cada ano.<\/p>\n\n\n\n<p>Entretanto, para d\u00edvidas com a Previd\u00eancia Social, o parcelamento ser\u00e1 em 60 meses.<\/p>\n\n\n\n<p>*<\/p>\n\n\n\n<p>As primeiras 12 parcelas dever\u00e3o corresponder a 0,4% da d\u00edvida consolidada; da 13\u00aa \u00e0 24\u00aa, a soma total deve ser igual a 0,5% dessa d\u00edvida; o total da 25\u00aa \u00e0 36\u00aa parcela dever\u00e1 somar 0,6% da d\u00edvida; e a soma da 37\u00aa parcela em diante ser\u00e1 o que sobrar dividido pelo n\u00famero de presta\u00e7\u00f5es restantes.<\/p>\n\n\n\n<p>Cada parcela ter\u00e1 um valor m\u00ednimo de R$ 300, exceto no caso do MEI, que poder\u00e1 pagar R$ 50 ao m\u00eas.<\/p>\n\n\n\n<p>A corre\u00e7\u00e3o ser\u00e1 pela taxa Selic, incidente do m\u00eas seguinte ao da consolida\u00e7\u00e3o da d\u00edvida at\u00e9 o m\u00eas anterior ao do pagamento, mais 1% no m\u00eas em que houver a quita\u00e7\u00e3o da parcela.<\/p>\n\n\n\n<p><strong>O QUE PODE PARCELAR<\/strong><\/p>\n\n\n\n<p>De acordo com o texto, poder\u00e3o ser parceladas quaisquer d\u00edvidas no \u00e2mbito do Simples Nacional, desde que o vencimento tenha ocorrido at\u00e9 a compet\u00eancia do m\u00eas imediatamente anterior \u00e0 entrada em vigor da futura lei.<\/p>\n\n\n\n<p>Tamb\u00e9m poder\u00e3o ser inclu\u00eddos no Relp os d\u00e9bitos de parcelamento previsto na lei de cria\u00e7\u00e3o do Simples Nacional (em 60 meses); aqueles da Lei Complementar 155\/16, de 120 meses; e do \u00faltimo parcelamento, de 145 a 175 parcelas (Lei Complementar 162\/18).<\/p>\n\n\n\n<p>Durante 188 meses, contados do m\u00eas de ades\u00e3o ao Relp, o contribuinte n\u00e3o poder\u00e1 participar de outras modalidades de parcelamento ou contar com redu\u00e7\u00e3o do montante principal, juros ou multas e encargos.<\/p>\n\n\n\n<p>A exce\u00e7\u00e3o \u00e9 para o parcelamento previsto no plano de recupera\u00e7\u00e3o judicial, de 36 meses.<\/p>\n\n\n\n<p><strong>CASOS DE EXCLUS\u00c3O<\/strong><\/p>\n\n\n\n<p>Al\u00e9m da fal\u00eancia ou da imposi\u00e7\u00e3o de medida cautelar fiscal contra o contribuinte, ele ser\u00e1 exclu\u00eddo do refinanciamento se:<\/p>\n\n\n\n<p>*n\u00e3o pagar tr\u00eas parcelas consecutivas ou seis alternadas.<br>*n\u00e3o pagar a \u00faltima parcela.<br>*for constatado esvaziamento patrimonial para fraudar o cumprimento do parcelamento.<br>*se n\u00e3o pagar os tributos que venham a vencer ap\u00f3s a ades\u00e3o ao Relp ou n\u00e3o cumprir as obriga\u00e7\u00f5es com o Fundo de Garantia do Tempo de Servi\u00e7o (FGTS).<\/p>\n\n\n\n<p><br><strong>A\u00c7\u00d5ES NA JUSTI\u00c7A<\/strong><\/p>\n\n\n\n<p>Para aderir ao Relp, o benefici\u00e1rio deve desistir de recursos administrativos e de a\u00e7\u00f5es na Justi\u00e7a contra o governo, mas n\u00e3o precisar\u00e1 pagar os honor\u00e1rios advocat\u00edcios de sucumb\u00eancia.<\/p>\n\n\n\n<p>Por outro lado, as garantias reais dadas administrativamente ou em a\u00e7\u00f5es de execu\u00e7\u00e3o fiscal continuam valendo.<\/p>\n","protected":false},"excerpt":{"rendered":"<p>A C\u00e2mara dos Deputados aprovou nesta quinta-feira (16) o Projeto de Lei Complementar (PLP) 46\/21, que cria um novo programa de parcelamento de d\u00edvidas de micro e pequenas empresas participantes do Simples Nacional, inclusive os microempreendedores individuais (MEI) e as empresas em recupera\u00e7\u00e3o judicial. A proposta ser\u00e1 enviada \u00e0 san\u00e7\u00e3o presidencial. De autoria do Senado, [&hellip;]<\/p>\n","protected":false},"author":1,"featured_media":1646,"comment_status":"open","ping_status":"open","sticky":false,"template":"","format":"standard","meta":{"footnotes":""},"categories":[1],"tags":[],"class_list":["post-906","post","type-post","status-publish","format-standard","has-post-thumbnail","hentry","category-noticias"],"yoast_head":"<!-- This site is optimized with the Yoast SEO plugin v19.6.1 - https:\/\/yoast.com\/wordpress\/plugins\/seo\/ -->\n<title>C\u00e2mara aprova parcelamento de d\u00edvidas de micro e pequenas empresas - Mainhardt Contabilidade<\/title>\n<meta name=\"robots\" content=\"index, follow, max-snippet:-1, max-image-preview:large, max-video-preview:-1\" \/>\n<link rel=\"canonical\" href=\"https:\/\/mainhardt.com.br\/contabilidade\/camara-aprova-parcelamento-de-dividas-de-micro-e-pequenas-empresas\/\" \/>\n<meta property=\"og:locale\" content=\"pt_BR\" \/>\n<meta property=\"og:type\" content=\"article\" \/>\n<meta property=\"og:title\" content=\"C\u00e2mara aprova parcelamento de d\u00edvidas de micro e pequenas empresas - Mainhardt Contabilidade\" \/>\n<meta property=\"og:description\" content=\"A C\u00e2mara dos Deputados aprovou nesta quinta-feira (16) o Projeto de Lei Complementar (PLP) 46\/21, que cria um novo programa de parcelamento de d\u00edvidas de micro e pequenas empresas participantes do Simples Nacional, inclusive os microempreendedores individuais (MEI) e as empresas em recupera\u00e7\u00e3o judicial. A proposta ser\u00e1 enviada \u00e0 san\u00e7\u00e3o presidencial. De autoria do Senado, [&hellip;]\" \/>\n<meta property=\"og:url\" content=\"https:\/\/mainhardt.com.br\/contabilidade\/camara-aprova-parcelamento-de-dividas-de-micro-e-pequenas-empresas\/\" \/>\n<meta property=\"og:site_name\" content=\"Mainhardt Contabilidade\" \/>\n<meta property=\"article:published_time\" content=\"2021-12-17T14:16:13+00:00\" \/>\n<meta property=\"article:modified_time\" content=\"2022-09-19T21:15:22+00:00\" \/>\n<meta property=\"og:image\" content=\"http:\/\/mainhardt.com.br\/contabilidade\/wp-content\/uploads\/2022\/01\/mulher-nos-negocios.jpg\" \/>\n\t<meta property=\"og:image:width\" content=\"1280\" \/>\n\t<meta property=\"og:image:height\" content=\"800\" \/>\n\t<meta property=\"og:image:type\" content=\"image\/jpeg\" \/>\n<meta name=\"author\" content=\"su.wp\" \/>\n<meta name=\"twitter:card\" content=\"summary_large_image\" \/>\n<meta name=\"twitter:label1\" content=\"Escrito por\" \/>\n\t<meta name=\"twitter:data1\" content=\"su.wp\" \/>\n\t<meta name=\"twitter:label2\" content=\"Est. tempo de leitura\" \/>\n\t<meta name=\"twitter:data2\" content=\"4 minutos\" \/>\n<script type=\"application\/ld+json\" class=\"yoast-schema-graph\">{\"@context\":\"https:\/\/schema.org\",\"@graph\":[{\"@type\":\"Article\",\"@id\":\"https:\/\/mainhardt.com.br\/contabilidade\/camara-aprova-parcelamento-de-dividas-de-micro-e-pequenas-empresas\/#article\",\"isPartOf\":{\"@id\":\"https:\/\/mainhardt.com.br\/contabilidade\/camara-aprova-parcelamento-de-dividas-de-micro-e-pequenas-empresas\/\"},\"author\":{\"name\":\"su.wp\",\"@id\":\"https:\/\/mainhardt.com.br\/contabilidade\/#\/schema\/person\/fbae9da6eebfcbf5302053bba49451b5\"},\"headline\":\"C\u00e2mara aprova parcelamento de d\u00edvidas de micro e pequenas empresas\",\"datePublished\":\"2021-12-17T14:16:13+00:00\",\"dateModified\":\"2022-09-19T21:15:22+00:00\",\"mainEntityOfPage\":{\"@id\":\"https:\/\/mainhardt.com.br\/contabilidade\/camara-aprova-parcelamento-de-dividas-de-micro-e-pequenas-empresas\/\"},\"wordCount\":613,\"commentCount\":0,\"publisher\":{\"@id\":\"https:\/\/mainhardt.com.br\/contabilidade\/#organization\"},\"articleSection\":[\"Not\u00edcias\"],\"inLanguage\":\"pt-BR\",\"potentialAction\":[{\"@type\":\"CommentAction\",\"name\":\"Comment\",\"target\":[\"https:\/\/mainhardt.com.br\/contabilidade\/camara-aprova-parcelamento-de-dividas-de-micro-e-pequenas-empresas\/#respond\"]}]},{\"@type\":\"WebPage\",\"@id\":\"https:\/\/mainhardt.com.br\/contabilidade\/camara-aprova-parcelamento-de-dividas-de-micro-e-pequenas-empresas\/\",\"url\":\"https:\/\/mainhardt.com.br\/contabilidade\/camara-aprova-parcelamento-de-dividas-de-micro-e-pequenas-empresas\/\",\"name\":\"C\u00e2mara aprova parcelamento de d\u00edvidas de micro e pequenas empresas - Mainhardt Contabilidade\",\"isPartOf\":{\"@id\":\"https:\/\/mainhardt.com.br\/contabilidade\/#website\"},\"datePublished\":\"2021-12-17T14:16:13+00:00\",\"dateModified\":\"2022-09-19T21:15:22+00:00\",\"breadcrumb\":{\"@id\":\"https:\/\/mainhardt.com.br\/contabilidade\/camara-aprova-parcelamento-de-dividas-de-micro-e-pequenas-empresas\/#breadcrumb\"},\"inLanguage\":\"pt-BR\",\"potentialAction\":[{\"@type\":\"ReadAction\",\"target\":[\"https:\/\/mainhardt.com.br\/contabilidade\/camara-aprova-parcelamento-de-dividas-de-micro-e-pequenas-empresas\/\"]}]},{\"@type\":\"BreadcrumbList\",\"@id\":\"https:\/\/mainhardt.com.br\/contabilidade\/camara-aprova-parcelamento-de-dividas-de-micro-e-pequenas-empresas\/#breadcrumb\",\"itemListElement\":[{\"@type\":\"ListItem\",\"position\":1,\"name\":\"In\u00edcio\",\"item\":\"https:\/\/mainhardt.com.br\/contabilidade\/\"},{\"@type\":\"ListItem\",\"position\":2,\"name\":\"C\u00e2mara aprova parcelamento de d\u00edvidas de micro e pequenas empresas\"}]},{\"@type\":\"WebSite\",\"@id\":\"https:\/\/mainhardt.com.br\/contabilidade\/#website\",\"url\":\"https:\/\/mainhardt.com.br\/contabilidade\/\",\"name\":\"Mainhardt Contabilidade\",\"description\":\"Contabilidade em Santa Catarina\",\"publisher\":{\"@id\":\"https:\/\/mainhardt.com.br\/contabilidade\/#organization\"},\"potentialAction\":[{\"@type\":\"SearchAction\",\"target\":{\"@type\":\"EntryPoint\",\"urlTemplate\":\"https:\/\/mainhardt.com.br\/contabilidade\/?s={search_term_string}\"},\"query-input\":\"required name=search_term_string\"}],\"inLanguage\":\"pt-BR\"},{\"@type\":\"Organization\",\"@id\":\"https:\/\/mainhardt.com.br\/contabilidade\/#organization\",\"name\":\"Mainhardt Contabilidade\",\"url\":\"https:\/\/mainhardt.com.br\/contabilidade\/\",\"sameAs\":[],\"logo\":{\"@type\":\"ImageObject\",\"inLanguage\":\"pt-BR\",\"@id\":\"https:\/\/mainhardt.com.br\/contabilidade\/#\/schema\/logo\/image\/\",\"url\":\"https:\/\/mainhardt.com.br\/contabilidade\/wp-content\/uploads\/2022\/08\/Novo-Projeto-10.png\",\"contentUrl\":\"https:\/\/mainhardt.com.br\/contabilidade\/wp-content\/uploads\/2022\/08\/Novo-Projeto-10.png\",\"width\":170,\"height\":60,\"caption\":\"Mainhardt Contabilidade\"},\"image\":{\"@id\":\"https:\/\/mainhardt.com.br\/contabilidade\/#\/schema\/logo\/image\/\"}},{\"@type\":\"Person\",\"@id\":\"https:\/\/mainhardt.com.br\/contabilidade\/#\/schema\/person\/fbae9da6eebfcbf5302053bba49451b5\",\"name\":\"su.wp\",\"image\":{\"@type\":\"ImageObject\",\"inLanguage\":\"pt-BR\",\"@id\":\"https:\/\/mainhardt.com.br\/contabilidade\/#\/schema\/person\/image\/\",\"url\":\"https:\/\/secure.gravatar.com\/avatar\/4660c4d944a5ce7de85f33ede443a76d3abfdf976c7c53c8b98877a5a0a8870f?s=96&d=mm&r=g\",\"contentUrl\":\"https:\/\/secure.gravatar.com\/avatar\/4660c4d944a5ce7de85f33ede443a76d3abfdf976c7c53c8b98877a5a0a8870f?s=96&d=mm&r=g\",\"caption\":\"su.wp\"},\"sameAs\":[\"http:\/\/wptemplate.dev.com\"],\"url\":\"https:\/\/mainhardt.com.br\/contabilidade\/author\/su-wp\/\"}]}<\/script>\n<!-- \/ Yoast SEO plugin. -->","yoast_head_json":{"title":"C\u00e2mara aprova parcelamento de d\u00edvidas de micro e pequenas empresas - Mainhardt Contabilidade","robots":{"index":"index","follow":"follow","max-snippet":"max-snippet:-1","max-image-preview":"max-image-preview:large","max-video-preview":"max-video-preview:-1"},"canonical":"https:\/\/mainhardt.com.br\/contabilidade\/camara-aprova-parcelamento-de-dividas-de-micro-e-pequenas-empresas\/","og_locale":"pt_BR","og_type":"article","og_title":"C\u00e2mara aprova parcelamento de d\u00edvidas de micro e pequenas empresas - Mainhardt Contabilidade","og_description":"A C\u00e2mara dos Deputados aprovou nesta quinta-feira (16) o Projeto de Lei Complementar (PLP) 46\/21, que cria um novo programa de parcelamento de d\u00edvidas de micro e pequenas empresas participantes do Simples Nacional, inclusive os microempreendedores individuais (MEI) e as empresas em recupera\u00e7\u00e3o judicial. A proposta ser\u00e1 enviada \u00e0 san\u00e7\u00e3o presidencial. De autoria do Senado, [&hellip;]","og_url":"https:\/\/mainhardt.com.br\/contabilidade\/camara-aprova-parcelamento-de-dividas-de-micro-e-pequenas-empresas\/","og_site_name":"Mainhardt Contabilidade","article_published_time":"2021-12-17T14:16:13+00:00","article_modified_time":"2022-09-19T21:15:22+00:00","og_image":[{"width":1280,"height":800,"url":"http:\/\/mainhardt.com.br\/contabilidade\/wp-content\/uploads\/2022\/01\/mulher-nos-negocios.jpg","type":"image\/jpeg"}],"author":"su.wp","twitter_card":"summary_large_image","twitter_misc":{"Escrito por":"su.wp","Est. tempo de leitura":"4 minutos"},"schema":{"@context":"https:\/\/schema.org","@graph":[{"@type":"Article","@id":"https:\/\/mainhardt.com.br\/contabilidade\/camara-aprova-parcelamento-de-dividas-de-micro-e-pequenas-empresas\/#article","isPartOf":{"@id":"https:\/\/mainhardt.com.br\/contabilidade\/camara-aprova-parcelamento-de-dividas-de-micro-e-pequenas-empresas\/"},"author":{"name":"su.wp","@id":"https:\/\/mainhardt.com.br\/contabilidade\/#\/schema\/person\/fbae9da6eebfcbf5302053bba49451b5"},"headline":"C\u00e2mara aprova parcelamento de d\u00edvidas de micro e pequenas empresas","datePublished":"2021-12-17T14:16:13+00:00","dateModified":"2022-09-19T21:15:22+00:00","mainEntityOfPage":{"@id":"https:\/\/mainhardt.com.br\/contabilidade\/camara-aprova-parcelamento-de-dividas-de-micro-e-pequenas-empresas\/"},"wordCount":613,"commentCount":0,"publisher":{"@id":"https:\/\/mainhardt.com.br\/contabilidade\/#organization"},"articleSection":["Not\u00edcias"],"inLanguage":"pt-BR","potentialAction":[{"@type":"CommentAction","name":"Comment","target":["https:\/\/mainhardt.com.br\/contabilidade\/camara-aprova-parcelamento-de-dividas-de-micro-e-pequenas-empresas\/#respond"]}]},{"@type":"WebPage","@id":"https:\/\/mainhardt.com.br\/contabilidade\/camara-aprova-parcelamento-de-dividas-de-micro-e-pequenas-empresas\/","url":"https:\/\/mainhardt.com.br\/contabilidade\/camara-aprova-parcelamento-de-dividas-de-micro-e-pequenas-empresas\/","name":"C\u00e2mara aprova parcelamento de d\u00edvidas de micro e pequenas empresas - Mainhardt Contabilidade","isPartOf":{"@id":"https:\/\/mainhardt.com.br\/contabilidade\/#website"},"datePublished":"2021-12-17T14:16:13+00:00","dateModified":"2022-09-19T21:15:22+00:00","breadcrumb":{"@id":"https:\/\/mainhardt.com.br\/contabilidade\/camara-aprova-parcelamento-de-dividas-de-micro-e-pequenas-empresas\/#breadcrumb"},"inLanguage":"pt-BR","potentialAction":[{"@type":"ReadAction","target":["https:\/\/mainhardt.com.br\/contabilidade\/camara-aprova-parcelamento-de-dividas-de-micro-e-pequenas-empresas\/"]}]},{"@type":"BreadcrumbList","@id":"https:\/\/mainhardt.com.br\/contabilidade\/camara-aprova-parcelamento-de-dividas-de-micro-e-pequenas-empresas\/#breadcrumb","itemListElement":[{"@type":"ListItem","position":1,"name":"In\u00edcio","item":"https:\/\/mainhardt.com.br\/contabilidade\/"},{"@type":"ListItem","position":2,"name":"C\u00e2mara aprova parcelamento de d\u00edvidas de micro e pequenas empresas"}]},{"@type":"WebSite","@id":"https:\/\/mainhardt.com.br\/contabilidade\/#website","url":"https:\/\/mainhardt.com.br\/contabilidade\/","name":"Mainhardt Contabilidade","description":"Contabilidade em Santa Catarina","publisher":{"@id":"https:\/\/mainhardt.com.br\/contabilidade\/#organization"},"potentialAction":[{"@type":"SearchAction","target":{"@type":"EntryPoint","urlTemplate":"https:\/\/mainhardt.com.br\/contabilidade\/?s={search_term_string}"},"query-input":"required name=search_term_string"}],"inLanguage":"pt-BR"},{"@type":"Organization","@id":"https:\/\/mainhardt.com.br\/contabilidade\/#organization","name":"Mainhardt Contabilidade","url":"https:\/\/mainhardt.com.br\/contabilidade\/","sameAs":[],"logo":{"@type":"ImageObject","inLanguage":"pt-BR","@id":"https:\/\/mainhardt.com.br\/contabilidade\/#\/schema\/logo\/image\/","url":"https:\/\/mainhardt.com.br\/contabilidade\/wp-content\/uploads\/2022\/08\/Novo-Projeto-10.png","contentUrl":"https:\/\/mainhardt.com.br\/contabilidade\/wp-content\/uploads\/2022\/08\/Novo-Projeto-10.png","width":170,"height":60,"caption":"Mainhardt Contabilidade"},"image":{"@id":"https:\/\/mainhardt.com.br\/contabilidade\/#\/schema\/logo\/image\/"}},{"@type":"Person","@id":"https:\/\/mainhardt.com.br\/contabilidade\/#\/schema\/person\/fbae9da6eebfcbf5302053bba49451b5","name":"su.wp","image":{"@type":"ImageObject","inLanguage":"pt-BR","@id":"https:\/\/mainhardt.com.br\/contabilidade\/#\/schema\/person\/image\/","url":"https:\/\/secure.gravatar.com\/avatar\/4660c4d944a5ce7de85f33ede443a76d3abfdf976c7c53c8b98877a5a0a8870f?s=96&d=mm&r=g","contentUrl":"https:\/\/secure.gravatar.com\/avatar\/4660c4d944a5ce7de85f33ede443a76d3abfdf976c7c53c8b98877a5a0a8870f?s=96&d=mm&r=g","caption":"su.wp"},"sameAs":["http:\/\/wptemplate.dev.com"],"url":"https:\/\/mainhardt.com.br\/contabilidade\/author\/su-wp\/"}]}},"_links":{"self":[{"href":"https:\/\/mainhardt.com.br\/contabilidade\/wp-json\/wp\/v2\/posts\/906","targetHints":{"allow":["GET"]}}],"collection":[{"href":"https:\/\/mainhardt.com.br\/contabilidade\/wp-json\/wp\/v2\/posts"}],"about":[{"href":"https:\/\/mainhardt.com.br\/contabilidade\/wp-json\/wp\/v2\/types\/post"}],"author":[{"embeddable":true,"href":"https:\/\/mainhardt.com.br\/contabilidade\/wp-json\/wp\/v2\/users\/1"}],"replies":[{"embeddable":true,"href":"https:\/\/mainhardt.com.br\/contabilidade\/wp-json\/wp\/v2\/comments?post=906"}],"version-history":[{"count":1,"href":"https:\/\/mainhardt.com.br\/contabilidade\/wp-json\/wp\/v2\/posts\/906\/revisions"}],"predecessor-version":[{"id":907,"href":"https:\/\/mainhardt.com.br\/contabilidade\/wp-json\/wp\/v2\/posts\/906\/revisions\/907"}],"wp:featuredmedia":[{"embeddable":true,"href":"https:\/\/mainhardt.com.br\/contabilidade\/wp-json\/wp\/v2\/media\/1646"}],"wp:attachment":[{"href":"https:\/\/mainhardt.com.br\/contabilidade\/wp-json\/wp\/v2\/media?parent=906"}],"wp:term":[{"taxonomy":"category","embeddable":true,"href":"https:\/\/mainhardt.com.br\/contabilidade\/wp-json\/wp\/v2\/categories?post=906"},{"taxonomy":"post_tag","embeddable":true,"href":"https:\/\/mainhardt.com.br\/contabilidade\/wp-json\/wp\/v2\/tags?post=906"}],"curies":[{"name":"wp","href":"https:\/\/api.w.org\/{rel}","templated":true}]}}