{"id":920,"date":"2022-01-12T14:56:55","date_gmt":"2022-01-12T17:56:55","guid":{"rendered":"https:\/\/mainhardt.com.br\/contabilidade\/?p=920"},"modified":"2022-09-19T18:14:59","modified_gmt":"2022-09-19T21:14:59","slug":"apos-veto-governo-edita-medidas-para-regularizar-impostos-devidos-por-meis-e-empresas-do-simples","status":"publish","type":"post","link":"https:\/\/mainhardt.com.br\/contabilidade\/apos-veto-governo-edita-medidas-para-regularizar-impostos-devidos-por-meis-e-empresas-do-simples\/","title":{"rendered":"Ap\u00f3s veto, governo edita medidas para regularizar impostos devidos por MEIs e empresas do Simples"},"content":{"rendered":"\n<p>Programas permitem pagar d\u00edvidas com entrada de 1% do valor total, al\u00e9m de desconto em juros, multas e encargos legais. D\u00e9bitos do Simples inscritos na d\u00edvida ativa somam R$ 137 bi.<\/p>\n\n\n\n<p id=\"viewer-2vv0i\">uatro dias ap\u00f3s ter vetado integralmente o <strong>projeto que previa a cria\u00e7\u00e3o de um programa de renegocia\u00e7\u00e3o de d\u00edvidas para pequenos neg\u00f3cios<\/strong>, o governo editou nesta ter\u00e7a-feira (11) medidas para regularizar d\u00edvidas de microempreendedores individuais (MEIs) e de pequenas empresas optantes do Simples Nacional.<\/p>\n\n\n\n<p id=\"viewer-f53us\">As duas medidas foram publicadas em edi\u00e7\u00e3o extraordin\u00e1ria do &#8220;Di\u00e1rio Oficial da Uni\u00e3o&#8221;. As propostas permitem pagamento de entrada de 1% do valor do d\u00e9bito e d\u00e3o descontos em juros e multas (leia detalhes sobre elas mais abaixo nesta reportagem).<\/p>\n\n\n\n<p id=\"viewer-eftt3\">O Simples Nacional \u00e9 o regime simplificado de tributa\u00e7\u00e3o destinado a microempresas e empresas de pequeno porte. No caso das microempresas, o limite de faturamento anual \u00e9 de at\u00e9 R$ 360 mil. Para as empresas de pequeno porte, o valor \u00e9 R$ 4,8 milh\u00f5es.<\/p>\n\n\n\n<p id=\"viewer-4hqsa\">Ao todo, 1,8 milh\u00e3o de empresas est\u00e3o inscritas na d\u00edvida ativa da Uni\u00e3o por d\u00e9bitos do Simples Nacional, das quais 160 mil s\u00e3o MEIs. O valor total dos d\u00e9bitos do Simples Nacional inscritos na d\u00edvida ativa da Uni\u00e3o \u00e9 de R$ 137,2 bilh\u00f5es.<\/p>\n\n\n\n<h6 class=\"wp-block-heading\" id=\"viewer-s3sa\"><strong>Programa de Regulariza\u00e7\u00e3o<\/strong><\/h6>\n\n\n\n<p id=\"viewer-c5fm1\">Uma das medidas editadas nesta ter\u00e7a \u00e9 o Programa de Regulariza\u00e7\u00e3o do Simples Nacional. O programa permite que MEIs, microempresas e empresas de pequeno porte optantes do Simples Nacional afetados pela pandemia regularizem as d\u00edvidas com entrada de 1% do valor total do d\u00e9bito, dividido em at\u00e9 oito meses.<\/p>\n\n\n\n<p id=\"viewer-duula\">O restante do d\u00e9bito pode ser parcelado em at\u00e9 137 meses, com desconto de at\u00e9 100% de juros, das multas e dos encargos legais. Esse desconto deve observar o limite de 70% do valor total do d\u00e9bito, segundo a Procuradoria-Geral da Fazenda Nacional (PGFN).<\/p>\n\n\n\n<p id=\"viewer-5q507\">Ainda de acordo com a PGFN, os descontos ser\u00e3o calculados a partir da capacidade de pagamento de cada empresa. A parcela m\u00ednima \u00e9 de R$ 100 para micro e pequenas empresas ou de R$ 25 no caso dos microempreendedores individuais.<\/p>\n\n\n\n<h6 class=\"wp-block-heading\" id=\"viewer-8vu3c\"><strong>Alternativa<\/strong><\/h6>\n\n\n\n<p id=\"viewer-8ebmf\">O governo tamb\u00e9m lan\u00e7ou uma alternativa ao Programa de Regulariza\u00e7\u00e3o do Simples Nacional. O empres\u00e1rio vai poder aderir ao edital da &#8220;Transa\u00e7\u00e3o do Contencioso de Pequeno Valor do Simples Nacional&#8221;.<\/p>\n\n\n\n<p id=\"viewer-c0j24\">O edital de renegocia\u00e7\u00e3o vale para as d\u00edvidas inscritas at\u00e9 31 de dezembro e o valor da d\u00edvida, por inscri\u00e7\u00e3o, deve ser menor ou igual a R$ 72.720 ou 60 sal\u00e1rios m\u00ednimos.<\/p>\n\n\n\n<p id=\"viewer-44aps\">O empres\u00e1rio pode escolher entre as op\u00e7\u00f5es dispon\u00edveis de pagamento da d\u00edvida, com parcelamento e desconto. A entrada \u00e9 sempre de 1%, mas nesse caso a ser paga em tr\u00eas parcelas.<\/p>\n\n\n\n<p id=\"viewer-fk73t\">O restante pode ser parcelado em 9, 27, 47 ou 57 meses, com descontos de 50%, 45%, 40% e 35%, respectivamente. A parcela m\u00ednima \u00e9 de R$ 100 para micro ou pequenas empresas ou de R$ 25,00 no caso dos microempreendedores individuais.<\/p>\n\n\n\n<p id=\"viewer-72dpk\">A ades\u00e3o ao edital da &#8220;Transa\u00e7\u00e3o do Contencioso de Pequeno Valor do Simples Nacional&#8221; n\u00e3o depende de an\u00e1lise da capacidade de pagamento do contribuinte.<\/p>\n\n\n\n<p id=\"viewer-beroj\">Segundo o governo, a ades\u00e3o ao &#8220;Programa de Regulariza\u00e7\u00e3o do Simples Nacional&#8221; e ao edital de &#8220;Transa\u00e7\u00e3o do Contencioso de Pequeno Valor do Simples Nacional&#8221; \u00e9 feita on-line, no portal <strong>Regularize<\/strong>.<\/p>\n\n\n\n<h6 class=\"wp-block-heading\" id=\"viewer-ccpa7\"><strong>Veto<\/strong><\/h6>\n\n\n\n<p id=\"viewer-2g3ho\">O presidente <strong>Jair Bolsonaro<\/strong> vetou na semana passada o <strong>projeto de renegocia\u00e7\u00e3o de d\u00edvidas que beneficiaria cerca de 16 milh\u00f5es de pequenas empresas.<\/strong><\/p>\n\n\n\n<p id=\"viewer-7ac1q\">Segundo o relator do texto na C\u00e2mara, deputado Marco Bertaiolli (PSD-SP), essas empresas poderiam renegociar uma d\u00edvida de R$ 50 bilh\u00f5es.<\/p>\n\n\n\n<p id=\"viewer-8re9\">O presidente disse que vetou o projeto por falta de medida de compensa\u00e7\u00e3o, o que feriria a Lei de Responsabilidade Fiscal (LRF), e porque a legisla\u00e7\u00e3o eleitoral pro\u00edbe a concess\u00e3o de benef\u00edcios em ano eleitoral.<\/p>\n\n\n\n<p id=\"viewer-bdhrc\">Diante da repercuss\u00e3o negativa, Bolsonaro prometeu um solu\u00e7\u00e3o para os pequenos neg\u00f3cios.<\/p>\n\n\n\n<p id=\"viewer-4djc8\"><em><strong>Fonte:<\/strong> Portal de not\u00edcias g1 (<\/em><a href=\"https:\/\/g1.globo.com\/economia\/noticia\/2022\/01\/11\/apos-veto-governo-edita-medidas-para-regularizar-impostos-devidos-por-meis-e-empresas-do-simples.ghtml\" target=\"_blank\" rel=\"noreferrer noopener\"><em>Ap\u00f3s veto, governo edita medidas para regularizar impostos devidos por MEIs e empresas do Simples | Economia | G1 (globo.com)<\/em><\/a><em>)<\/em><\/p>\n","protected":false},"excerpt":{"rendered":"<p>Programas permitem pagar d\u00edvidas com entrada de 1% do valor total, al\u00e9m de desconto em juros, multas e encargos legais. D\u00e9bitos do Simples inscritos na d\u00edvida ativa somam R$ 137 bi. uatro dias ap\u00f3s ter vetado integralmente o projeto que previa a cria\u00e7\u00e3o de um programa de renegocia\u00e7\u00e3o de d\u00edvidas para pequenos neg\u00f3cios, o governo [&hellip;]<\/p>\n","protected":false},"author":1,"featured_media":1787,"comment_status":"open","ping_status":"open","sticky":false,"template":"","format":"standard","meta":{"footnotes":""},"categories":[1],"tags":[],"class_list":["post-920","post","type-post","status-publish","format-standard","has-post-thumbnail","hentry","category-noticias"],"yoast_head":"<!-- This site is optimized with the Yoast SEO plugin v19.6.1 - https:\/\/yoast.com\/wordpress\/plugins\/seo\/ -->\n<title>Ap\u00f3s veto, governo edita medidas para regularizar impostos devidos por MEIs e empresas do Simples - Mainhardt Contabilidade<\/title>\n<meta name=\"robots\" content=\"index, follow, max-snippet:-1, max-image-preview:large, max-video-preview:-1\" \/>\n<link rel=\"canonical\" href=\"https:\/\/mainhardt.com.br\/contabilidade\/apos-veto-governo-edita-medidas-para-regularizar-impostos-devidos-por-meis-e-empresas-do-simples\/\" \/>\n<meta property=\"og:locale\" content=\"pt_BR\" \/>\n<meta property=\"og:type\" content=\"article\" \/>\n<meta property=\"og:title\" content=\"Ap\u00f3s veto, governo edita medidas para regularizar impostos devidos por MEIs e empresas do Simples - Mainhardt Contabilidade\" \/>\n<meta property=\"og:description\" content=\"Programas permitem pagar d\u00edvidas com entrada de 1% do valor total, al\u00e9m de desconto em juros, multas e encargos legais. D\u00e9bitos do Simples inscritos na d\u00edvida ativa somam R$ 137 bi. uatro dias ap\u00f3s ter vetado integralmente o projeto que previa a cria\u00e7\u00e3o de um programa de renegocia\u00e7\u00e3o de d\u00edvidas para pequenos neg\u00f3cios, o governo [&hellip;]\" \/>\n<meta property=\"og:url\" content=\"https:\/\/mainhardt.com.br\/contabilidade\/apos-veto-governo-edita-medidas-para-regularizar-impostos-devidos-por-meis-e-empresas-do-simples\/\" \/>\n<meta property=\"og:site_name\" content=\"Mainhardt Contabilidade\" \/>\n<meta property=\"article:published_time\" content=\"2022-01-12T17:56:55+00:00\" \/>\n<meta property=\"article:modified_time\" content=\"2022-09-19T21:14:59+00:00\" \/>\n<meta property=\"og:image\" content=\"http:\/\/mainhardt.com.br\/contabilidade\/wp-content\/uploads\/2022\/03\/conheca-6-plataformas-de-e-commerce-para-voce-montar-sua-loja.jpg\" \/>\n\t<meta property=\"og:image:width\" content=\"2120\" \/>\n\t<meta property=\"og:image:height\" content=\"1414\" \/>\n\t<meta property=\"og:image:type\" content=\"image\/jpeg\" \/>\n<meta name=\"author\" content=\"su.wp\" \/>\n<meta name=\"twitter:card\" content=\"summary_large_image\" \/>\n<meta name=\"twitter:label1\" content=\"Escrito por\" \/>\n\t<meta name=\"twitter:data1\" content=\"su.wp\" \/>\n\t<meta name=\"twitter:label2\" content=\"Est. tempo de leitura\" \/>\n\t<meta name=\"twitter:data2\" content=\"4 minutos\" \/>\n<script type=\"application\/ld+json\" class=\"yoast-schema-graph\">{\"@context\":\"https:\/\/schema.org\",\"@graph\":[{\"@type\":\"Article\",\"@id\":\"https:\/\/mainhardt.com.br\/contabilidade\/apos-veto-governo-edita-medidas-para-regularizar-impostos-devidos-por-meis-e-empresas-do-simples\/#article\",\"isPartOf\":{\"@id\":\"https:\/\/mainhardt.com.br\/contabilidade\/apos-veto-governo-edita-medidas-para-regularizar-impostos-devidos-por-meis-e-empresas-do-simples\/\"},\"author\":{\"name\":\"su.wp\",\"@id\":\"https:\/\/mainhardt.com.br\/contabilidade\/#\/schema\/person\/fbae9da6eebfcbf5302053bba49451b5\"},\"headline\":\"Ap\u00f3s veto, governo edita medidas para regularizar impostos devidos por MEIs e empresas do Simples\",\"datePublished\":\"2022-01-12T17:56:55+00:00\",\"dateModified\":\"2022-09-19T21:14:59+00:00\",\"mainEntityOfPage\":{\"@id\":\"https:\/\/mainhardt.com.br\/contabilidade\/apos-veto-governo-edita-medidas-para-regularizar-impostos-devidos-por-meis-e-empresas-do-simples\/\"},\"wordCount\":699,\"commentCount\":0,\"publisher\":{\"@id\":\"https:\/\/mainhardt.com.br\/contabilidade\/#organization\"},\"articleSection\":[\"Not\u00edcias\"],\"inLanguage\":\"pt-BR\",\"potentialAction\":[{\"@type\":\"CommentAction\",\"name\":\"Comment\",\"target\":[\"https:\/\/mainhardt.com.br\/contabilidade\/apos-veto-governo-edita-medidas-para-regularizar-impostos-devidos-por-meis-e-empresas-do-simples\/#respond\"]}]},{\"@type\":\"WebPage\",\"@id\":\"https:\/\/mainhardt.com.br\/contabilidade\/apos-veto-governo-edita-medidas-para-regularizar-impostos-devidos-por-meis-e-empresas-do-simples\/\",\"url\":\"https:\/\/mainhardt.com.br\/contabilidade\/apos-veto-governo-edita-medidas-para-regularizar-impostos-devidos-por-meis-e-empresas-do-simples\/\",\"name\":\"Ap\u00f3s veto, governo edita medidas para regularizar impostos devidos por MEIs e empresas do Simples - Mainhardt Contabilidade\",\"isPartOf\":{\"@id\":\"https:\/\/mainhardt.com.br\/contabilidade\/#website\"},\"datePublished\":\"2022-01-12T17:56:55+00:00\",\"dateModified\":\"2022-09-19T21:14:59+00:00\",\"breadcrumb\":{\"@id\":\"https:\/\/mainhardt.com.br\/contabilidade\/apos-veto-governo-edita-medidas-para-regularizar-impostos-devidos-por-meis-e-empresas-do-simples\/#breadcrumb\"},\"inLanguage\":\"pt-BR\",\"potentialAction\":[{\"@type\":\"ReadAction\",\"target\":[\"https:\/\/mainhardt.com.br\/contabilidade\/apos-veto-governo-edita-medidas-para-regularizar-impostos-devidos-por-meis-e-empresas-do-simples\/\"]}]},{\"@type\":\"BreadcrumbList\",\"@id\":\"https:\/\/mainhardt.com.br\/contabilidade\/apos-veto-governo-edita-medidas-para-regularizar-impostos-devidos-por-meis-e-empresas-do-simples\/#breadcrumb\",\"itemListElement\":[{\"@type\":\"ListItem\",\"position\":1,\"name\":\"In\u00edcio\",\"item\":\"https:\/\/mainhardt.com.br\/contabilidade\/\"},{\"@type\":\"ListItem\",\"position\":2,\"name\":\"Ap\u00f3s veto, governo edita medidas para regularizar impostos devidos por MEIs e empresas do Simples\"}]},{\"@type\":\"WebSite\",\"@id\":\"https:\/\/mainhardt.com.br\/contabilidade\/#website\",\"url\":\"https:\/\/mainhardt.com.br\/contabilidade\/\",\"name\":\"Mainhardt Contabilidade\",\"description\":\"Contabilidade em Santa Catarina\",\"publisher\":{\"@id\":\"https:\/\/mainhardt.com.br\/contabilidade\/#organization\"},\"potentialAction\":[{\"@type\":\"SearchAction\",\"target\":{\"@type\":\"EntryPoint\",\"urlTemplate\":\"https:\/\/mainhardt.com.br\/contabilidade\/?s={search_term_string}\"},\"query-input\":\"required name=search_term_string\"}],\"inLanguage\":\"pt-BR\"},{\"@type\":\"Organization\",\"@id\":\"https:\/\/mainhardt.com.br\/contabilidade\/#organization\",\"name\":\"Mainhardt Contabilidade\",\"url\":\"https:\/\/mainhardt.com.br\/contabilidade\/\",\"sameAs\":[],\"logo\":{\"@type\":\"ImageObject\",\"inLanguage\":\"pt-BR\",\"@id\":\"https:\/\/mainhardt.com.br\/contabilidade\/#\/schema\/logo\/image\/\",\"url\":\"https:\/\/mainhardt.com.br\/contabilidade\/wp-content\/uploads\/2022\/08\/Novo-Projeto-10.png\",\"contentUrl\":\"https:\/\/mainhardt.com.br\/contabilidade\/wp-content\/uploads\/2022\/08\/Novo-Projeto-10.png\",\"width\":170,\"height\":60,\"caption\":\"Mainhardt Contabilidade\"},\"image\":{\"@id\":\"https:\/\/mainhardt.com.br\/contabilidade\/#\/schema\/logo\/image\/\"}},{\"@type\":\"Person\",\"@id\":\"https:\/\/mainhardt.com.br\/contabilidade\/#\/schema\/person\/fbae9da6eebfcbf5302053bba49451b5\",\"name\":\"su.wp\",\"image\":{\"@type\":\"ImageObject\",\"inLanguage\":\"pt-BR\",\"@id\":\"https:\/\/mainhardt.com.br\/contabilidade\/#\/schema\/person\/image\/\",\"url\":\"https:\/\/secure.gravatar.com\/avatar\/4660c4d944a5ce7de85f33ede443a76d3abfdf976c7c53c8b98877a5a0a8870f?s=96&d=mm&r=g\",\"contentUrl\":\"https:\/\/secure.gravatar.com\/avatar\/4660c4d944a5ce7de85f33ede443a76d3abfdf976c7c53c8b98877a5a0a8870f?s=96&d=mm&r=g\",\"caption\":\"su.wp\"},\"sameAs\":[\"http:\/\/wptemplate.dev.com\"],\"url\":\"https:\/\/mainhardt.com.br\/contabilidade\/author\/su-wp\/\"}]}<\/script>\n<!-- \/ Yoast SEO plugin. -->","yoast_head_json":{"title":"Ap\u00f3s veto, governo edita medidas para regularizar impostos devidos por MEIs e empresas do Simples - Mainhardt Contabilidade","robots":{"index":"index","follow":"follow","max-snippet":"max-snippet:-1","max-image-preview":"max-image-preview:large","max-video-preview":"max-video-preview:-1"},"canonical":"https:\/\/mainhardt.com.br\/contabilidade\/apos-veto-governo-edita-medidas-para-regularizar-impostos-devidos-por-meis-e-empresas-do-simples\/","og_locale":"pt_BR","og_type":"article","og_title":"Ap\u00f3s veto, governo edita medidas para regularizar impostos devidos por MEIs e empresas do Simples - Mainhardt Contabilidade","og_description":"Programas permitem pagar d\u00edvidas com entrada de 1% do valor total, al\u00e9m de desconto em juros, multas e encargos legais. D\u00e9bitos do Simples inscritos na d\u00edvida ativa somam R$ 137 bi. uatro dias ap\u00f3s ter vetado integralmente o projeto que previa a cria\u00e7\u00e3o de um programa de renegocia\u00e7\u00e3o de d\u00edvidas para pequenos neg\u00f3cios, o governo [&hellip;]","og_url":"https:\/\/mainhardt.com.br\/contabilidade\/apos-veto-governo-edita-medidas-para-regularizar-impostos-devidos-por-meis-e-empresas-do-simples\/","og_site_name":"Mainhardt Contabilidade","article_published_time":"2022-01-12T17:56:55+00:00","article_modified_time":"2022-09-19T21:14:59+00:00","og_image":[{"width":2120,"height":1414,"url":"http:\/\/mainhardt.com.br\/contabilidade\/wp-content\/uploads\/2022\/03\/conheca-6-plataformas-de-e-commerce-para-voce-montar-sua-loja.jpg","type":"image\/jpeg"}],"author":"su.wp","twitter_card":"summary_large_image","twitter_misc":{"Escrito por":"su.wp","Est. tempo de leitura":"4 minutos"},"schema":{"@context":"https:\/\/schema.org","@graph":[{"@type":"Article","@id":"https:\/\/mainhardt.com.br\/contabilidade\/apos-veto-governo-edita-medidas-para-regularizar-impostos-devidos-por-meis-e-empresas-do-simples\/#article","isPartOf":{"@id":"https:\/\/mainhardt.com.br\/contabilidade\/apos-veto-governo-edita-medidas-para-regularizar-impostos-devidos-por-meis-e-empresas-do-simples\/"},"author":{"name":"su.wp","@id":"https:\/\/mainhardt.com.br\/contabilidade\/#\/schema\/person\/fbae9da6eebfcbf5302053bba49451b5"},"headline":"Ap\u00f3s veto, governo edita medidas para regularizar impostos devidos por MEIs e empresas do Simples","datePublished":"2022-01-12T17:56:55+00:00","dateModified":"2022-09-19T21:14:59+00:00","mainEntityOfPage":{"@id":"https:\/\/mainhardt.com.br\/contabilidade\/apos-veto-governo-edita-medidas-para-regularizar-impostos-devidos-por-meis-e-empresas-do-simples\/"},"wordCount":699,"commentCount":0,"publisher":{"@id":"https:\/\/mainhardt.com.br\/contabilidade\/#organization"},"articleSection":["Not\u00edcias"],"inLanguage":"pt-BR","potentialAction":[{"@type":"CommentAction","name":"Comment","target":["https:\/\/mainhardt.com.br\/contabilidade\/apos-veto-governo-edita-medidas-para-regularizar-impostos-devidos-por-meis-e-empresas-do-simples\/#respond"]}]},{"@type":"WebPage","@id":"https:\/\/mainhardt.com.br\/contabilidade\/apos-veto-governo-edita-medidas-para-regularizar-impostos-devidos-por-meis-e-empresas-do-simples\/","url":"https:\/\/mainhardt.com.br\/contabilidade\/apos-veto-governo-edita-medidas-para-regularizar-impostos-devidos-por-meis-e-empresas-do-simples\/","name":"Ap\u00f3s veto, governo edita medidas para regularizar impostos devidos por MEIs e empresas do Simples - Mainhardt Contabilidade","isPartOf":{"@id":"https:\/\/mainhardt.com.br\/contabilidade\/#website"},"datePublished":"2022-01-12T17:56:55+00:00","dateModified":"2022-09-19T21:14:59+00:00","breadcrumb":{"@id":"https:\/\/mainhardt.com.br\/contabilidade\/apos-veto-governo-edita-medidas-para-regularizar-impostos-devidos-por-meis-e-empresas-do-simples\/#breadcrumb"},"inLanguage":"pt-BR","potentialAction":[{"@type":"ReadAction","target":["https:\/\/mainhardt.com.br\/contabilidade\/apos-veto-governo-edita-medidas-para-regularizar-impostos-devidos-por-meis-e-empresas-do-simples\/"]}]},{"@type":"BreadcrumbList","@id":"https:\/\/mainhardt.com.br\/contabilidade\/apos-veto-governo-edita-medidas-para-regularizar-impostos-devidos-por-meis-e-empresas-do-simples\/#breadcrumb","itemListElement":[{"@type":"ListItem","position":1,"name":"In\u00edcio","item":"https:\/\/mainhardt.com.br\/contabilidade\/"},{"@type":"ListItem","position":2,"name":"Ap\u00f3s veto, governo edita medidas para regularizar impostos devidos por MEIs e empresas do Simples"}]},{"@type":"WebSite","@id":"https:\/\/mainhardt.com.br\/contabilidade\/#website","url":"https:\/\/mainhardt.com.br\/contabilidade\/","name":"Mainhardt Contabilidade","description":"Contabilidade em Santa Catarina","publisher":{"@id":"https:\/\/mainhardt.com.br\/contabilidade\/#organization"},"potentialAction":[{"@type":"SearchAction","target":{"@type":"EntryPoint","urlTemplate":"https:\/\/mainhardt.com.br\/contabilidade\/?s={search_term_string}"},"query-input":"required name=search_term_string"}],"inLanguage":"pt-BR"},{"@type":"Organization","@id":"https:\/\/mainhardt.com.br\/contabilidade\/#organization","name":"Mainhardt Contabilidade","url":"https:\/\/mainhardt.com.br\/contabilidade\/","sameAs":[],"logo":{"@type":"ImageObject","inLanguage":"pt-BR","@id":"https:\/\/mainhardt.com.br\/contabilidade\/#\/schema\/logo\/image\/","url":"https:\/\/mainhardt.com.br\/contabilidade\/wp-content\/uploads\/2022\/08\/Novo-Projeto-10.png","contentUrl":"https:\/\/mainhardt.com.br\/contabilidade\/wp-content\/uploads\/2022\/08\/Novo-Projeto-10.png","width":170,"height":60,"caption":"Mainhardt Contabilidade"},"image":{"@id":"https:\/\/mainhardt.com.br\/contabilidade\/#\/schema\/logo\/image\/"}},{"@type":"Person","@id":"https:\/\/mainhardt.com.br\/contabilidade\/#\/schema\/person\/fbae9da6eebfcbf5302053bba49451b5","name":"su.wp","image":{"@type":"ImageObject","inLanguage":"pt-BR","@id":"https:\/\/mainhardt.com.br\/contabilidade\/#\/schema\/person\/image\/","url":"https:\/\/secure.gravatar.com\/avatar\/4660c4d944a5ce7de85f33ede443a76d3abfdf976c7c53c8b98877a5a0a8870f?s=96&d=mm&r=g","contentUrl":"https:\/\/secure.gravatar.com\/avatar\/4660c4d944a5ce7de85f33ede443a76d3abfdf976c7c53c8b98877a5a0a8870f?s=96&d=mm&r=g","caption":"su.wp"},"sameAs":["http:\/\/wptemplate.dev.com"],"url":"https:\/\/mainhardt.com.br\/contabilidade\/author\/su-wp\/"}]}},"_links":{"self":[{"href":"https:\/\/mainhardt.com.br\/contabilidade\/wp-json\/wp\/v2\/posts\/920","targetHints":{"allow":["GET"]}}],"collection":[{"href":"https:\/\/mainhardt.com.br\/contabilidade\/wp-json\/wp\/v2\/posts"}],"about":[{"href":"https:\/\/mainhardt.com.br\/contabilidade\/wp-json\/wp\/v2\/types\/post"}],"author":[{"embeddable":true,"href":"https:\/\/mainhardt.com.br\/contabilidade\/wp-json\/wp\/v2\/users\/1"}],"replies":[{"embeddable":true,"href":"https:\/\/mainhardt.com.br\/contabilidade\/wp-json\/wp\/v2\/comments?post=920"}],"version-history":[{"count":1,"href":"https:\/\/mainhardt.com.br\/contabilidade\/wp-json\/wp\/v2\/posts\/920\/revisions"}],"predecessor-version":[{"id":921,"href":"https:\/\/mainhardt.com.br\/contabilidade\/wp-json\/wp\/v2\/posts\/920\/revisions\/921"}],"wp:featuredmedia":[{"embeddable":true,"href":"https:\/\/mainhardt.com.br\/contabilidade\/wp-json\/wp\/v2\/media\/1787"}],"wp:attachment":[{"href":"https:\/\/mainhardt.com.br\/contabilidade\/wp-json\/wp\/v2\/media?parent=920"}],"wp:term":[{"taxonomy":"category","embeddable":true,"href":"https:\/\/mainhardt.com.br\/contabilidade\/wp-json\/wp\/v2\/categories?post=920"},{"taxonomy":"post_tag","embeddable":true,"href":"https:\/\/mainhardt.com.br\/contabilidade\/wp-json\/wp\/v2\/tags?post=920"}],"curies":[{"name":"wp","href":"https:\/\/api.w.org\/{rel}","templated":true}]}}