{"id":927,"date":"2022-03-16T15:34:15","date_gmt":"2022-03-16T18:34:15","guid":{"rendered":"https:\/\/mainhardt.com.br\/contabilidade\/?p=927"},"modified":"2022-09-19T18:14:41","modified_gmt":"2022-09-19T21:14:41","slug":"contribuintes-ja-podem-enviar-declaracao-do-imposto-de-renda-2022","status":"publish","type":"post","link":"https:\/\/mainhardt.com.br\/contabilidade\/contribuintes-ja-podem-enviar-declaracao-do-imposto-de-renda-2022\/","title":{"rendered":"Contribuintes j\u00e1 podem enviar Declara\u00e7\u00e3o do Imposto de Renda 2022"},"content":{"rendered":"\n<p>A Receira Federal j\u00e1 est\u00e1 recebendo a declara\u00e7\u00e3o do Imposto de Renda Pessoa F\u00edsica (IRPF) deste ano, referente ao ano-base de 2021. O servi\u00e7o foi liberado pelo Governo Federal, no \u00faltimo dia 07\/03.<br><br>A estimativa da Receita Federal \u00e9 de que 31,7 milh\u00f5es de contribuintes enviem a declara\u00e7\u00e3o neste ano.<br><br>A declara\u00e7\u00e3o \u00e9 obrigat\u00f3ria para as pessoas que receberam rendimentos tribut\u00e1veis superiores a R$ 28.559,70 em 2021. Para atividade rural, a obrigatoriedade \u00e9 para quem teve receita bruta superior a R$ 142.798,50 no ano passado. Tamb\u00e9m devem fazer a declara\u00e7\u00e3o, os contribuintes com rendimentos isentos, n\u00e3o-tribut\u00e1veis ou tributados exclusivamente na fonte, de mais de R$ 40 mil; aqueles com patrim\u00f4nio de mais de R$ 300 mil e os que tiveram ganho de capital na aliena\u00e7\u00e3o de bens ou direitos ou fizeram opera\u00e7\u00f5es na bolsa de valores, incluindo os dependentes.<br><br>Independente da renda, a declara\u00e7\u00e3o \u00e9 obrigat\u00f3ria ainda para quem passou a residir no Brasil no ano passado e para quem vendeu im\u00f3veis residenciais e comprou outro at\u00e9 180 dias depois da venda.<\/p>\n\n\n\n<h3 class=\"wp-block-heading\">Prazos<\/h3>\n\n\n\n<p>As declara\u00e7\u00f5es podem ser transmitidas para a Receita Federal at\u00e9 \u00e0s 23h59 do dia 29 de abril (hor\u00e1rio de Bras\u00edlia). <br><br>Para quem perder o prazo, a multa de atraso das declara\u00e7\u00f5es ser\u00e1 de 1% a 20% sobre o imposto devido, tendo o valor m\u00ednimo de R$ 165,74.<\/p>\n\n\n\n<h3 class=\"wp-block-heading\">Restitui\u00e7\u00e3o<\/h3>\n\n\n\n<p>Assim como ocorre desde 2019, as restitui\u00e7\u00f5es do Imposto de Renda deste ano ser\u00e3o em cinco lotes. Os pagamentos come\u00e7am em 31 de maio, do primeiro lote, seguindo a ordem de prioridade estabelecida em lei, e v\u00e3o at\u00e9 30 de setembro, quando ser\u00e1 pago o quinto lote. Os que enviarem a declara\u00e7\u00e3o primeiro, recebem a restitui\u00e7\u00e3o tamb\u00e9m nos primeiros lotes.<br><br>Neste ano, o contribuinte pode informar sua chave Pix para recebimento da restitui\u00e7\u00e3o. No entanto, essa chave precisa ser, necessariamente, o CPF do contribuinte. N\u00famero de celular, e-mail e chaves aleat\u00f3rias n\u00e3o ser\u00e3o aceitas.<br><br>As outras op\u00e7\u00f5es de cr\u00e9dito em contas correntes e poupan\u00e7as seguem valendo. Para quem tem imposto a pagar, poder\u00e1 parcelar em at\u00e9 oito vezes e o pagamento tamb\u00e9m pode ser feito via Pix.<\/p>\n\n\n\n<p>Se voc\u00ea precisar, podemos auxili\u00e1-lo com sua Declara\u00e7\u00e3o de IRPF. Entre e contato conosco e saiba mais. <\/p>\n\n\n\n<p><\/p>\n\n\n\n<p><\/p>\n\n\n\n<p><strong>Fonte:<\/strong> https:\/\/www.gov.br\/pt-br\/noticias\/financas-impostos-e-gestao-publica\/2022\/03\/contribuintes-ja-podem-enviar-declaracao-do-imposto-de-renda-2022<\/p>\n","protected":false},"excerpt":{"rendered":"<p>A Receira Federal j\u00e1 est\u00e1 recebendo a declara\u00e7\u00e3o do Imposto de Renda Pessoa F\u00edsica (IRPF) deste ano, referente ao ano-base de 2021. O servi\u00e7o foi liberado pelo Governo Federal, no \u00faltimo dia 07\/03. A estimativa da Receita Federal \u00e9 de que 31,7 milh\u00f5es de contribuintes enviem a declara\u00e7\u00e3o neste ano. A declara\u00e7\u00e3o \u00e9 obrigat\u00f3ria para [&hellip;]<\/p>\n","protected":false},"author":1,"featured_media":1853,"comment_status":"open","ping_status":"open","sticky":false,"template":"","format":"standard","meta":{"footnotes":""},"categories":[24],"tags":[25,26,27,28,29,30],"class_list":["post-927","post","type-post","status-publish","format-standard","has-post-thumbnail","hentry","category-irpf-2022","tag-ir","tag-irpf","tag-irpf2022","tag-imposto-de-renda","tag-leao","tag-declaracao-de-renda"],"yoast_head":"<!-- This site is optimized with the Yoast SEO plugin v19.6.1 - https:\/\/yoast.com\/wordpress\/plugins\/seo\/ -->\n<title>Contribuintes j\u00e1 podem enviar Declara\u00e7\u00e3o do Imposto de Renda 2022 - Mainhardt Contabilidade<\/title>\n<meta name=\"robots\" content=\"index, follow, max-snippet:-1, max-image-preview:large, max-video-preview:-1\" \/>\n<link rel=\"canonical\" href=\"https:\/\/mainhardt.com.br\/contabilidade\/contribuintes-ja-podem-enviar-declaracao-do-imposto-de-renda-2022\/\" \/>\n<meta property=\"og:locale\" content=\"pt_BR\" \/>\n<meta property=\"og:type\" content=\"article\" \/>\n<meta property=\"og:title\" content=\"Contribuintes j\u00e1 podem enviar Declara\u00e7\u00e3o do Imposto de Renda 2022 - Mainhardt Contabilidade\" \/>\n<meta property=\"og:description\" content=\"A Receira Federal j\u00e1 est\u00e1 recebendo a declara\u00e7\u00e3o do Imposto de Renda Pessoa F\u00edsica (IRPF) deste ano, referente ao ano-base de 2021. O servi\u00e7o foi liberado pelo Governo Federal, no \u00faltimo dia 07\/03. A estimativa da Receita Federal \u00e9 de que 31,7 milh\u00f5es de contribuintes enviem a declara\u00e7\u00e3o neste ano. A declara\u00e7\u00e3o \u00e9 obrigat\u00f3ria para [&hellip;]\" \/>\n<meta property=\"og:url\" content=\"https:\/\/mainhardt.com.br\/contabilidade\/contribuintes-ja-podem-enviar-declaracao-do-imposto-de-renda-2022\/\" \/>\n<meta property=\"og:site_name\" content=\"Mainhardt Contabilidade\" \/>\n<meta property=\"article:published_time\" content=\"2022-03-16T18:34:15+00:00\" \/>\n<meta property=\"article:modified_time\" content=\"2022-09-19T21:14:41+00:00\" \/>\n<meta property=\"og:image\" content=\"http:\/\/mainhardt.com.br\/contabilidade\/wp-content\/uploads\/2022\/08\/closeup-hand-businessman-using-smart-phone-laptop-with-email-icon-scaled-1.jpg\" \/>\n\t<meta property=\"og:image:width\" content=\"2560\" \/>\n\t<meta property=\"og:image:height\" content=\"1707\" \/>\n\t<meta property=\"og:image:type\" content=\"image\/jpeg\" \/>\n<meta name=\"author\" content=\"su.wp\" \/>\n<meta name=\"twitter:card\" content=\"summary_large_image\" \/>\n<meta name=\"twitter:label1\" content=\"Escrito por\" \/>\n\t<meta name=\"twitter:data1\" content=\"su.wp\" \/>\n\t<meta name=\"twitter:label2\" content=\"Est. tempo de leitura\" \/>\n\t<meta name=\"twitter:data2\" content=\"3 minutos\" \/>\n<script type=\"application\/ld+json\" class=\"yoast-schema-graph\">{\"@context\":\"https:\/\/schema.org\",\"@graph\":[{\"@type\":\"Article\",\"@id\":\"https:\/\/mainhardt.com.br\/contabilidade\/contribuintes-ja-podem-enviar-declaracao-do-imposto-de-renda-2022\/#article\",\"isPartOf\":{\"@id\":\"https:\/\/mainhardt.com.br\/contabilidade\/contribuintes-ja-podem-enviar-declaracao-do-imposto-de-renda-2022\/\"},\"author\":{\"name\":\"su.wp\",\"@id\":\"https:\/\/mainhardt.com.br\/contabilidade\/#\/schema\/person\/fbae9da6eebfcbf5302053bba49451b5\"},\"headline\":\"Contribuintes j\u00e1 podem enviar Declara\u00e7\u00e3o do Imposto de Renda 2022\",\"datePublished\":\"2022-03-16T18:34:15+00:00\",\"dateModified\":\"2022-09-19T21:14:41+00:00\",\"mainEntityOfPage\":{\"@id\":\"https:\/\/mainhardt.com.br\/contabilidade\/contribuintes-ja-podem-enviar-declaracao-do-imposto-de-renda-2022\/\"},\"wordCount\":406,\"commentCount\":0,\"publisher\":{\"@id\":\"https:\/\/mainhardt.com.br\/contabilidade\/#organization\"},\"keywords\":[\"IR\",\"IRPF\",\"IRPF2022\",\"Imposto de Renda\",\"Le\u00e3o\",\"Declara\u00e7\u00e3o de Renda\"],\"articleSection\":[\"IRPF 2022\"],\"inLanguage\":\"pt-BR\",\"potentialAction\":[{\"@type\":\"CommentAction\",\"name\":\"Comment\",\"target\":[\"https:\/\/mainhardt.com.br\/contabilidade\/contribuintes-ja-podem-enviar-declaracao-do-imposto-de-renda-2022\/#respond\"]}]},{\"@type\":\"WebPage\",\"@id\":\"https:\/\/mainhardt.com.br\/contabilidade\/contribuintes-ja-podem-enviar-declaracao-do-imposto-de-renda-2022\/\",\"url\":\"https:\/\/mainhardt.com.br\/contabilidade\/contribuintes-ja-podem-enviar-declaracao-do-imposto-de-renda-2022\/\",\"name\":\"Contribuintes j\u00e1 podem enviar Declara\u00e7\u00e3o do Imposto de Renda 2022 - Mainhardt Contabilidade\",\"isPartOf\":{\"@id\":\"https:\/\/mainhardt.com.br\/contabilidade\/#website\"},\"datePublished\":\"2022-03-16T18:34:15+00:00\",\"dateModified\":\"2022-09-19T21:14:41+00:00\",\"breadcrumb\":{\"@id\":\"https:\/\/mainhardt.com.br\/contabilidade\/contribuintes-ja-podem-enviar-declaracao-do-imposto-de-renda-2022\/#breadcrumb\"},\"inLanguage\":\"pt-BR\",\"potentialAction\":[{\"@type\":\"ReadAction\",\"target\":[\"https:\/\/mainhardt.com.br\/contabilidade\/contribuintes-ja-podem-enviar-declaracao-do-imposto-de-renda-2022\/\"]}]},{\"@type\":\"BreadcrumbList\",\"@id\":\"https:\/\/mainhardt.com.br\/contabilidade\/contribuintes-ja-podem-enviar-declaracao-do-imposto-de-renda-2022\/#breadcrumb\",\"itemListElement\":[{\"@type\":\"ListItem\",\"position\":1,\"name\":\"In\u00edcio\",\"item\":\"https:\/\/mainhardt.com.br\/contabilidade\/\"},{\"@type\":\"ListItem\",\"position\":2,\"name\":\"Contribuintes j\u00e1 podem enviar Declara\u00e7\u00e3o do Imposto de Renda 2022\"}]},{\"@type\":\"WebSite\",\"@id\":\"https:\/\/mainhardt.com.br\/contabilidade\/#website\",\"url\":\"https:\/\/mainhardt.com.br\/contabilidade\/\",\"name\":\"Mainhardt Contabilidade\",\"description\":\"Contabilidade em Santa Catarina\",\"publisher\":{\"@id\":\"https:\/\/mainhardt.com.br\/contabilidade\/#organization\"},\"potentialAction\":[{\"@type\":\"SearchAction\",\"target\":{\"@type\":\"EntryPoint\",\"urlTemplate\":\"https:\/\/mainhardt.com.br\/contabilidade\/?s={search_term_string}\"},\"query-input\":\"required name=search_term_string\"}],\"inLanguage\":\"pt-BR\"},{\"@type\":\"Organization\",\"@id\":\"https:\/\/mainhardt.com.br\/contabilidade\/#organization\",\"name\":\"Mainhardt Contabilidade\",\"url\":\"https:\/\/mainhardt.com.br\/contabilidade\/\",\"sameAs\":[],\"logo\":{\"@type\":\"ImageObject\",\"inLanguage\":\"pt-BR\",\"@id\":\"https:\/\/mainhardt.com.br\/contabilidade\/#\/schema\/logo\/image\/\",\"url\":\"https:\/\/mainhardt.com.br\/contabilidade\/wp-content\/uploads\/2022\/08\/Novo-Projeto-10.png\",\"contentUrl\":\"https:\/\/mainhardt.com.br\/contabilidade\/wp-content\/uploads\/2022\/08\/Novo-Projeto-10.png\",\"width\":170,\"height\":60,\"caption\":\"Mainhardt Contabilidade\"},\"image\":{\"@id\":\"https:\/\/mainhardt.com.br\/contabilidade\/#\/schema\/logo\/image\/\"}},{\"@type\":\"Person\",\"@id\":\"https:\/\/mainhardt.com.br\/contabilidade\/#\/schema\/person\/fbae9da6eebfcbf5302053bba49451b5\",\"name\":\"su.wp\",\"image\":{\"@type\":\"ImageObject\",\"inLanguage\":\"pt-BR\",\"@id\":\"https:\/\/mainhardt.com.br\/contabilidade\/#\/schema\/person\/image\/\",\"url\":\"https:\/\/secure.gravatar.com\/avatar\/4660c4d944a5ce7de85f33ede443a76d3abfdf976c7c53c8b98877a5a0a8870f?s=96&d=mm&r=g\",\"contentUrl\":\"https:\/\/secure.gravatar.com\/avatar\/4660c4d944a5ce7de85f33ede443a76d3abfdf976c7c53c8b98877a5a0a8870f?s=96&d=mm&r=g\",\"caption\":\"su.wp\"},\"sameAs\":[\"http:\/\/wptemplate.dev.com\"],\"url\":\"https:\/\/mainhardt.com.br\/contabilidade\/author\/su-wp\/\"}]}<\/script>\n<!-- \/ Yoast SEO plugin. -->","yoast_head_json":{"title":"Contribuintes j\u00e1 podem enviar Declara\u00e7\u00e3o do Imposto de Renda 2022 - Mainhardt Contabilidade","robots":{"index":"index","follow":"follow","max-snippet":"max-snippet:-1","max-image-preview":"max-image-preview:large","max-video-preview":"max-video-preview:-1"},"canonical":"https:\/\/mainhardt.com.br\/contabilidade\/contribuintes-ja-podem-enviar-declaracao-do-imposto-de-renda-2022\/","og_locale":"pt_BR","og_type":"article","og_title":"Contribuintes j\u00e1 podem enviar Declara\u00e7\u00e3o do Imposto de Renda 2022 - Mainhardt Contabilidade","og_description":"A Receira Federal j\u00e1 est\u00e1 recebendo a declara\u00e7\u00e3o do Imposto de Renda Pessoa F\u00edsica (IRPF) deste ano, referente ao ano-base de 2021. O servi\u00e7o foi liberado pelo Governo Federal, no \u00faltimo dia 07\/03. A estimativa da Receita Federal \u00e9 de que 31,7 milh\u00f5es de contribuintes enviem a declara\u00e7\u00e3o neste ano. A declara\u00e7\u00e3o \u00e9 obrigat\u00f3ria para [&hellip;]","og_url":"https:\/\/mainhardt.com.br\/contabilidade\/contribuintes-ja-podem-enviar-declaracao-do-imposto-de-renda-2022\/","og_site_name":"Mainhardt Contabilidade","article_published_time":"2022-03-16T18:34:15+00:00","article_modified_time":"2022-09-19T21:14:41+00:00","og_image":[{"width":2560,"height":1707,"url":"http:\/\/mainhardt.com.br\/contabilidade\/wp-content\/uploads\/2022\/08\/closeup-hand-businessman-using-smart-phone-laptop-with-email-icon-scaled-1.jpg","type":"image\/jpeg"}],"author":"su.wp","twitter_card":"summary_large_image","twitter_misc":{"Escrito por":"su.wp","Est. tempo de leitura":"3 minutos"},"schema":{"@context":"https:\/\/schema.org","@graph":[{"@type":"Article","@id":"https:\/\/mainhardt.com.br\/contabilidade\/contribuintes-ja-podem-enviar-declaracao-do-imposto-de-renda-2022\/#article","isPartOf":{"@id":"https:\/\/mainhardt.com.br\/contabilidade\/contribuintes-ja-podem-enviar-declaracao-do-imposto-de-renda-2022\/"},"author":{"name":"su.wp","@id":"https:\/\/mainhardt.com.br\/contabilidade\/#\/schema\/person\/fbae9da6eebfcbf5302053bba49451b5"},"headline":"Contribuintes j\u00e1 podem enviar Declara\u00e7\u00e3o do Imposto de Renda 2022","datePublished":"2022-03-16T18:34:15+00:00","dateModified":"2022-09-19T21:14:41+00:00","mainEntityOfPage":{"@id":"https:\/\/mainhardt.com.br\/contabilidade\/contribuintes-ja-podem-enviar-declaracao-do-imposto-de-renda-2022\/"},"wordCount":406,"commentCount":0,"publisher":{"@id":"https:\/\/mainhardt.com.br\/contabilidade\/#organization"},"keywords":["IR","IRPF","IRPF2022","Imposto de Renda","Le\u00e3o","Declara\u00e7\u00e3o de Renda"],"articleSection":["IRPF 2022"],"inLanguage":"pt-BR","potentialAction":[{"@type":"CommentAction","name":"Comment","target":["https:\/\/mainhardt.com.br\/contabilidade\/contribuintes-ja-podem-enviar-declaracao-do-imposto-de-renda-2022\/#respond"]}]},{"@type":"WebPage","@id":"https:\/\/mainhardt.com.br\/contabilidade\/contribuintes-ja-podem-enviar-declaracao-do-imposto-de-renda-2022\/","url":"https:\/\/mainhardt.com.br\/contabilidade\/contribuintes-ja-podem-enviar-declaracao-do-imposto-de-renda-2022\/","name":"Contribuintes j\u00e1 podem enviar Declara\u00e7\u00e3o do Imposto de Renda 2022 - Mainhardt Contabilidade","isPartOf":{"@id":"https:\/\/mainhardt.com.br\/contabilidade\/#website"},"datePublished":"2022-03-16T18:34:15+00:00","dateModified":"2022-09-19T21:14:41+00:00","breadcrumb":{"@id":"https:\/\/mainhardt.com.br\/contabilidade\/contribuintes-ja-podem-enviar-declaracao-do-imposto-de-renda-2022\/#breadcrumb"},"inLanguage":"pt-BR","potentialAction":[{"@type":"ReadAction","target":["https:\/\/mainhardt.com.br\/contabilidade\/contribuintes-ja-podem-enviar-declaracao-do-imposto-de-renda-2022\/"]}]},{"@type":"BreadcrumbList","@id":"https:\/\/mainhardt.com.br\/contabilidade\/contribuintes-ja-podem-enviar-declaracao-do-imposto-de-renda-2022\/#breadcrumb","itemListElement":[{"@type":"ListItem","position":1,"name":"In\u00edcio","item":"https:\/\/mainhardt.com.br\/contabilidade\/"},{"@type":"ListItem","position":2,"name":"Contribuintes j\u00e1 podem enviar Declara\u00e7\u00e3o do Imposto de Renda 2022"}]},{"@type":"WebSite","@id":"https:\/\/mainhardt.com.br\/contabilidade\/#website","url":"https:\/\/mainhardt.com.br\/contabilidade\/","name":"Mainhardt Contabilidade","description":"Contabilidade em Santa Catarina","publisher":{"@id":"https:\/\/mainhardt.com.br\/contabilidade\/#organization"},"potentialAction":[{"@type":"SearchAction","target":{"@type":"EntryPoint","urlTemplate":"https:\/\/mainhardt.com.br\/contabilidade\/?s={search_term_string}"},"query-input":"required name=search_term_string"}],"inLanguage":"pt-BR"},{"@type":"Organization","@id":"https:\/\/mainhardt.com.br\/contabilidade\/#organization","name":"Mainhardt Contabilidade","url":"https:\/\/mainhardt.com.br\/contabilidade\/","sameAs":[],"logo":{"@type":"ImageObject","inLanguage":"pt-BR","@id":"https:\/\/mainhardt.com.br\/contabilidade\/#\/schema\/logo\/image\/","url":"https:\/\/mainhardt.com.br\/contabilidade\/wp-content\/uploads\/2022\/08\/Novo-Projeto-10.png","contentUrl":"https:\/\/mainhardt.com.br\/contabilidade\/wp-content\/uploads\/2022\/08\/Novo-Projeto-10.png","width":170,"height":60,"caption":"Mainhardt Contabilidade"},"image":{"@id":"https:\/\/mainhardt.com.br\/contabilidade\/#\/schema\/logo\/image\/"}},{"@type":"Person","@id":"https:\/\/mainhardt.com.br\/contabilidade\/#\/schema\/person\/fbae9da6eebfcbf5302053bba49451b5","name":"su.wp","image":{"@type":"ImageObject","inLanguage":"pt-BR","@id":"https:\/\/mainhardt.com.br\/contabilidade\/#\/schema\/person\/image\/","url":"https:\/\/secure.gravatar.com\/avatar\/4660c4d944a5ce7de85f33ede443a76d3abfdf976c7c53c8b98877a5a0a8870f?s=96&d=mm&r=g","contentUrl":"https:\/\/secure.gravatar.com\/avatar\/4660c4d944a5ce7de85f33ede443a76d3abfdf976c7c53c8b98877a5a0a8870f?s=96&d=mm&r=g","caption":"su.wp"},"sameAs":["http:\/\/wptemplate.dev.com"],"url":"https:\/\/mainhardt.com.br\/contabilidade\/author\/su-wp\/"}]}},"_links":{"self":[{"href":"https:\/\/mainhardt.com.br\/contabilidade\/wp-json\/wp\/v2\/posts\/927","targetHints":{"allow":["GET"]}}],"collection":[{"href":"https:\/\/mainhardt.com.br\/contabilidade\/wp-json\/wp\/v2\/posts"}],"about":[{"href":"https:\/\/mainhardt.com.br\/contabilidade\/wp-json\/wp\/v2\/types\/post"}],"author":[{"embeddable":true,"href":"https:\/\/mainhardt.com.br\/contabilidade\/wp-json\/wp\/v2\/users\/1"}],"replies":[{"embeddable":true,"href":"https:\/\/mainhardt.com.br\/contabilidade\/wp-json\/wp\/v2\/comments?post=927"}],"version-history":[{"count":1,"href":"https:\/\/mainhardt.com.br\/contabilidade\/wp-json\/wp\/v2\/posts\/927\/revisions"}],"predecessor-version":[{"id":928,"href":"https:\/\/mainhardt.com.br\/contabilidade\/wp-json\/wp\/v2\/posts\/927\/revisions\/928"}],"wp:featuredmedia":[{"embeddable":true,"href":"https:\/\/mainhardt.com.br\/contabilidade\/wp-json\/wp\/v2\/media\/1853"}],"wp:attachment":[{"href":"https:\/\/mainhardt.com.br\/contabilidade\/wp-json\/wp\/v2\/media?parent=927"}],"wp:term":[{"taxonomy":"category","embeddable":true,"href":"https:\/\/mainhardt.com.br\/contabilidade\/wp-json\/wp\/v2\/categories?post=927"},{"taxonomy":"post_tag","embeddable":true,"href":"https:\/\/mainhardt.com.br\/contabilidade\/wp-json\/wp\/v2\/tags?post=927"}],"curies":[{"name":"wp","href":"https:\/\/api.w.org\/{rel}","templated":true}]}}